{"id":153054,"date":"2025-10-02T16:06:12","date_gmt":"2025-10-02T16:06:12","guid":{"rendered":"https:\/\/www.europesays.com\/es\/153054\/"},"modified":"2025-10-02T16:06:12","modified_gmt":"2025-10-02T16:06:12","slug":"monfils-anuncia-que-2026-sera-su-ultima-temporada-en-el-atp-tour-atp-tour","status":"publish","type":"post","link":"https:\/\/www.europesays.com\/es\/153054\/","title":{"rendered":"Monfils anuncia que 2026 ser\u00e1 su \u00faltima temporada en el ATP Tour | ATP Tour"},"content":{"rendered":"<p>        Noticias De Jugadores<br \/>\n    Monfils anuncia que 2026 ser\u00e1 su \u00faltima temporada en el ATP Tour<\/p>\n<p>El franc\u00e9s, de 39 a\u00f1os, ha ganado 13 t\u00edtulos en el ATP Tour<\/p>\n<p>October 01, 2025<\/p>\n<p>            <img decoding=\"async\" src=\"https:\/\/www.europesays.com\/es\/wp-content\/uploads\/2025\/10\/monfils-indian-wells-2025-backhand.jpg\" alt=\"Gael Monfils alcanz\u00f3 la posici\u00f3n m\u00e1s alta de su carrera como No. 6 del PIF ATP Rankings.\"\/><\/p>\n<p>Peter Staples\/ATP Tour<\/p>\n<p>        Gael Monfils alcanz\u00f3 la posici\u00f3n m\u00e1s alta de su carrera como No. 6 del PIF ATP Rankings.<br \/>\n        By Redacci\u00f3n ATP <\/p>\n<p><a href=\"https:\/\/www.atptour.com\/es\/players\/gael-monfils\/mc65\/overview\" rel=\"nofollow noopener\" target=\"_blank\">Gael Monfils<\/a> ha anunciado que se retirar\u00e1 del tenis profesional al cierre de la temporada 2026.<\/p>\n<p>Una de las estrellas m\u00e1s queridas y carism\u00e1ticas del ATP Tour desde su debut en 2004, el franc\u00e9s ha levantado 13 t\u00edtulos individuales y escal\u00f3 hasta su posici\u00f3n m\u00e1s alta como No. 6 del PIF ATP Rankings en 2016. En una publicaci\u00f3n en redes sociales este mi\u00e9rcoles, el franc\u00e9s explic\u00f3 su decisi\u00f3n de retirarse al terminar el pr\u00f3ximo a\u00f1o.<\/p>\n<p>\u00abLa primera vez que sujet\u00e9 una raqueta en mis manos ten\u00eda dos a\u00f1os y medio, empec\u00e9 a jugar como profesional a los 18\u00bb, escribi\u00f3. \u00abAhora, tras celebrar mi 39\u00ba cumplea\u00f1os hace apenas un mes, me gustar\u00eda informaros de que el pr\u00f3ximo a\u00f1o ser\u00e1 mi \u00faltimo como tenista profesional\u00bb.<\/p>\n<p>\u00abLa oportunidad de convertir mi pasi\u00f3n en una profesi\u00f3n es un privilegio que he valorado en cada partido y momento vivido en estos 21 a\u00f1os de carrera. Aunque este deporte lo significa todo para m\u00ed, me siento completamente en paz con la decisi\u00f3n de retirarme al final de la temporada 2026\u00bb.<\/p>\n<blockquote class=\"twitter-tweet\">\n<p lang=\"en\" dir=\"ltr\">I\u2019ve got something to share with you. <a href=\"https:\/\/t.co\/pBGh58O6pg\" rel=\"nofollow\">pic.twitter.com\/pBGh58O6pg<\/a><\/p>\n<p>\u2014 <a href=\"https:\/\/www.atptour.com\/es\/players\/gael-monfils\/mc65\/overview\" rel=\"nofollow noopener\" target=\"_blank\">Gael Monfils<\/a> (@Gael_Monfils) <a href=\"https:\/\/twitter.com\/Gael_Monfils\/status\/1973266950450192901?ref_src=twsrc%5Etfw\" rel=\"nofollow noopener\" target=\"_blank\">October 1, 2025<\/a><\/p><\/blockquote>\n<p>Incluso en su 22\u00ba a\u00f1o como profesional, Monfils ha seguido siendo candidato a ganar t\u00edtulos en el ATP Tour. El franc\u00e9s registra un balance de 18-15 en la temporada 2025, seg\u00fan el \u00cdndice Infosys ATP Victorias\/Derrotas, un historial en el que destaca el trofeo levantado en Auckland en la primera semana del a\u00f1o. En la publicaci\u00f3n tuvo palabras de agradecimiento para los miembros de su equipo, para la Federaci\u00f3n Francesa de Tenis, para sus compa\u00f1eros, sus padres, su esposa, la estrella WTA Elina Svitolina, y su hija Skai.<\/p>\n<p>\u00abCuando amas algo de forma tan intensa, nunca parece haber un buen momento para decir adi\u00f3s\u00bb, escribi\u00f3 Monfils. \u00abPero los 40 parecen el momento correcto para m\u00ed. Por supuesto, ganar un t\u00edtulo m\u00e1s antes de retirarme ser\u00eda algo incre\u00edble. Pero, siendo sincero, mi \u00fanico objetivo real para el a\u00f1o que viene es sencillo\u00bb.<\/p>\n<p>\u00abIntentar disfrutar cada minuto y jugar cada partido como si fuese el \u00faltimo\u00bb.<\/p>\n<p><script async src=\"https:\/\/platform.twitter.com\/widgets.js\" charset=\"utf-8\"><\/script><\/p>\n","protected":false},"excerpt":{"rendered":"Noticias De Jugadores Monfils anuncia que 2026 ser\u00e1 su \u00faltima temporada en el ATP Tour El franc\u00e9s, de&hellip;\n","protected":false},"author":2,"featured_media":153055,"comment_status":"","ping_status":"","sticky":false,"template":"","format":"standard","meta":{"footnotes":""},"categories":[274],"tags":[168,25,24,23,167,327,326],"class_list":{"0":"post-153054","1":"post","2":"type-post","3":"status-publish","4":"format-standard","5":"has-post-thumbnail","7":"category-tenis","8":"tag-deportes","9":"tag-es","10":"tag-espana","11":"tag-spain","12":"tag-sports","13":"tag-tenis","14":"tag-tennis"},"share_on_mastodon":{"url":"","error":""},"_links":{"self":[{"href":"https:\/\/www.europesays.com\/es\/wp-json\/wp\/v2\/posts\/153054","targetHints":{"allow":["GET"]}}],"collection":[{"href":"https:\/\/www.europesays.com\/es\/wp-json\/wp\/v2\/posts"}],"about":[{"href":"https:\/\/www.europesays.com\/es\/wp-json\/wp\/v2\/types\/post"}],"author":[{"embeddable":true,"href":"https:\/\/www.europesays.com\/es\/wp-json\/wp\/v2\/users\/2"}],"replies":[{"embeddable":true,"href":"https:\/\/www.europesays.com\/es\/wp-json\/wp\/v2\/comments?post=153054"}],"version-history":[{"count":0,"href":"https:\/\/www.europesays.com\/es\/wp-json\/wp\/v2\/posts\/153054\/revisions"}],"wp:featuredmedia":[{"embeddable":true,"href":"https:\/\/www.europesays.com\/es\/wp-json\/wp\/v2\/media\/153055"}],"wp:attachment":[{"href":"https:\/\/www.europesays.com\/es\/wp-json\/wp\/v2\/media?parent=153054"}],"wp:term":[{"taxonomy":"category","embeddable":true,"href":"https:\/\/www.europesays.com\/es\/wp-json\/wp\/v2\/categories?post=153054"},{"taxonomy":"post_tag","embeddable":true,"href":"https:\/\/www.europesays.com\/es\/wp-json\/wp\/v2\/tags?post=153054"}],"curies":[{"name":"wp","href":"https:\/\/api.w.org\/{rel}","templated":true}]}}