{"id":153058,"date":"2025-10-02T16:08:08","date_gmt":"2025-10-02T16:08:08","guid":{"rendered":"https:\/\/www.europesays.com\/es\/153058\/"},"modified":"2025-10-02T16:08:08","modified_gmt":"2025-10-02T16:08:08","slug":"el-gran-premio-de-baku-2025-recibe-13-000-visitantes-con-mejoras-de-seguridad-y-capacidad-para-la-f1","status":"publish","type":"post","link":"https:\/\/www.europesays.com\/es\/153058\/","title":{"rendered":"El Gran Premio de Bak\u00fa 2025 recibe 13.000 visitantes con mejoras de seguridad y capacidad para la F1"},"content":{"rendered":"<p>\n  Por&amp;nbsp<b>Euronews<\/b>\n<\/p>\n<p>\n                    Publicado                 02\/10\/2025 &#8211; 15:00 CEST<br \/>\n                \u2022Ultima actualizaci\u00f3n<br \/>\n                                     17:51\n                                        <\/p>\n<p>          <img decoding=\"async\" class=\"c-ad__placeholder__logo\" src=\"https:\/\/static.euronews.com\/website\/images\/logos\/logo-euronews-stacked-outlined-72x72-grey-9.svg\" width=\"72\" height=\"72\" alt=\"\" loading=\"lazy\"\/><br \/>\n          PUBLICIDAD<\/p>\n<p>El Gran Premio de F\u00f3rmula 1 de Bak\u00fa 2025 atrajo a unos 13.000 visitantes de Europa, Am\u00e9rica, Asia y Oriente Medio.<\/p>\n<p>El circuito urbano, conocido por combinar algunas de las rectas m\u00e1s r\u00e1pidas de la F1 y las curvas m\u00e1s estrechas, volvi\u00f3 a ofrecer resultados impredecibles.\u00a0<\/p>\n<p>Los organizadores introdujeron barreras de seguridad mejoradas que redujeron el tiempo de instalaci\u00f3n de siete a cinco semanas y permitieron una r\u00e1pida retirada en un plazo de 12 horas para restablecer el tr\u00e1fico en la ciudad. Adem\u00e1s, dos nuevas gradas aumentaron la capacidad a m\u00e1s de 20.000 asientos. Bak\u00fa refuerza as\u00ed su posici\u00f3n como una parada se\u00f1alada en el calendario mundial de la F\u00f3rmula 1.\u00a0<\/p>\n","protected":false},"excerpt":{"rendered":"Por&amp;nbspEuronews Publicado 02\/10\/2025 &#8211; 15:00 CEST \u2022Ultima actualizaci\u00f3n 17:51 PUBLICIDAD El Gran Premio de F\u00f3rmula 1 de Bak\u00fa&hellip;\n","protected":false},"author":2,"featured_media":153059,"comment_status":"","ping_status":"","sticky":false,"template":"","format":"standard","meta":{"footnotes":""},"categories":[270],"tags":[17707,36481,168,25,24,306,271,272,2306,585,23,167],"class_list":{"0":"post-153058","1":"post","2":"type-post","3":"status-publish","4":"format-standard","5":"has-post-thumbnail","7":"category-formula-1","8":"tag-azerbaiyan","9":"tag-baku","10":"tag-deportes","11":"tag-es","12":"tag-espana","13":"tag-f1","14":"tag-formula-1","15":"tag-formula1","16":"tag-gran-premio","17":"tag-seguridad","18":"tag-spain","19":"tag-sports"},"share_on_mastodon":{"url":"","error":""},"_links":{"self":[{"href":"https:\/\/www.europesays.com\/es\/wp-json\/wp\/v2\/posts\/153058","targetHints":{"allow":["GET"]}}],"collection":[{"href":"https:\/\/www.europesays.com\/es\/wp-json\/wp\/v2\/posts"}],"about":[{"href":"https:\/\/www.europesays.com\/es\/wp-json\/wp\/v2\/types\/post"}],"author":[{"embeddable":true,"href":"https:\/\/www.europesays.com\/es\/wp-json\/wp\/v2\/users\/2"}],"replies":[{"embeddable":true,"href":"https:\/\/www.europesays.com\/es\/wp-json\/wp\/v2\/comments?post=153058"}],"version-history":[{"count":0,"href":"https:\/\/www.europesays.com\/es\/wp-json\/wp\/v2\/posts\/153058\/revisions"}],"wp:featuredmedia":[{"embeddable":true,"href":"https:\/\/www.europesays.com\/es\/wp-json\/wp\/v2\/media\/153059"}],"wp:attachment":[{"href":"https:\/\/www.europesays.com\/es\/wp-json\/wp\/v2\/media?parent=153058"}],"wp:term":[{"taxonomy":"category","embeddable":true,"href":"https:\/\/www.europesays.com\/es\/wp-json\/wp\/v2\/categories?post=153058"},{"taxonomy":"post_tag","embeddable":true,"href":"https:\/\/www.europesays.com\/es\/wp-json\/wp\/v2\/tags?post=153058"}],"curies":[{"name":"wp","href":"https:\/\/api.w.org\/{rel}","templated":true}]}}