{"id":153060,"date":"2025-10-02T16:09:12","date_gmt":"2025-10-02T16:09:12","guid":{"rendered":"https:\/\/www.europesays.com\/es\/153060\/"},"modified":"2025-10-02T16:09:12","modified_gmt":"2025-10-02T16:09:12","slug":"galbiati-necesitamos-aumentar-la-quimica","status":"publish","type":"post","link":"https:\/\/www.europesays.com\/es\/153060\/","title":{"rendered":"Galbiati: \u00abNecesitamos aumentar la qu\u00edmica\u00bb"},"content":{"rendered":"<p>\n        <a href=\"https:\/\/www.noticiasdealava.eus\/baskonia\/2025\/09\/30\/estilo-galbiati-baskonia-olympiacos-buesa-arena-10151800.html\" title=\"Paolo Galbiati\" target=\"_blank\" class=\"link copy\" rel=\"nofollow noopener\">Paolo Galbiati <\/a>ha ofrecido la previa de la segunda jornada de la Euroliga que conducir\u00e1 al Baskonia hasta Lyon, <strong>en teor\u00eda uno de los desplazamientos m\u00e1s asequibles<\/strong> al esperar un Asvel con menos fuste y pedigr\u00ed que otros rivales continentales.\n<\/p>\n<p class=\"article-body__text \">\n        El t\u00e9cnico italiano tiene claro que <strong>el Baskonia debe mejorar \u00aben muchas \u00e1reas\u00bb<\/strong> porque, a su juicio, \u00abnos falta qu\u00edmica y entrenamiento durante esta primera parte de la temporada\u00bb.\n<\/p>\n<p class=\"article-body__text \">\n        \u00ab<strong>Estoy apreciando realmente el esfuerzo, la energ\u00eda y el comportamiento de los jugadores en la pista<\/strong>\u00ab, agradeci\u00f3 Galbiati, consciente de que el conjunto vitoriano se halla dentro de \u00abun proceso\u00bb.\n<\/p>\n<p>            <a href=\"https:\/\/www.noticiasdealava.eus\/baskonia\/2025\/10\/02\/baskonia-recupera-diakite-asvel-euroliga-10158498.html\" title=\"El Baskonia recupera a Diakite ante el Asvel\" class=\"new__media\" rel=\"nofollow noopener\" target=\"_blank\"><\/p>\n<p>                <img alt=\"El Baskonia recupera a Diakite ante el Asvel\" data-src=\"https:\/\/www.europesays.com\/es\/wp-content\/uploads\/2025\/10\/344018a3-8c73-4eb4-ab00-04d0b756c317_16-9-aspect-ratio_default_0_x922y30.jpg\" class=\"lozad\"\/><\/p>\n<p>        <\/a><\/p>\n<p>        <a href=\"https:\/\/www.noticiasdealava.eus\/baskonia\/2025\/10\/02\/baskonia-recupera-diakite-asvel-euroliga-10158498.html\" title=\"El Baskonia recupera a Diakite ante el Asvel\" class=\"new__headline\" rel=\"nofollow noopener\" target=\"_blank\"><br \/>\n            El Baskonia recupera a Diakite ante el Asvel<br \/>\n        <\/a><\/p>\n<p>            <a href=\"https:\/\/www.noticiasdealava.eus\/baskonia\/2025\/10\/02\/heurtel-pierde-reencuentro-exequipo-10159933.html\" title=\"Heurtel se pierde el reencuentro con su exequipo\" class=\"new__media\" rel=\"nofollow noopener\" target=\"_blank\"><\/p>\n<p>                <img alt=\"Heurtel se pierde el reencuentro con su exequipo\" data-src=\"https:\/\/www.europesays.com\/es\/wp-content\/uploads\/2025\/10\/12c52741-dde2-42b4-8446-51fa739aa302_16-9-aspect-ratio_default_0.jpg\" class=\"lozad\"\/><\/p>\n<p>        <\/a><\/p>\n<p>        <a href=\"https:\/\/www.noticiasdealava.eus\/baskonia\/2025\/10\/02\/heurtel-pierde-reencuentro-exequipo-10159933.html\" title=\"Heurtel se pierde el reencuentro con su exequipo\" class=\"new__headline\" rel=\"nofollow noopener\" target=\"_blank\"><br \/>\n            Heurtel se pierde el reencuentro con su exequipo<br \/>\n        <\/a><\/p>\n<p class=\"article-photo__footer\">\n            Galbiati con Nowell durante el Baskonia &#8211; Olympiacos en el Buesa Arena            DNA        <\/p>\n<p class=\"article-body__text \">\n        \u00abNo tenemos prisa pero hay que seguir trabajando duro e <strong>intentando crear el mejor grupo posible<\/strong>\u00ab, valor\u00f3. Tras subrayar que ante el Asvel necesitar\u00e1n imponer \u00absu ritmo y estilo\u00bb con el fin de llevarse la victoria, Galbiati desvel\u00f3 que mantuvieron <strong>\u00abuna buena reuni\u00f3n\u00bb <\/strong>tras el partido ante el Olympiacos.\n<\/p>\n<blockquote class=\"twitter-tweet\" data-lang=\"es\" wp_automatic_readability=\"5.2673267326733\">\n<p lang=\"es\" dir=\"ltr\">\u00abNosotros necesitamos ir a Francia, imponer nuestro ritmo y estilo.\u00bb  <\/p>\n<p>\u270d\ufe0f Paolo Galbiati<\/p>\n<p>Previa completa:  <a href=\"https:\/\/t.co\/oFGrGOYBPW\" rel=\"nofollow\">https:\/\/t.co\/oFGrGOYBPW<\/a> <a href=\"https:\/\/t.co\/oxmhKaU6cw\" rel=\"nofollow\">pic.twitter.com\/oxmhKaU6cw<\/a><\/p>\n<p>\u2014 Baskonia (@Baskonia) <a href=\"https:\/\/twitter.com\/Baskonia\/status\/1973704765067653531?ref_src=twsrc%5Etfw\" rel=\"nofollow noopener\" target=\"_blank\">2 de octubre de 2025<\/a><\/p><\/blockquote>\n<p>        \u00abSe puede mejorar en la comunicaci\u00f3n, y la forma en la que todos los jugadores se acepten entre ellos. Todos deben empezar a entender las mejores habilidades de los compa\u00f1eros y las debilidades. Deben tratar de ensalzar lo mejor y cubrir esa debilidad\u00bb<\/p>\n<p class=\"article-quote__author\">Paolo Galbiati &#8211; Entrenador del Baskonia<\/p>\n<p class=\"article-body__text \">\n        \u00abHablamos sobre el juego y <strong>fue una frustraci\u00f3n positiva porque los jugadores han entendido lo que pas\u00f3<\/strong> y las sensaciones fueron buenas. <strong>Necesitamos aumentar nuestra qu\u00edmica<\/strong>. Se puede mejorar en la comunicaci\u00f3n, y la forma en la que todos los jugadores se acepten entre ellos. Todos tienen que empezar a entender las mejores habilidades de los compa\u00f1eros y las debilidades. Deben tratar de ensalzar lo mejor y cubrir esa debilidad\u00bb, sostuvo Galbiati.\n<\/p>\n<p class=\"article-body__text \">\n        Adem\u00e1s de confirmar el regreso de Mamadi Diakite ante el Asvel, el t\u00e9cnico baskonista tambi\u00e9n augur\u00f3 que<strong> la reaparici\u00f3n de Rodions Kurucs tambi\u00e9n puede producirse en un corto plazo de tiempo<\/strong>.\n<\/p>\n<p>            <script async src=\"https:\/\/platform.twitter.com\/widgets.js\" charset=\"utf-8\"><\/script><\/p>\n","protected":false},"excerpt":{"rendered":"Paolo Galbiati ha ofrecido la previa de la segunda jornada de la Euroliga que conducir\u00e1 al Baskonia hasta&hellip;\n","protected":false},"author":2,"featured_media":153061,"comment_status":"","ping_status":"","sticky":false,"template":"","format":"standard","meta":{"footnotes":""},"categories":[269],"tags":[6209,299,298,4714,168,25,24,46168,17490,36003,650,23,167],"class_list":{"0":"post-153060","1":"post","2":"type-post","3":"status-publish","4":"format-standard","5":"has-post-thumbnail","7":"category-baloncesto","8":"tag-aumentar","9":"tag-baloncesto","10":"tag-basketball","11":"tag-baskonia","12":"tag-deportes","13":"tag-es","14":"tag-espana","15":"tag-euroliga-asvel","16":"tag-galbiati","17":"tag-necesitamos","18":"tag-quimica","19":"tag-spain","20":"tag-sports"},"share_on_mastodon":{"url":"","error":""},"_links":{"self":[{"href":"https:\/\/www.europesays.com\/es\/wp-json\/wp\/v2\/posts\/153060","targetHints":{"allow":["GET"]}}],"collection":[{"href":"https:\/\/www.europesays.com\/es\/wp-json\/wp\/v2\/posts"}],"about":[{"href":"https:\/\/www.europesays.com\/es\/wp-json\/wp\/v2\/types\/post"}],"author":[{"embeddable":true,"href":"https:\/\/www.europesays.com\/es\/wp-json\/wp\/v2\/users\/2"}],"replies":[{"embeddable":true,"href":"https:\/\/www.europesays.com\/es\/wp-json\/wp\/v2\/comments?post=153060"}],"version-history":[{"count":0,"href":"https:\/\/www.europesays.com\/es\/wp-json\/wp\/v2\/posts\/153060\/revisions"}],"wp:featuredmedia":[{"embeddable":true,"href":"https:\/\/www.europesays.com\/es\/wp-json\/wp\/v2\/media\/153061"}],"wp:attachment":[{"href":"https:\/\/www.europesays.com\/es\/wp-json\/wp\/v2\/media?parent=153060"}],"wp:term":[{"taxonomy":"category","embeddable":true,"href":"https:\/\/www.europesays.com\/es\/wp-json\/wp\/v2\/categories?post=153060"},{"taxonomy":"post_tag","embeddable":true,"href":"https:\/\/www.europesays.com\/es\/wp-json\/wp\/v2\/tags?post=153060"}],"curies":[{"name":"wp","href":"https:\/\/api.w.org\/{rel}","templated":true}]}}