{"id":153062,"date":"2025-10-02T16:10:08","date_gmt":"2025-10-02T16:10:08","guid":{"rendered":"https:\/\/www.europesays.com\/es\/153062\/"},"modified":"2025-10-02T16:10:08","modified_gmt":"2025-10-02T16:10:08","slug":"copa-del-rey-equipos-asturianos","status":"publish","type":"post","link":"https:\/\/www.europesays.com\/es\/153062\/","title":{"rendered":"COPA DEL REY EQUIPOS ASTURIANOS"},"content":{"rendered":"<p class=\"ft-text ft-helper-closenews\">Este pr\u00f3ximo lunes 6 de octubre, a partir de las 13:00 horas, se llevar\u00e1 a cabo el sorteo de la primera ronda de la <strong>Copa del Rey.<\/strong> Un sorteo que llega con importantes novedades respecto a temporadas anteriores y que, si todo va bien, contar\u00e1 con la presencia de hasta seis equipos asturianos. <strong>Real Oviedo, Sporting de Gij\u00f3n, Real Avil\u00e9s, Langreo y Caudal Deportivo ya est\u00e1n clasificados<\/strong>. A ellos espera acompa\u00f1arlos el <strong>Puerto de Vega<\/strong>, que tras vencer por 4-0 en la ida, disputar\u00e1 este s\u00e1bado la vuelta ante el Alberite.\u00a0<\/p>\n<p class=\"ft-text\"><strong>El gran cambio en el sorteo reside en los criterios de emparejamiento<\/strong>, que en esta ocasi\u00f3n se realizar\u00e1n seg\u00fan criterios geogr\u00e1ficos, con el objetivo de facilitar y reducir los gastos de los desplazamientos a todos los equipos. De este modo, <strong>los 112 clubes han sido divididos en cuatro grandes grupos territoriales<\/strong> y los enfrentamientos se decidir\u00e1n dentro de cada bloque.\u00a0<\/p>\n<p class=\"ft-text\">Los equipos asturianos se enmarcan dentro del <strong>bloque 1<\/strong>, en el que hay cuatro equipos de Primera (Celta, Real Sociedad, Alav\u00e9s y <strong>Oviedo<\/strong>); ocho de Segunda (Valladolid, Mirand\u00e9s, Racing, \u00c9ibar, <strong>Sporting<\/strong>, Burgos, Deportivo y Cultural Leonesa); cinco de Primera Federaci\u00f3n (Racing Ferrol, Ponferradina, Pontevedra, <strong>Avil\u00e9s<\/strong> y Arenas Club); nueve de Segunda Federaci\u00f3n (Numancia, Real \u00c1vila, <strong>Langreo<\/strong>, SD Logro\u00f1\u00e9s, UD Logro\u00f1\u00e9s, UD Ourense, S\u00e1mano, Atl\u00e9tico Astorga y N\u00e1xara); y cuatro de Tercera (<strong>Caudal Deportivo<\/strong>, Tropez\u00f3n, Portugalete y Atl\u00e9tico Tordesillas). A ellos hay que sumarles el ganador de la Copa Federaci\u00f3n, el Ourense CF, y los cuatro ganadores de la eliminatoria previa (que saldr\u00e1n de los ganadores de ganadores del Getxo-Betis Valladolid, <strong>Puerto de Vega<\/strong>-Alberite y Textil Escudero-Negreira).\u00a0<\/p>\n<p>\u00bfPodr\u00eda haber un derbi asturiano?<\/p>\n<p class=\"ft-text\">En esta situaci\u00f3n, los enfrentamientos estar\u00e1n m\u00e1s condicionados y muchos se preguntan, \u00bfpodr\u00eda haber un derbi asturiano?<strong> La respuesta es no,<\/strong> al menos en la primera ronda, aunque en la segunda tambi\u00e9n parece complicado. Al igual que en temporadas anteriores, <strong>los equipos de inferior categor\u00eda disputar\u00e1n el duelo con la condici\u00f3n de local y se enfrentar\u00e1n a los mejores. <\/strong>En este caso, los clubes que acceden por la fase previa y el ganador de la Copa Federaci\u00f3n tienen asegurado enfrentarse a un club de Primera. De ah\u00ed saldr\u00e1 el rival del Oviedo, que <strong>podr\u00eda medirse al Puerto de Vega<\/strong> si consigue el pase.\u00a0<\/p>\n<p class=\"ft-text\">Por su parte, <strong>el Sporting de Gij\u00f3n podr\u00eda medirse a un rival de Segunda o Tercera Federaci\u00f3n.<\/strong> En esta \u00faltima solo hay cuatro equipos, entre los que est\u00e1 el Caudal, por lo que otros cuatro equipos de Segunda Divisi\u00f3n se medir\u00e1n a cuatro de Segunda Federaci\u00f3n, donde aparece el Langreo. El que s\u00ed que tiene confirmado la categor\u00eda de su rival es <strong>el Avil\u00e9s, que se enfrentar\u00e1 a un equipo de Segunda RFEF,<\/strong> pudiendo ser de nuevo el Langreo.\u00a0<\/p>\n<p class=\"ft-text\">De cara a la segunda ronda se mantiene los mismos criterios de emparejamiento, por lo que <strong>si Oviedo y Sporting consiguen el pase tendr\u00edan m\u00e1s posibilidades de enfrentarse.<\/strong> A\u00fan as\u00ed, los azules, al ser de Primera, se medir\u00e1n al equipo de inferior categor\u00eda, por lo que es muy poco probable que se enfrenten a un rival de la categor\u00eda de plata tan pronto.\u00a0<\/p>\n<p>\u00bfCu\u00e1ndo se disputar\u00e1 la primera ronda?<\/p>\n<p class=\"ft-text\">La primera eliminatoria se jugar\u00e1 a finales de este mes, los d\u00edas <strong>martes 28, mi\u00e9rcoles 29 y jueves 30 de octubre.\u00a0<\/strong>El sorteo se efectuar\u00e1 este lunes 6, a partir de las 13:00 horas, una vez se hayan confirmado todos los equipos presentes en esta primera ronda de la Copa.<\/p>\n<p data-close=\"closedContent\" class=\"subscribeHideForDisplay\">Suscr\u00edbete para seguir leyendo<\/p>\n","protected":false},"excerpt":{"rendered":"Este pr\u00f3ximo lunes 6 de octubre, a partir de las 13:00 horas, se llevar\u00e1 a cabo el sorteo&hellip;\n","protected":false},"author":2,"featured_media":153063,"comment_status":"","ping_status":"","sticky":false,"template":"","format":"standard","meta":{"footnotes":""},"categories":[268],"tags":[1838,2493,1941,168,46169,25,24,2500,280,282,6633,17437,46170,3302,5330,9251,281,23,167],"class_list":{"0":"post-153062","1":"post","2":"type-post","3":"status-publish","4":"format-standard","5":"has-post-thumbnail","7":"category-futbol","8":"tag-cambia","9":"tag-copa","10":"tag-copa-del-rey","11":"tag-deportes","12":"tag-derbi-asturiano","13":"tag-es","14":"tag-espana","15":"tag-federacion","16":"tag-football","17":"tag-futbol","18":"tag-haber","19":"tag-normas","20":"tag-puerto-de-vega","21":"tag-real-oviedo","22":"tag-rey","23":"tag-ronda","24":"tag-soccer","25":"tag-spain","26":"tag-sports"},"share_on_mastodon":{"url":"","error":""},"_links":{"self":[{"href":"https:\/\/www.europesays.com\/es\/wp-json\/wp\/v2\/posts\/153062","targetHints":{"allow":["GET"]}}],"collection":[{"href":"https:\/\/www.europesays.com\/es\/wp-json\/wp\/v2\/posts"}],"about":[{"href":"https:\/\/www.europesays.com\/es\/wp-json\/wp\/v2\/types\/post"}],"author":[{"embeddable":true,"href":"https:\/\/www.europesays.com\/es\/wp-json\/wp\/v2\/users\/2"}],"replies":[{"embeddable":true,"href":"https:\/\/www.europesays.com\/es\/wp-json\/wp\/v2\/comments?post=153062"}],"version-history":[{"count":0,"href":"https:\/\/www.europesays.com\/es\/wp-json\/wp\/v2\/posts\/153062\/revisions"}],"wp:featuredmedia":[{"embeddable":true,"href":"https:\/\/www.europesays.com\/es\/wp-json\/wp\/v2\/media\/153063"}],"wp:attachment":[{"href":"https:\/\/www.europesays.com\/es\/wp-json\/wp\/v2\/media?parent=153062"}],"wp:term":[{"taxonomy":"category","embeddable":true,"href":"https:\/\/www.europesays.com\/es\/wp-json\/wp\/v2\/categories?post=153062"},{"taxonomy":"post_tag","embeddable":true,"href":"https:\/\/www.europesays.com\/es\/wp-json\/wp\/v2\/tags?post=153062"}],"curies":[{"name":"wp","href":"https:\/\/api.w.org\/{rel}","templated":true}]}}