{"id":153066,"date":"2025-10-02T16:12:22","date_gmt":"2025-10-02T16:12:22","guid":{"rendered":"https:\/\/www.europesays.com\/es\/153066\/"},"modified":"2025-10-02T16:12:22","modified_gmt":"2025-10-02T16:12:22","slug":"el-misterio-de-como-se-tomo-la-fotografia-del-miliciano-de-robert-capa-continua-noventa-anos-despues-cultura","status":"publish","type":"post","link":"https:\/\/www.europesays.com\/es\/153066\/","title":{"rendered":"El misterio de c\u00f3mo se tom\u00f3 la fotograf\u00eda del miliciano de Robert Capa contin\u00faa noventa a\u00f1os despu\u00e9s | Cultura"},"content":{"rendered":"<p class=\"\"><a href=\"https:\/\/elpais.com\/noticias\/robert-capa\/\" target=\"_self\" rel=\"nofollow noopener\" title=\"https:\/\/elpais.com\/noticias\/robert-capa\/\">Robert Capa<\/a> (1913-1954) es el gran mito del fotoperiodismo de guerra. Fotografi\u00f3 la Guerra Civil, la II Guerra Mundial, la guerra chino-japonesa o la guerra de Indochina, donde perdi\u00f3 la vida. Siempre buscaba cumplir su m\u00e1xima: \u201cSi una foto no es suficientemente buena es porque no estabas lo suficientemente cerca\u201d. Tambi\u00e9n forj\u00f3 su leyenda gracias a su personalidad: don de gentes, humor ir\u00f3nico, vividor, bebedor, siempre con un cigarrillo en la mano o en la boca, perd\u00eda el mucho dinero que ganaba en timbas de p\u00f3quer que duraban hasta el amanecer. Casi siempre detr\u00e1s de una chica, fue novio de Ingrid Bergman. Un completo recorrido por sus dos d\u00e9cadas de trayectoria puede verse en la que sus organizadores anuncian como \u201cla mayor retrospectiva de Capa en Espa\u00f1a\u201d, en el C\u00edrculo de Bellas Artes, de Madrid.<\/p>\n<p class=\"\">La muestra, titulada <a href=\"https:\/\/www.circulobellasartes.com\/exposiciones\/robert-capa-icons\/\" target=\"_self\" rel=\"nofollow noopener\" title=\"https:\/\/www.circulobellasartes.com\/exposiciones\/robert-capa-icons\/\">Robert Capa. Icons<\/a>, coproducida con la empresa Sold Out, re\u00fane hasta el 25 de enero de 2026 m\u00e1s de 250 piezas, entre fotograf\u00edas, algunas de ellas originales reveladas por el propio Capa; peri\u00f3dicos y revistas que difundieron sus fotos, y objetos, como su m\u00e1quina de escribir o una de sus c\u00e1maras, una Leica de 1930. Todo procede de la agencia Magnum Photos y del fondo Golda Darty, una de las colecciones privadas m\u00e1s importantes del mundo sobre Capa.<\/p>\n<p>Fotogaler\u00eda<\/p>\n<p class=\"\">Sin embargo, el foco de la exhibici\u00f3n, al menos en su parada en Espa\u00f1a, est\u00e1 en las diferentes copias de la celeb\u00e9rrima foto Muerte de un miliciano, en la Guerra Civil. El comisario de la exposici\u00f3n, <a href=\"https:\/\/festivalrobertcapaestuvoaqui.es\/noticias\/un-espanol-de-nombre-michel-lefebvre-el-periodista-de-le-monde-es-el-hijo-de-un-militante-comunista-que-vivio-en-la-clandestinidad-hasta-la-muerte-de-franco\/\" target=\"_self\" rel=\"nofollow noopener\" title=\"https:\/\/festivalrobertcapaestuvoaqui.es\/noticias\/un-espanol-de-nombre-michel-lefebvre-el-periodista-de-le-monde-es-el-hijo-de-un-militante-comunista-que-vivio-en-la-clandestinidad-hasta-la-muerte-de-franco\/\">Michel Lefebvre<\/a>, que ha sido periodista en Le Monde, donde escrib\u00eda de historia contempor\u00e1nea, habl\u00f3 de las distintas hip\u00f3tesis de la foto: \u00bfes real o fue preparada? \u00bfD\u00f3nde se tom\u00f3? \u00bfQui\u00e9n era aquel miliciano? Noventa a\u00f1os despu\u00e9s \u201csigue siendo un misterio\u201d. \u201cEsta foto es La Gioconda del fotoperiodismo\u00bb.<\/p>\n<p><img fetchpriority=\"high\" decoding=\"auto\" class=\"_re  a_m-h\" height=\"413\"  width=\"414\" src=\"https:\/\/www.europesays.com\/es\/wp-content\/uploads\/2025\/10\/GDEWE3ATC5EPNC5YCOYWMWY4VA.jpg\" loading=\"eager\"\/>&#8216;Mujer en biquini&#8217;, Deauville, Franciae, agosto de 1951.\u00a9Robert Capa\/Centro Internacional de Fotograf\u00eda\/Magnum Photos.<img decoding=\"auto\" class=\"_re lazyload a_m-h\" height=\"278\"  width=\"414\" src=\"https:\/\/www.europesays.com\/es\/wp-content\/uploads\/2025\/10\/QXKWG3Y6RRBKZHDTSZMHB6PERE.jpg\" loading=\"lazy\"\/>Varios chinos observan una batalla entre los bombarderos japoneses y los aviones de combate chinos el d\u00eda del cumplea\u00f1os del emperador Hirohito, en Hankou, en la provincia de Hubei (China), el 29 de abril de 1938.\u00a9Robert Capa\/Centro Internacional de Fotograf\u00eda\/Magnum Photos.<img alt=\"Exposicion Robert Capa\" decoding=\"auto\" class=\"_re lazyload a_m-h\" height=\"274\"  width=\"414\" src=\"https:\/\/www.europesays.com\/es\/wp-content\/uploads\/2025\/10\/DINCNZIFPFA3FPPB4DZ4DYV7BQ.jpg\" loading=\"lazy\"\/>&#8216;Muerte de un miliciano en el frente de C\u00f3rdoba&#8217;, septiembre de 1936.Robert Capa \/ Centro Internacional de Fotograf\u00eda \/ Magnum Photos<img decoding=\"auto\" class=\"_re lazyload a_m-h\" height=\"275\"  width=\"414\" src=\"https:\/\/www.europesays.com\/es\/wp-content\/uploads\/2025\/10\/OATS7BXE5FBNZBIMAFD7P6E3GE.jpg\" loading=\"lazy\"\/>Soldados americanos desembarcan en la playa de Omaha, en el Desembarco de Normad\u00eda, en Francia el 6 de junio de 1944. \u00a9Robert Capa\/Centro Internacional de Fotograf\u00eda\/Magnum Photos.<img decoding=\"auto\" class=\"_re lazyload a_m-v\" height=\"613\"  width=\"414\" src=\"https:\/\/www.europesays.com\/es\/wp-content\/uploads\/2025\/10\/NYIKXIJK7VC6HPEFGN4F3JIN7E.jpg\" loading=\"lazy\"\/>Pablo Picasso en su estudio en Par\u00eds d\u00edas despu\u00e9s de la liberaci\u00f3n de la ciudad por los Aliados, el 2 de septiembre de 1944.\u00a9Robert Capa\/Centro Internacional de Fotograf\u00eda\/Magnum Photos.<img decoding=\"auto\" class=\"_re lazyload a_m-v\" height=\"433\"  width=\"414\" src=\"https:\/\/www.europesays.com\/es\/wp-content\/uploads\/2025\/10\/D6CK2MKJYFHCXH7Q4E2CMZXAOE.jpg\" loading=\"lazy\"\/>Una ni\u00f1a, sentada en una valla de madera en una granja de Ucrania, entonces Uni\u00f3n Sovi\u00e9tica, en 1947.\u00a9Robert Capa\/Centro Internacional de Fotograf\u00eda\/Magnum Photos.<img decoding=\"auto\" class=\"_re lazyload a_m-h\" height=\"286\"  width=\"414\" src=\"https:\/\/www.europesays.com\/es\/wp-content\/uploads\/2025\/10\/AF52UNWQE5CTTIUOZHXBXPMAMA.jpg\" loading=\"lazy\"\/>Tropas de Estados Unidos desembarcan en la playa de Omaha, el d\u00eda D, 6 de junio de 1944.Robert Capa \/ International Cent (\u00a9Robert Capa\/Centro Internacional de Fotograf\u00eda\/Magnum Photos.)<img decoding=\"auto\" class=\"_re lazyload a_m-h\" height=\"327\"  width=\"414\" src=\"https:\/\/www.europesays.com\/es\/wp-content\/uploads\/2025\/10\/PUWXLXTHFJHT7LNUCIN73G6L2Q.jpg\" loading=\"lazy\"\/>Un tripulante de un carguero hace se\u00f1ales a otro barco de un convoy aliado que se dirig\u00eda a Gran Breta\u00f1a desde Estados Unidos en el oc\u00e9ano Atl\u00e1ntico, en 1941.\u00a9Robert Capa\/Centro Internacional de Fotograf\u00eda\/Magnum Photos.<img decoding=\"auto\" class=\"_re lazyload a_m-h\" height=\"302\"  width=\"414\" src=\"https:\/\/www.europesays.com\/es\/wp-content\/uploads\/2025\/10\/7EHYBHKZ5BGZ7LOO2FBZ4NTQ4I.jpg\" loading=\"lazy\"\/>Madrid, Espa\u00f1a, noviembre-diciembre de 1936.\u00a9Robert Capa\/Centro Internacional de Fotograf\u00eda\/Magnum Photos.<img decoding=\"auto\" class=\"_re lazyload a_m-h\" height=\"272\"  width=\"414\" src=\"https:\/\/www.europesays.com\/es\/wp-content\/uploads\/2025\/10\/YWFKRBWW7BGWRFL7SFRRWYBPIU.jpg\" loading=\"lazy\"\/>Tropas estadounidenses, transportadas para la invasi\u00f3n aliada de Normand\u00eda, Weymouth, Dorset, Gran Breta\u00f1a, 4 de junio de 1944.\u00a9Robert Capa\/Centro Internacional de Fotograf\u00eda\/Magnum Photos.<img decoding=\"auto\" class=\"_re lazyload a_m-h\" height=\"319\"  width=\"414\" src=\"https:\/\/www.europesays.com\/es\/wp-content\/uploads\/2025\/10\/IOVDACVUF5HF5PXXN2N3BIDQJA.jpg\" loading=\"lazy\"\/>Llegada de inmigrantes del Este de Europa, Turqu\u00eda y T\u00fanez a Haifa (Israel), en mayo-junio de 1949.\u00a9Robert Capa\/Centro Internacional de Fotograf\u00eda\/Magnum Photos.<img decoding=\"auto\" class=\"_re lazyload a_m-h\" height=\"273\"  width=\"414\" src=\"https:\/\/www.europesays.com\/es\/wp-content\/uploads\/2025\/10\/LM5GAECRXBCTVOSNJKWH3ZR2JA.jpg\" loading=\"lazy\"\/>Una de las \u00faltimas fotograf\u00edas que tom\u00f3 Robert Capa. Fue en Indochina, el 25 de mayo de 1954.\u00a9Robert Capa\/Centro Internacional de Fotograf\u00eda\/Magnum Photos.<img decoding=\"auto\" class=\"_re lazyload a_m-h\" height=\"277\"  width=\"414\" src=\"https:\/\/www.europesays.com\/es\/wp-content\/uploads\/2025\/10\/N5HRHNZXFJDADPRRFZWH7Z5KQY.jpg\" loading=\"lazy\"\/>Espectadores siguen una carrera de caballos en el hip\u00f3dromo de Longchamp, en  Par\u00eds, en una imagen en torno a 1952.\u00a9Robert Capa\/Centro Internacional de Fotograf\u00eda\/Magnum Photos.<img decoding=\"auto\" class=\"_re lazyload a_m-v\" height=\"465\"  width=\"414\" src=\"https:\/\/www.europesays.com\/es\/wp-content\/uploads\/2025\/10\/EFFEWJT7GFBNRLJGFXULQUFJ3A.jpg\" loading=\"lazy\"\/>Capa antes de tomar el vuelo para lanzarse en paraca\u00eddas sobre Alemania con las fuerzas estadounidenses (Arras, Francia), el 23 de marzo de 1945. \u00a9Robert Capa\/Centro Internacional de Fotograf\u00eda\/Magnum Photos.<img decoding=\"auto\" class=\"_re lazyload a_m-h\" height=\"272\"  width=\"414\" src=\"https:\/\/www.europesays.com\/es\/wp-content\/uploads\/2025\/10\/UQ25ETWAJ5GTPPC32F4QXYMWUM.jpg\" loading=\"lazy\"\/>Miembros de la Resistencia francesa y soldados del Ej\u00e9rcito franc\u00e9s en Par\u00eds, el 25 de junio de 1944.\u00a9Robert Capa\/Centro Internacional de Fotograf\u00eda\/Magnum Photos.<img decoding=\"auto\" class=\"_re lazyload a_m-h\" height=\"414\"  width=\"414\" src=\"https:\/\/www.europesays.com\/es\/wp-content\/uploads\/2025\/10\/KSLPLUK3D5D2TJEQXN6RF2NCFM.jpg\" loading=\"lazy\"\/>Pista del hip\u00f3dromo en Deauville, Francia, en agosto de 1951.\u00a9Robert Capa\/Centro Internacional de Fotograf\u00eda\/Magnum Photos.<img decoding=\"auto\" class=\"_re lazyload a_m-h\" height=\"277\"  width=\"414\" src=\"https:\/\/www.europesays.com\/es\/wp-content\/uploads\/2025\/10\/PIEKFW3TAJHW5GXYKBNN4OVANA.jpg\" loading=\"lazy\"\/>Le\u00f3n Trotski, durante un discurso en Copenhague (Dinamarca), el 27 de noviembre de 1932.\u00a9Robert Capa\/Centro Internacional de Fotograf\u00eda\/Magnum Photos.<\/p>\n<p class=\"\">Lefebvre, autor del libro Robert Capa. Huellas de la memoria, record\u00f3 que durante mucho tiempo se dijo que hab\u00eda sido hecha en Cerro Muriano (C\u00f3rdoba) y que la v\u00edctima se llamaba Federico Borrell Garc\u00eda. Sin embargo, hace unos a\u00f1os, un historiador espa\u00f1ol, Fernando Peco, demostr\u00f3 que el lugar de la foto era Espejo, municipio cordob\u00e9s a 50 kil\u00f3metros de Cerro Muriano. \u201cNo sabemos el d\u00eda que se hizo, ni qui\u00e9n fue el miliciano, si este muere. Los m\u00e9dicos expertos dicen que de un disparo no se puede caer as\u00ed. Adem\u00e1s, los milicianos preparaban las fotos para los reporteros y tampoco tenemos el negativo. Capa dijo que estuvo all\u00ed y que hubo unos combates\u201d. Se public\u00f3 el 23 de septiembre de 1936 en el semanario franc\u00e9s Vu.<\/p>\n<p class=\"\">No mucho antes de aquella foto y de que Capa se hiciera mundialmente famoso, se llamaba Endre Ern\u00f6 Friedmann, h\u00fangaro de Budapest, de familia jud\u00eda, que hab\u00eda huido de su pa\u00eds a Berl\u00edn tras ser detenido por actividades comunistas. Con el ascenso de Hitler se marcha a Par\u00eds. Como se\u00f1ala el comisario, \u201ca comienzos de 1936 viv\u00eda en condiciones de pobreza en Par\u00eds, sus amigos le tuvieron que dar un abrigo, su madre le enviaba dinero\u201d. \u00c9l y su pareja, la tambi\u00e9n fot\u00f3grafa Gerta Pohorylle, otra huida del nazismo, se inventan el seud\u00f3nimo de Robert Capa. Y ella el de Gerda Taro. Dicen que Capa es un fot\u00f3grafo estadounidense, glamuroso, que hace grandes fotos, las que en realidad toman ambos. Ha empezado el mito. Cuando estalla la Guerra Civil, defensores de la Rep\u00fablica, se trasladan a Barcelona.<\/p>\n<p class=\"\">Las primeras fotograf\u00edas de la exposici\u00f3n son con las que Capa se abri\u00f3 paso en el oficio, gracias sobre todo a una del revolucionario Le\u00f3n Trotski durante un mitin en Copenhague para la agencia Dephot de Berl\u00edn en 1932. En esa estela, retrata a los obreros de Par\u00eds. Ya se observa que le interesa mostrar a las personas, no lo que sucede a su alrededor.<\/p>\n<p><img decoding=\"auto\" class=\"_re lazyload a_m-h\" height=\"302\"  width=\"414\"  src=\"https:\/\/www.europesays.com\/es\/wp-content\/uploads\/2025\/10\/7EHYBHKZ5BGZ7LOO2FBZ4NTQ4I.jpg\" loading=\"lazy\"\/>La famosa fotograf\u00eda que tom\u00f3 Robert Capa en Vallecas (Madrid) en el invierno de 1936.\u00a9Robert Capa\/Centro Internacional de Fotograf\u00eda\/Magnum Photos.<\/p>\n<p class=\"\">En el apartado dedicado a la Guerra Civil, adem\u00e1s del miliciano, hay otra famosa imagen, la que tom\u00f3 en el barrio madrile\u00f1o de Vallecas de tres ni\u00f1os sentados tranquilamente delante de una casita baja, esta con numerosos agujeros en su fachada por la metralla. Es un lugar que desde hace a\u00f1os la Fundaci\u00f3n Anastasio de Gracia, dependiente de UGT, y una plataforma vecinal quieren convertir en museo dedicado a Capa. Sin embargo, el Ayuntamiento de Madrid <a href=\"https:\/\/elpais.com\/espana\/madrid\/2024-11-21\/el-ayuntamiento-de-madrid-deja-en-tierra-de-nadie-el-proyecto-de-un-museo-sobre-robert-capa.html\" target=\"_self\" rel=\"nofollow noopener\" title=\"https:\/\/elpais.com\/espana\/madrid\/2024-11-21\/el-ayuntamiento-de-madrid-deja-en-tierra-de-nadie-el-proyecto-de-un-museo-sobre-robert-capa.html\">ha decidido que sea un centro cultural<\/a>.<\/p>\n<p><img decoding=\"auto\" class=\"_re lazyload a_m-h\" height=\"276\"  width=\"414\"  src=\"https:\/\/www.europesays.com\/es\/wp-content\/uploads\/2025\/10\/M67YGNHNEFKTHJCYGFX5LYHSWM.jpg\" loading=\"lazy\"\/>Una de las salas de la exposici\u00f3n &#8216;Robert Capa. Icons&#8217;, en el C\u00edrculo de Bellas Artes, este jueves.Sergio P\u00e9rez (EFE)<\/p>\n<p class=\"\">Sin Gerda Taro, que hab\u00eda muerto en un accidente, aplastada por una tanqueta republicana en julio de 1937, Capa cubrir\u00e1 la guerra mundial. Tras estar en las campa\u00f1as de Argelia, T\u00fanez y Sicilia, llegan las fotos mundialmente famosas que consigui\u00f3 cuando acompa\u00f1\u00f3 a los soldados estadounidenses en la playa de Omaha en el <a href=\"https:\/\/elpais.com\/noticias\/desembarco-normandia\/\" target=\"_self\" rel=\"nofollow noopener\" title=\"https:\/\/elpais.com\/noticias\/desembarco-normandia\/\">Desembarco de Normand\u00eda,<\/a> el 6 de junio de 1944. Cuando empez\u00f3 a ver cad\u00e1veres a su alrededor se dijo: \u201cEsto no pinta muy bien, t\u00edo\u201d. Aquellas im\u00e1genes hist\u00f3ricas fueron estropeadas en el laboratorio (otra leyenda sobre Capa, qu\u00e9 pas\u00f3 exactamente) hasta quedar borrosas. Se exponen siete de las nueve que se conservan. Precisamente, con su fino humor, titul\u00f3 su autobiograf\u00eda Ligeramente desenfocado, en alusi\u00f3n a aquel desastre en el revelado. Ese libro, a ratos muy divertido, \u201cno cuenta la vida real de Capa, \u00e9l se inventa muchas cosas\u201d, apunta Lefebvre.<\/p>\n<p class=\"\">Retrat\u00f3 la liberaci\u00f3n de Par\u00eds por los Aliados, en agosto de 1944, con sus gentes alborozadas, saludando a los soldados, y su contrapunto, la imagen de una mujer con la cabeza rapada por sus compatriotas que sostiene en sus brazos el beb\u00e9 que hab\u00eda tenido con un soldado alem\u00e1n. La directora global de exposiciones de<a href=\"https:\/\/www.magnumphotos.com\/\" target=\"_self\" rel=\"nofollow noopener\" title=\"https:\/\/www.magnumphotos.com\/\"> la agencia Magnum Photos<\/a>, Andrea Holzherr, ha recordado que el punto de partida de esta exposici\u00f3n itinerante fue el 80\u00ba aniversario de la liberaci\u00f3n de Francia, celebrado el a\u00f1o pasado. <\/p>\n<p><img decoding=\"auto\" class=\"_re lazyload a_m-h\" height=\"276\"  width=\"414\"  src=\"https:\/\/www.europesays.com\/es\/wp-content\/uploads\/2025\/10\/2ZPQPITB3BKQHM4WWMEIHV2GFQ.jpg\" loading=\"lazy\"\/>Retrato de Robert Capa en una de las paredes de la exposici\u00f3n del C\u00edrculo de Bellas Artes.Sergio P\u00e9rez (EFE)<\/p>\n<p class=\"\">Mientras que el director del C\u00edrculo, Valerio Rocco, se\u00f1al\u00f3 que esta muestra sirve para \u201crecordar la brutalidad de las guerras y la importancia del periodismo para contarlo\u201d. El \u00faltimo conflicto que document\u00f3 Capa fue la guerra de Indochina. Le cost\u00f3 la vida con solo 40 a\u00f1os, cuando pis\u00f3 una mina antipersona el 25 de mayo de 1954 en Th\u00e1i Binh (Vietnam). La exhibici\u00f3n cambia de aspecto para la parte que el comisario llama \u201cCapa en la paz\u201d. Es su trabajo en color de moda y viajes para revistas como Life. Parece que se entra en otro planeta con el solaz de la aristocracia en las playas y el hip\u00f3dromo de Deauville, en la costa normanda.<\/p>\n<p><img decoding=\"auto\" class=\"_re lazyload a_m-h\" height=\"277\"  width=\"414\"  src=\"https:\/\/www.europesays.com\/es\/wp-content\/uploads\/2025\/10\/N5HRHNZXFJDADPRRFZWH7Z5KQY.jpg\" loading=\"lazy\"\/>Espectadores en el hip\u00f3dromo de Longchamp (Par\u00eds) en una imagen alrededor de 1952. \u00a9Robert Capa\/Centro Internacional de Fotograf\u00eda\/Magnum Photos.<\/p>\n<p class=\"\">En mayo de 1947, Capa y otros fot\u00f3grafos, como su amigo Henri Cartier-Bresson, hab\u00edan creado la agencia Magnum. \u201cCapa fue su motor\u201d, ha dicho Holzherr, que ha recordado el mito que tambi\u00e9n corre sobre por qu\u00e9 se llam\u00f3 as\u00ed. \u201cSe dice por la botella de litro y medio de champ\u00e1n que abrieron para celebrarlo en un restaurante de Nueva York\u201d. Lo cierto es que Magnum se cre\u00f3 \u201cpara que los fot\u00f3grafos tuvieran el control sobre su obra y sobre sus derechos de autor\u201d.<\/p>\n<p class=\"\">Y para terminar, una sala con retratos. Como dice Lefebvre, \u201ccuando no estuvo en la guerra, demostr\u00f3 que era un fot\u00f3grafo que sab\u00eda hacer de todo\u201d. Picasso, John Huston, Hemingway con una botella, Ava Gardner en el rodaje de La condesa descalza, Truman Capote con un perro en sus brazos y, claro, Ingrid Bergman. Estaban enamorados, pero ella se deb\u00eda a Hollywood y \u00e9l ten\u00eda una vida itinerante.<\/p>\n<p class=\"\">Por \u00faltimo, Lefebvre anunci\u00f3 que recientemente se han descubierto unas hojas de contactos con fotos de Capa, de Taro&#8230; \u201cDe la mitad de todo eso no hay negativos ni copias, pero ser\u00e1 el objeto de una pr\u00f3xima exposici\u00f3n en Par\u00eds en 2026. Con Capa nunca te aburres\u201d.<\/p>\n","protected":false},"excerpt":{"rendered":"Robert Capa (1913-1954) es el gran mito del fotoperiodismo de guerra. Fotografi\u00f3 la Guerra Civil, la II Guerra&hellip;\n","protected":false},"author":2,"featured_media":153067,"comment_status":"","ping_status":"","sticky":false,"template":"","format":"standard","meta":{"footnotes":""},"categories":[173],"tags":[46173,229,233,231,230,46172,2760,209,46175,232,234,146,147,25,24,241,1469,244,10328,46174,69,46171,23],"class_list":{"0":"post-153066","1":"post","2":"type-post","3":"status-publish","4":"format-standard","5":"has-post-thumbnail","7":"category-arte-y-diseno","8":"tag-agencia-magnum","9":"tag-arte","10":"tag-arte-y-diseno","11":"tag-arts","12":"tag-arts-and-design","13":"tag-circulo-bellas-artes","14":"tag-cordoba","15":"tag-cultura","16":"tag-desembarco-normandia","17":"tag-design","18":"tag-diseno","19":"tag-entertainment","20":"tag-entretenimiento","21":"tag-es","22":"tag-espana","23":"tag-exposiciones","24":"tag-exposiciones-temporales","25":"tag-fotografia","26":"tag-fotografos","27":"tag-gerda-taro","28":"tag-guerra","29":"tag-robert-capa","30":"tag-spain"},"share_on_mastodon":{"url":"","error":""},"_links":{"self":[{"href":"https:\/\/www.europesays.com\/es\/wp-json\/wp\/v2\/posts\/153066","targetHints":{"allow":["GET"]}}],"collection":[{"href":"https:\/\/www.europesays.com\/es\/wp-json\/wp\/v2\/posts"}],"about":[{"href":"https:\/\/www.europesays.com\/es\/wp-json\/wp\/v2\/types\/post"}],"author":[{"embeddable":true,"href":"https:\/\/www.europesays.com\/es\/wp-json\/wp\/v2\/users\/2"}],"replies":[{"embeddable":true,"href":"https:\/\/www.europesays.com\/es\/wp-json\/wp\/v2\/comments?post=153066"}],"version-history":[{"count":0,"href":"https:\/\/www.europesays.com\/es\/wp-json\/wp\/v2\/posts\/153066\/revisions"}],"wp:featuredmedia":[{"embeddable":true,"href":"https:\/\/www.europesays.com\/es\/wp-json\/wp\/v2\/media\/153067"}],"wp:attachment":[{"href":"https:\/\/www.europesays.com\/es\/wp-json\/wp\/v2\/media?parent=153066"}],"wp:term":[{"taxonomy":"category","embeddable":true,"href":"https:\/\/www.europesays.com\/es\/wp-json\/wp\/v2\/categories?post=153066"},{"taxonomy":"post_tag","embeddable":true,"href":"https:\/\/www.europesays.com\/es\/wp-json\/wp\/v2\/tags?post=153066"}],"curies":[{"name":"wp","href":"https:\/\/api.w.org\/{rel}","templated":true}]}}