{"id":153068,"date":"2025-10-02T16:14:08","date_gmt":"2025-10-02T16:14:08","guid":{"rendered":"https:\/\/www.europesays.com\/es\/153068\/"},"modified":"2025-10-02T16:14:08","modified_gmt":"2025-10-02T16:14:08","slug":"netflix-continuara-la-historia-de-peaky-blinders-con-dos-nuevas-series-junto-al-creador-original-esto-es-todo-lo-que-sabemos-del-nuevo-proyecto","status":"publish","type":"post","link":"https:\/\/www.europesays.com\/es\/153068\/","title":{"rendered":"Netflix continuar\u00e1 la historia de \u2018Peaky Blinders\u2019 con dos nuevas series junto al creador original: esto es todo lo que sabemos del nuevo proyecto"},"content":{"rendered":"<p><img alt=\"Cillian Murphy en 'Peaky Blinders'\" class=\"global-image\" decoding=\"async\" fetchpriority=\"high\" height=\"1080\" loading=\"eager\" src=\"https:\/\/www.europesays.com\/es\/wp-content\/uploads\/2025\/10\/GHVS5ROGKBGHRE6J3IJ2WFKDWE.jpg\" width=\"1920\"\/>Cillian Murphy en &#8216;Peaky Blinders&#8217; (omega_auctions)<\/p>\n<p class=\"paragraph\">El desarrollo de nuevas historias en el universo de <b>Peaky Blinders<\/b><b> <\/b>ha dado un paso decisivo. Tras la producci\u00f3n de una pel\u00edcula que continuar\u00eda la historia de la serie y que se espera <a href=\"https:\/\/www.infobae.com\/malditos-nerds\/2025\/03\/10\/peaky-blinders-la-pelicula-protagonizada-por-cillian-murphy-tendra-un-estreno-en-cines\/\" target=\"_blank\" rel=\"noreferrer nofollow noopener\" title=\"https:\/\/www.infobae.com\/malditos-nerds\/2025\/03\/10\/peaky-blinders-la-pelicula-protagonizada-por-cillian-murphy-tendra-un-estreno-en-cines\/\">para este mismo 2025 o para inicios de 2026<\/a>, <b>Netflix <\/b>ha presentado este jueves un proyecto que piensa ampliar el famoso universo de la familia Shelby con dos series adicionales, cada una de ellas compuesta por seis episodios de una hora, y todas impulsadas por Steven Knight, el creador original.<\/p>\n<p class=\"paragraph\">\u201cMe entusiasma anunciar este nuevo cap\u00edtulo en <a href=\"https:\/\/www.infobae.com\/historias\/2025\/05\/13\/quienes-fueron-los-verdaderos-peaky-blinders-la-historia-real-de-los-pandilleros-que-inspiraron-la-seria\/\" target=\"_blank\" rel=\"noreferrer nofollow noopener\" title=\"https:\/\/www.infobae.com\/historias\/2025\/05\/13\/quienes-fueron-los-verdaderos-peaky-blinders-la-historia-real-de-los-pandilleros-que-inspiraron-la-seria\/\">la historia de Peaky Blinders\u201c<\/a>, ha declarado el showrunner al respecto. \u201dUna vez m\u00e1s, estar\u00e1 arraigado en Birmingham y contar\u00e1 la historia de una ciudad que resurge de las cenizas del bombardeo de Birmingham, ocurrido durante la <b>Segunda Guerra Mundial<\/b>. La nueva generaci\u00f3n de Shelbys ha tomado el volante y ser\u00e1 un viaje incre\u00edble\u201d.<\/p>\n<p>Trailer Peaky Blinders 6ta temporada<\/p>\n<p class=\"paragraph\">Tal y como ha explicado la compa\u00f1\u00eda en una nota de prensa, ambas producciones se filmar\u00e1n en Birmingham<b> <\/b>y continuar\u00e1n la trama justo despu\u00e9s de los acontecimientos de la pel\u00edcula (actualmente en fase de postproducci\u00f3n). En esta nueva etapa, la acci\u00f3n se situar\u00e1 en <b>Gran Breta\u00f1a en 1953<\/b>, una naci\u00f3n sumida en el proceso de resurgimiento tras la devastaci\u00f3n de la <a href=\"https:\/\/www.infobae.com\/espana\/2025\/09\/13\/crece-la-preocupacion-por-una-tercera-guerra-mundial-pero-como-empezo-la-segunda\/\" target=\"_blank\" rel=\"noreferrer nofollow noopener\" title=\"https:\/\/www.infobae.com\/espana\/2025\/09\/13\/crece-la-preocupacion-por-una-tercera-guerra-mundial-pero-como-empezo-la-segunda\/\">Segunda Guerra Mundial<\/a>. El guion colocar\u00e1 a los <b>Shelby<\/b> enfrentando una encarnizada lucha por el dominio de la reconstrucci\u00f3n de la ciudad, en un contexto que combina oportunidades de poder y amenazas constantes.<\/p>\n<p class=\"paragraph\">El equipo de producci\u00f3n re\u00fane a figuras clave de la saga tanto en el set de rodaje como en los despachos. Cillian Murphy, que encarn\u00f3 a Tommy Shelby en la serie principal, colaborar\u00e1 como productor ejecutivo junto a Karen Wilson y Martin Haines de Kudos (productora de series brit\u00e1nicas de gran \u00e9xito como Los hombres de S.A.S). Adem\u00e1s, participar\u00e1n Jamie Glazebrook de Garrison Drama (productora de la serie original y la pel\u00edcula), Jo McClellan de <b>la BBC<\/b>, y los ejecutivos Toby Bentley y Dona Qureshi por parte de Netflix.<\/p>\n<p class=\"paragraph\">Refiri\u00e9ndose a la alianza entre las compa\u00f1\u00edas responsables, esta \u00faltima ha subrayado el atractivo del proyecto y la confianza depositada en su guionista principal: \u201cNo podr\u00edamos estar m\u00e1s emocionados de embarcarnos en un nuevo cap\u00edtulo de Peaky Blinders con nuestros maravillosos socios de Kudos, Garrison Drama y la BBC. Hay pocos narradores modernos que igualen a Steven Knight y estamos con muchas expectativas mientras regresa a las calles de Birmingham, la pr\u00f3xima generaci\u00f3n de<b> la familia Shelby\u201d<\/b>.<\/p>\n<p><img alt=\"Im\u00e1genes de 'Peaky Blinders' (Zuma\" class=\"global-image\" decoding=\"async\" fetchpriority=\"low\" height=\"1280\" loading=\"lazy\" src=\"https:\/\/www.europesays.com\/es\/wp-content\/uploads\/2025\/10\/YR557IMMA5H2FKD6ZHQQEXNTLU.JPG\" width=\"1920\"\/>Im\u00e1genes de &#8216;Peaky Blinders&#8217; (Zuma Press\/The Grosby Group \/ Lagencia Grosby)<\/p>\n<p class=\"paragraph\">Por su parte, la cada vez m\u00e1s pr\u00f3xima pel\u00edcula de Peaky Blinders se ha perfilado como el puente directo entre el desenlace de la serie y <a href=\"https:\/\/www.infobae.com\/entretenimiento\/2024\/12\/29\/el-creador-de-peaky-blinders-revelo-que-la-pelicula-no-sera-el-final\/\" target=\"_blank\" rel=\"noreferrer nofollow noopener\" title=\"https:\/\/www.infobae.com\/entretenimiento\/2024\/12\/29\/el-creador-de-peaky-blinders-revelo-que-la-pelicula-no-sera-el-final\/\">el futuro que est\u00e1 por venir del universo creado por Night<\/a>. Tras el final emitido en Netflix en junio de 2022, el equipo creativo puso en marcha el largometraje con la intenci\u00f3n de proporcionar respuestas largamente esperadas por los fans, entre ellas el enigm\u00e1tico susurro de Tommy a Duke, que marc\u00f3 uno de los momentos m\u00e1s comentados en el cierre de la serie. <b>Cillian Murphy <\/b>retomar\u00e1 de forma definitiva el papel de Tommy Shelby, tal y como ha podido verse en varias im\u00e1genes compartidas del rodaje iniciado en septiembre de 2024.<\/p>\n<p class=\"paragraph\">El argumento de la pel\u00edcula estar\u00e1 ligado estrechamente al contexto hist\u00f3rico que sirvi\u00f3 de tel\u00f3n de fondo durante toda la serie: el periodo comprendido entre <a href=\"https:\/\/www.infobae.com\/cultura\/2020\/05\/12\/80-anos-de-la-batalla-de-francia-la-historia-de-como-los-nazis-sorprendieron-al-mundo-en-la-segunda-guerra\/\" target=\"_blank\" rel=\"noreferrer nofollow noopener\" title=\"https:\/\/www.infobae.com\/cultura\/2020\/05\/12\/80-anos-de-la-batalla-de-francia-la-historia-de-como-los-nazis-sorprendieron-al-mundo-en-la-segunda-guerra\/\">el final de la Primera Guerra Mundial y el inicio de la Segunda<\/a>. Knight ha revelado que su plan siempre consisti\u00f3 en guiar la saga hasta el inicio de la contienda, evitando adentrarse directamente, y centr\u00e1ndose en el impacto social y familiar sobre los Shelby. La cinta tiene como objetivo explorar la posible redenci\u00f3n de Tommy, transform\u00e1ndolo hacia<b> \u201cun hombre bueno<\/b> haciendo cosas buenas\u201d, mientras enfrenta el trauma y las heridas psicol\u00f3gicas que le dej\u00f3 la guerra.<\/p>\n<p class=\"paragraph\">Junto a Cillian Murphy se espera el regreso de los int\u00e9rpretes de los otros miembros de la familia: Paul Anderson (Arthur Shelby), Sophie Rundle (Ada Thorne), y Conrad Khanen el papel de Duke, el hijo ileg\u00edtimo de Tommy. La participaci\u00f3n de Harry Kirton (Finn Shelby) y Sam Claflin (Oswald Mosley) parece asegurada, alimentando las expectativas sobre futuras rivalidades y venganzas. Incluso el personaje de Polly, interpretado por la fallecida<b> Helen McCrory<\/b>, mantendr\u00e1 su influencia en la pel\u00edcula, seg\u00fan ha afirmado Knight al explicar que \u201cla opini\u00f3n de Polly va a durar\u201d en la trama, pese al fallecimiento de la actriz en 2021.<a href=\"https:\/\/www.infobae.com\/entretenimiento\/2025\/03\/27\/del-bullying-al-estrellato-la-dura-verdad-detras-del-exito-de-stephen-graham\/\" target=\"_blank\" rel=\"noreferrer nofollow noopener\" title=\"https:\/\/www.infobae.com\/entretenimiento\/2025\/03\/27\/del-bullying-al-estrellato-la-dura-verdad-detras-del-exito-de-stephen-graham\/\"> Adem\u00e1s, Stephen Graham regresar\u00e1 como Hayden Stagg<\/a>, y est\u00e1 previsto que se incorporen nuevas caras, siguiendo la tradici\u00f3n de la serie de dar espacio a talentos emergentes<\/p>\n","protected":false},"excerpt":{"rendered":"Cillian Murphy en &#8216;Peaky Blinders&#8217; (omega_auctions) El desarrollo de nuevas historias en el universo de Peaky Blinders ha&hellip;\n","protected":false},"author":2,"featured_media":153069,"comment_status":"","ping_status":"","sticky":false,"template":"","format":"standard","meta":{"footnotes":""},"categories":[171],"tags":[12562,146,147,25,24,37185,46176,15417,805,46177,25896,20802,23,214,46178],"class_list":{"0":"post-153068","1":"post","2":"type-post","3":"status-publish","4":"format-standard","5":"has-post-thumbnail","7":"category-tv","8":"tag-editors_choice","9":"tag-entertainment","10":"tag-entretenimiento","11":"tag-es","12":"tag-espana","13":"tag-galeria_celebs","14":"tag-historical-series","15":"tag-peaky-blinders","16":"tag-series","17":"tag-series-de-epoca","18":"tag-series-de-tv","19":"tag-series-historicas","20":"tag-spain","21":"tag-tv","22":"tag-tv-series"},"share_on_mastodon":{"url":"","error":""},"_links":{"self":[{"href":"https:\/\/www.europesays.com\/es\/wp-json\/wp\/v2\/posts\/153068","targetHints":{"allow":["GET"]}}],"collection":[{"href":"https:\/\/www.europesays.com\/es\/wp-json\/wp\/v2\/posts"}],"about":[{"href":"https:\/\/www.europesays.com\/es\/wp-json\/wp\/v2\/types\/post"}],"author":[{"embeddable":true,"href":"https:\/\/www.europesays.com\/es\/wp-json\/wp\/v2\/users\/2"}],"replies":[{"embeddable":true,"href":"https:\/\/www.europesays.com\/es\/wp-json\/wp\/v2\/comments?post=153068"}],"version-history":[{"count":0,"href":"https:\/\/www.europesays.com\/es\/wp-json\/wp\/v2\/posts\/153068\/revisions"}],"wp:featuredmedia":[{"embeddable":true,"href":"https:\/\/www.europesays.com\/es\/wp-json\/wp\/v2\/media\/153069"}],"wp:attachment":[{"href":"https:\/\/www.europesays.com\/es\/wp-json\/wp\/v2\/media?parent=153068"}],"wp:term":[{"taxonomy":"category","embeddable":true,"href":"https:\/\/www.europesays.com\/es\/wp-json\/wp\/v2\/categories?post=153068"},{"taxonomy":"post_tag","embeddable":true,"href":"https:\/\/www.europesays.com\/es\/wp-json\/wp\/v2\/tags?post=153068"}],"curies":[{"name":"wp","href":"https:\/\/api.w.org\/{rel}","templated":true}]}}