{"id":153074,"date":"2025-10-02T16:17:09","date_gmt":"2025-10-02T16:17:09","guid":{"rendered":"https:\/\/www.europesays.com\/es\/153074\/"},"modified":"2025-10-02T16:17:09","modified_gmt":"2025-10-02T16:17:09","slug":"los-mejores-jinetes-del-mundo-competen-al-csio-barcelona-2025","status":"publish","type":"post","link":"https:\/\/www.europesays.com\/es\/153074\/","title":{"rendered":"Los mejores jinetes del mundo competen al CSIO Barcelona 2025"},"content":{"rendered":"<p data-start=\"285\" data-end=\"551\">Del <strong data-start=\"289\" data-end=\"309\">2 al 5 de octubre<\/strong>, la pista ol\u00edmpica del <strong data-start=\"333\" data-end=\"368\">Real Club de Polo de Barcelona<\/strong> volver\u00e1 a convertir la ciudad en capital mundial de la h\u00edpica con la celebraci\u00f3n de la <strong data-start=\"455\" data-end=\"489\">113\u00aa edici\u00f3n del CSIO Barcelona<\/strong>, el acontecimiento deportivo internacional m\u00e1s antiguo de Espa\u00f1a.<\/p>\n<p data-start=\"553\" data-end=\"943\">La competici\u00f3n reunir\u00e1 este a\u00f1o a cuatro <strong data-start=\"583\" data-end=\"639\">de los cinco primeros jinetes del ranquin mundial<\/strong>: el brit\u00e1nico Ben Maher <strong data-start=\"653\" data-end=\"666\">(n\u00ba.<\/strong> 2, campe\u00f3n ol\u00edmpico individual en Tokio 2020), los alemanes Christian Kukuk <strong data-start=\"728\" data-end=\"747\">(n\u00ba.<\/strong> 3, oro ol\u00edmpico individual en Par\u00eds 2024) y Richard Vogel <strong data-start=\"792\" data-end=\"809\">(n\u00ba.<\/strong> 4, campe\u00f3n de Europa individual 2025), y el brit\u00e1nico Scott Brash <strong data-start=\"864\" data-end=\"879\">(n\u00ba.<\/strong> 5, campe\u00f3n ol\u00edmpico para equipos en Londres 2012 y Par\u00eds 2024).<\/p>\n<p data-start=\"945\" data-end=\"1431\">El grande atractivo ser\u00e1 la <strong data-start=\"970\" data-end=\"1013\">final de la Longines League of NationsTM<\/strong>, la competici\u00f3n para equipos m\u00e1s prestigiosa del calendario h\u00edpico internacional, con la participaci\u00f3n de los ocho mejores combinados del mundo: <strong data-start=\"1148\" data-end=\"1239\">Alemania, B\u00e9lgica, Estados Unidos, Francia, Gran Breta\u00f1a, Irlanda, Italia y Pa\u00edses Bajos<\/strong>, ade<strong data-start=\"1249\" data-end=\"1260\">m\u00e1s de Espa\u00f1a<\/strong> como en pa\u00eds anfitri\u00f3n. El equipo estatal contar\u00e1 con Mariano Mart\u00ednez <strong data-start=\"1311\" data-end=\"1388\">Bastida, Iv\u00e1n Serrano S\u00e1ez, Armando Trapote, Imma Roquet y<\/strong> <strong>Santiago N\u00fa\u00f1ez Riva<\/strong> como reserva.<\/p>\n<p data-start=\"1433\" data-end=\"1724\">El programa deportivo incluye <strong data-start=\"1461\" data-end=\"1491\">diez pruebas de m\u00e1ximo nivel<\/strong>, con citas destacadas como el <strong data-start=\"1521\" data-end=\"1555\">Grande Apriete Ciudad de Barcelona<\/strong> (viernes) y la <strong data-start=\"1573\" data-end=\"1648\">Copa de SM a la Reina \u2013 Trofeo Freixenet \u2013 Premio Generalitat de Catalu\u00f1a<\/strong> (s\u00e1bado), con espect\u00e1culos ecuestres y flamencos de <strong data-start=\"1701\" data-end=\"1721\">C\u00f3rdoba Eq\u00fcestre<\/strong>.<\/p>\n<p data-start=\"1726\" data-end=\"1980\">M\u00e1s all\u00e1 de la competici\u00f3n, el p\u00fablico podr\u00e1 disfrutar del <strong data-start=\"1781\" data-end=\"1803\">PoloPark by Calvet<\/strong>, con m\u00e1s de <strong data-start=\"1816\" data-end=\"1904\">20.000 m\u00b2 de ocio, gastronom\u00eda, conciertos, actividades familiares y exhibiciones ecuestres<\/strong>, consolid\u00e1ndose como el gran complemento l\u00fadico y social del CSIO Barcelona.<\/p>\n","protected":false},"excerpt":{"rendered":"Del 2 al 5 de octubre, la pista ol\u00edmpica del Real Club de Polo de Barcelona volver\u00e1 a&hellip;\n","protected":false},"author":2,"featured_media":153075,"comment_status":"","ping_status":"","sticky":false,"template":"","format":"standard","meta":{"footnotes":""},"categories":[93],"tags":[168,25,24,23,167],"class_list":{"0":"post-153074","1":"post","2":"type-post","3":"status-publish","4":"format-standard","5":"has-post-thumbnail","7":"category-deportes","8":"tag-deportes","9":"tag-es","10":"tag-espana","11":"tag-spain","12":"tag-sports"},"share_on_mastodon":{"url":"","error":""},"_links":{"self":[{"href":"https:\/\/www.europesays.com\/es\/wp-json\/wp\/v2\/posts\/153074","targetHints":{"allow":["GET"]}}],"collection":[{"href":"https:\/\/www.europesays.com\/es\/wp-json\/wp\/v2\/posts"}],"about":[{"href":"https:\/\/www.europesays.com\/es\/wp-json\/wp\/v2\/types\/post"}],"author":[{"embeddable":true,"href":"https:\/\/www.europesays.com\/es\/wp-json\/wp\/v2\/users\/2"}],"replies":[{"embeddable":true,"href":"https:\/\/www.europesays.com\/es\/wp-json\/wp\/v2\/comments?post=153074"}],"version-history":[{"count":0,"href":"https:\/\/www.europesays.com\/es\/wp-json\/wp\/v2\/posts\/153074\/revisions"}],"wp:featuredmedia":[{"embeddable":true,"href":"https:\/\/www.europesays.com\/es\/wp-json\/wp\/v2\/media\/153075"}],"wp:attachment":[{"href":"https:\/\/www.europesays.com\/es\/wp-json\/wp\/v2\/media?parent=153074"}],"wp:term":[{"taxonomy":"category","embeddable":true,"href":"https:\/\/www.europesays.com\/es\/wp-json\/wp\/v2\/categories?post=153074"},{"taxonomy":"post_tag","embeddable":true,"href":"https:\/\/www.europesays.com\/es\/wp-json\/wp\/v2\/tags?post=153074"}],"curies":[{"name":"wp","href":"https:\/\/api.w.org\/{rel}","templated":true}]}}