{"id":153076,"date":"2025-10-02T16:18:08","date_gmt":"2025-10-02T16:18:08","guid":{"rendered":"https:\/\/www.europesays.com\/es\/153076\/"},"modified":"2025-10-02T16:18:08","modified_gmt":"2025-10-02T16:18:08","slug":"la-primera-guia-internacional-sobre-farmacos-antiobesidad-apuesta-por-el-uso-del-ozempic","status":"publish","type":"post","link":"https:\/\/www.europesays.com\/es\/153076\/","title":{"rendered":"La primera gu\u00eda internacional sobre f\u00e1rmacos antiobesidad apuesta por el uso del Ozempic"},"content":{"rendered":"<p>La Asociaci\u00f3n Europea para el Estudio de la Obesidad (EASO) acaba de publicar la primera gu\u00eda sobre los nuevos f\u00e1rmacos para combatir la obesidad. Este documento se presenta como la gu\u00eda de referencia internacional y en su elaboraci\u00f3n ha participado el investigador de la Universidad de Almer\u00eda, <a href=\"https:\/\/novaciencia.es\/la-reserva-oculta-de-grasa-parda-en-mujeres\/\" rel=\"nofollow noopener\" target=\"_blank\">Borja Mart\u00ednez<\/a>. En este documento se resalta <strong>la eficacia de Ozempic y Mounjaro, los dos f\u00e1rmacos m\u00e1s usados para combatir la obesidad<\/strong>. <\/p>\n<p><a href=\"https:\/\/novaciencia.es\/wp-content\/uploads\/2025\/10\/congreso-obesidad-guia-farmacos.jpg\" rel=\"nofollow noopener\" target=\"_blank\"><img fetchpriority=\"high\" decoding=\"async\" width=\"1024\" height=\"683\" src=\"https:\/\/www.europesays.com\/es\/wp-content\/uploads\/2025\/10\/congreso-obesidad-guia-farmacos-1024x683.jpg\" alt=\"\" class=\"wp-image-238580\"  \/><\/a><\/p>\n<p>Publicada en la prestigiosa revista <a href=\"https:\/\/www.nature.com\/articles\/s41591-025-03978-z\" target=\"_blank\" rel=\"noreferrer noopener nofollow\">Nature Medicine<\/a>, se trata de un estudio de revisi\u00f3n que ha liderado por la doctora Andreea Ciudin, Hospital Universitario Vall d\u2019Hebron y Universidad Aut\u00f3noma de Barcelona, por la profesora Barbara McGowan, Guy\u2019s &amp; St Thomas\u2019s Hospital NHS Foundation Trust, de Londres, y el profesor Volkan Yumuk, presidente de la EASO y perteneciente a la Universidad de Estambul-Cerrahpa\u015fa.<\/p>\n<p>Ozempic y Moujaro, tratamientos de primera l\u00ednea para personas con obesidad<\/p>\n<p>Junto a otros especialistas de referencia mundial, se ha llegado a la conclusi\u00f3n de que la semaglutida, principio activo de Ozempic, y la tirzepatida, principio activo de Mounjaro, deber\u00edan ser el tratamiento de primera l\u00ednea para las personas con obesidad frente a la mayor\u00eda de sus complicaciones, seg\u00fan este nuevo marco para el tratamiento farmacol\u00f3gico de la obesidad. <\/p>\n<p>En palabras de Ciudin, \u201caunque existen varias opciones en el mercado, la realidad es que la <strong>semaglutida y la tirzepatida son tan efectivas que deber\u00edan ser la primera elecci\u00f3n en casi todos los casos<\/strong>\u201d. En los \u00faltimos a\u00f1os, el n\u00famero de f\u00e1rmacos disponibles para tratar la obesidad ha aumentado de forma constante y seguir\u00e1 creciendo, ofreciendo a los cl\u00ednicos m\u00e1s herramientas con distintos mecanismos de acci\u00f3n que se pueden combinar con cambios en el estilo de vida.<\/p>\n<p>Terapias personalizadas para ganar en efectividad<\/p>\n<p>Dado que cada medicamento difiere en su eficacia para la p\u00e9rdida de peso y en sus efectos sobre las complicaciones asociadas, l<strong>a terapia personalizada se ha convertido en una necesidad<\/strong>. El nuevo algoritmo desarrollado por la EASO toma como criterio central la presencia o ausencia de complicaciones relacionadas con la obesidad, evaluando cada f\u00e1rmaco en funci\u00f3n de su eficacia en la p\u00e9rdida de peso, su impacto sobre dichas complicaciones y su perfil de seguridad. McGowan ha subrayado que \u201ces el primer marco guiado por la presencia o ausencia de complicaciones, ya que la p\u00e9rdida de peso no es el \u00fanico objetivo del tratamiento cuando existen comorbilidades\u201d.<\/p>\n<p>Aunque de aprobaci\u00f3n relativamente reciente, <strong>la evidencia cient\u00edfica sobre semaglutida (agonista del receptor GLP-1) y tirzepatida (agonista dual de los receptores GIP y GLP-1) crece r\u00e1pidamente<\/strong>. Los resultados de ensayos cl\u00ednicos y metaan\u00e1lisis muestran que ambos f\u00e1rmacos deben considerarse como primera opci\u00f3n cuando se necesita una p\u00e9rdida sustancial de peso. Para reducciones m\u00e1s modestas, se contemplan alternativas como la liraglutida, la combinaci\u00f3n naltrexona\u2013bupropi\u00f3n o fentermina\u2013topiramato. <\/p>\n<p>Tambi\u00e9n para combatir las complicaciones asociadas a la obesidad<\/p>\n<p>En lo que respecta a las complicaciones, los autores diferencian entre \u2018enfermedades de la masa grasa\u2019, las m\u00e1s ligadas a problemas mec\u00e1nicos, y \u2018enfermedades de la grasa enferma\u2019, las vinculadas a alteraciones metab\u00f3licas e inmunol\u00f3gicas. En ambos casos, <strong>semaglutida y tirzepatida se sit\u00faan como tratamientos de primera l\u00ednea<\/strong>.<\/p>\n<p>Como ejemplos ha puesto que \u201cen apnea obstructiva del sue\u00f1o la tirzepatida es la opci\u00f3n prioritaria seg\u00fan la evidencia disponible\u201d, que \u201cen artrosis de rodilla la semaglutida es la m\u00e1s eficaz para la reducci\u00f3n del dolor\u201d y que \u201cen enfermedades metab\u00f3licas, como prediabetes, diabetes tipo 2, enfermedad cardiovascular, insuficiencia card\u00edaca o MASH, los datos respaldan especialmente el uso de semaglutida y tirzepatida como primera elecci\u00f3n\u201d. <\/p>\n<p>El estudio tambi\u00e9n aborda las implicaciones econ\u00f3micas de estos nuevos f\u00e1rmacos, conocidos como incretinas, destacando que el coste de no tratar la obesidad en fases tempranas, permitiendo la progresi\u00f3n hacia complicaciones graves, debe valorarse en igualdad de condiciones en las decisiones de salud p\u00fablica y cl\u00ednica.<\/p>\n<p>La doctora Barbara McGowan ha insistido precisamente en la necesidad de personalizar el tratamiento: \u201cLa elecci\u00f3n terap\u00e9utica debe considerar la gravedad de la obesidad, la presencia y extensi\u00f3n de las complicaciones, otras comorbilidades, tratamientos concurrentes, as\u00ed como el contexto socioecon\u00f3mico, los valores y objetivos de cada paciente\u201d. <\/p>\n<p>A esto Borja Mart\u00ednez ha a\u00f1adido que <strong>\u201ces importante tener en cuenta que la mayor\u00eda de los medicamentos no se han evaluado de forma espec\u00edfica para cada complicaci\u00f3n, lo que deja vac\u00edos en el conocimiento sobre su potencial completo\u201d<\/strong>. Ha precisado al respecto que, \u201cno obstante, el horizonte terap\u00e9utico es prometedor, ya que podr\u00edan beneficiar tambi\u00e9n a enfermedades renales cr\u00f3nicas, trastornos neurodegenerativos, s\u00edndrome de ovario poliqu\u00edstico, ciertos tipos de c\u00e1ncer y problemas de salud mental\u201d.<\/p>\n","protected":false},"excerpt":{"rendered":"La Asociaci\u00f3n Europea para el Estudio de la Obesidad (EASO) acaba de publicar la primera gu\u00eda sobre los&hellip;\n","protected":false},"author":2,"featured_media":153077,"comment_status":"","ping_status":"","sticky":false,"template":"","format":"standard","meta":{"footnotes":""},"categories":[92],"tags":[27041,25,24,165,166,23,46180],"class_list":{"0":"post-153076","1":"post","2":"type-post","3":"status-publish","4":"format-standard","5":"has-post-thumbnail","7":"category-salud","8":"tag-c3","9":"tag-es","10":"tag-espana","11":"tag-health","12":"tag-salud","13":"tag-spain","14":"tag-ual"},"share_on_mastodon":{"url":"","error":""},"_links":{"self":[{"href":"https:\/\/www.europesays.com\/es\/wp-json\/wp\/v2\/posts\/153076","targetHints":{"allow":["GET"]}}],"collection":[{"href":"https:\/\/www.europesays.com\/es\/wp-json\/wp\/v2\/posts"}],"about":[{"href":"https:\/\/www.europesays.com\/es\/wp-json\/wp\/v2\/types\/post"}],"author":[{"embeddable":true,"href":"https:\/\/www.europesays.com\/es\/wp-json\/wp\/v2\/users\/2"}],"replies":[{"embeddable":true,"href":"https:\/\/www.europesays.com\/es\/wp-json\/wp\/v2\/comments?post=153076"}],"version-history":[{"count":0,"href":"https:\/\/www.europesays.com\/es\/wp-json\/wp\/v2\/posts\/153076\/revisions"}],"wp:featuredmedia":[{"embeddable":true,"href":"https:\/\/www.europesays.com\/es\/wp-json\/wp\/v2\/media\/153077"}],"wp:attachment":[{"href":"https:\/\/www.europesays.com\/es\/wp-json\/wp\/v2\/media?parent=153076"}],"wp:term":[{"taxonomy":"category","embeddable":true,"href":"https:\/\/www.europesays.com\/es\/wp-json\/wp\/v2\/categories?post=153076"},{"taxonomy":"post_tag","embeddable":true,"href":"https:\/\/www.europesays.com\/es\/wp-json\/wp\/v2\/tags?post=153076"}],"curies":[{"name":"wp","href":"https:\/\/api.w.org\/{rel}","templated":true}]}}