{"id":153078,"date":"2025-10-02T16:19:07","date_gmt":"2025-10-02T16:19:07","guid":{"rendered":"https:\/\/www.europesays.com\/es\/153078\/"},"modified":"2025-10-02T16:19:07","modified_gmt":"2025-10-02T16:19:07","slug":"cautivos-y-cautivados-por-el-biopic-abc","status":"publish","type":"post","link":"https:\/\/www.europesays.com\/es\/153078\/","title":{"rendered":"Cautivos y cautivados por el &#039;biopic&#039; &#8211; ABC"},"content":{"rendered":"<ol>\n<li><a href=\"https:\/\/news.google.com\/rss\/articles\/CBMikAFBVV95cUxPd210dGhoS2xQV19UZVh5Uklfc0JKRF94dVprNkZzcFlwQ3RrRmRJNmhrQ0ZPTURUdHlrZUNfOUI4N0NDU0FoRVFtdWViUEVaNVVLR3hMNTBUMGwtTElnVm91WDZISHI4SHYxajNrUmluS1d5NFN4QXBOTVFlWEc3X2tZNTF1Zmw5cjkzUTNvMWnSAZYBQVVfeXFMUEI0RXpVUXY3VWNqdVNvMTEtZS03STIyQ3RXWnZkcG0tc1B6dmlyNjRqZTk4aGdjNXgteWk3Z0hnbktKbUJncndKbGlzUzJpNzJPWGZ1aFBMSzVuanZoa1EwcW5DRFlFNGZyeFNud19LY2NTb3FxcVhBVGFoQ2FiZ0NheXB1M3lpenJvV0Jic2gtam9feWV3?oc=5\" target=\"_blank\" rel=\"nofollow noopener\">Cautivos y cautivados por el &#8216;biopic&#8217;<\/a>&nbsp;&nbsp;ABC<\/li>\n<li><a href=\"https:\/\/news.google.com\/rss\/articles\/CBMiogFBVV95cUxQbjFBc3VrOHBqYmgyRjJkdlNTZmRUdlgzdDNiR3lvSzZxejVjV2NnaUZjMjctWmNrTTZjVnV4TkV2RkNRbTFYUGo4SGpMVE5lS1NQLWpnTWFtRFRLMGFWYUNsSUlXX1MxWTJhc1d1LUFTcGZOT2JOM1FTQ0lDWDdNVzl2Zk54a0VqTWFZZENqZC1MZE5oX0xSNUJHaFFfNEF4MEE?oc=5\" target=\"_blank\" rel=\"nofollow noopener\">M\u00fcnter y Kandinsky, o una historia de amor, traici\u00f3n y redenci\u00f3n<\/a>&nbsp;&nbsp;El Confidencial<\/li>\n<li><a href=\"https:\/\/news.google.com\/rss\/articles\/CBMiyAFBVV95cUxNSDRzV0tIbVZIdzZjVWEyNzRYbF9lU05hbi05WHpwek1FYWEtcTBEcWYxTjY1MV9SQzVGTS1rckRNZWZlaENfOVh5UUZZOUVibWNaei0zTGhDd19Lb1dyNnFaeW9WVlNKYVJ2VU5zVlJwRFF3djRVR3p1aVF3QVBYTW00d3hrS2h4d2hWckhBUUtHWnBfOE1uVi1hZFVpN1FuaXExS0tOeWpGSHV0U0xtLUFkWU1oQ2NKeXBxS2U0c2RFNkRZMlJGU9IBzgFBVV95cUxPaHhnRGQyMEtGWXNBNkRBaGZENXkxektaNzBHeC1DQ3Z2MVpoYm9wam9CYlBfeFFUc3FOdHdBR2FKdW05VnA5RWQ3RHVReE9jVnNmODhEZEJUeElTb2xDMFV2WUZ5ZVBiRUpIMlNycm15WWZ2SHQzRjRwWXBhTXV4TlZVRW1qbE1yemNmT1E3YVlCSG5sM0c3TXRsdndvT3FZZlFOWkZCaWRzT0wxOGtjWnQwODJfRVVrRkRsdlhoWjhMTDBMYVdyNlljdVNqUQ?oc=5\" target=\"_blank\" rel=\"nofollow noopener\">&#8216;M\u00fcnter y el amor de Kandinsky&#8217;: una interesante lecci\u00f3n de arte y una injusta historia de amor<\/a>&nbsp;&nbsp;El Debate<\/li>\n<li><a href=\"https:\/\/news.google.com\/rss\/articles\/CBMi3gFBVV95cUxPc2otSWQ5TVBEeFZSV0UyaHVMbmswY1FNdlVWTU1aLXhTeFVOelZ2OWJOU3BXN21iYTNCRlZ4aF83YWNrLS1sRHZkeUxScFBGSWhyLWdMaVprcDlvSUxLTjltWUxEZ0d1b0JTT054NnRoX3BHTjlRYmk0ZHhYdzJuOHBBMFZPdTVIWC01anNHRTJhNHVfUGVnbWcwRC1RaFlPWXZFX0hMam5RanJGaEZiVm45VGppUkRtMlhhY20xQzJNVk5Kdk1rTUFjRVFIOVBkU2JYZ3N3dmpNNmhkZlHSAeMBQVVfeXFMUHBZMExDV29EdlhCLWxlck9lSGN4MkpIdmpfNWY3cHRjOTBQQ1NYU1ZSdGdoREM5akJ3c2stcEd4RGhZVWlDT0s2V3FWODNBMkZWV09kR0E4ek1yYXJnRDlzbzRseF9mdm1uQzlseEktczJURUJ5TWx5eG9LdXl5M3VVcC1xRmgzYjEwWWFhb05zcVp2QU9TbXctUDZUNEVHcWVZRmxqRndXRmo2NnlyR0FUcnlHRjZOQnBJOTNTNEw4QnQ5cEZneEp6eW55WVRuNDJvNThwOVRoNy0tQ2xoOEVYa1E?oc=5\" target=\"_blank\" rel=\"nofollow noopener\">Gabriele M\u00fcnter y el amor de Vasili Kandinsky: c\u00f3mo (no) retratar a una mujer artista<\/a>&nbsp;&nbsp;Cr\u00f3nica Global<\/li>\n<li><a href=\"https:\/\/news.google.com\/rss\/articles\/CBMi6gFBVV95cUxPYlR3QlVDTkxlbFRYU080VDJGNm8ySEd2blpiZTdlZTBNYVZ5TlQtRVVqQUdSUllfemdRYzlrVV81TU5XM1lNZzNfV3ZQRzBTb25PNnRkWXRySm5fWVAxSDdZR2I0M0hwaWhoclg3NTVpMUhULWs3cDlsOS1ucmFvOUhibVMyY0VWTk5aenJwOW5pejZESDcxa2NTdlJsV3JSb0V3N0lkVmFVNHVJNC1xcHpTX3FnYnBFbzRBenVyeWxZZU8wcDNFaF9rcXdhRXVKZll5Y3kxUE9LQXFBX1QxaWVwZWFoMVBYcEE?oc=5\" target=\"_blank\" rel=\"nofollow noopener\">Cr\u00edtica de &#8216;M\u00fcnter y el amor de Kandinsky&#8217;: nueva historia sobre los territorios emocionales de un gran artista<\/a>&nbsp;&nbsp;20Minutos<\/li>\n<\/ol>\n","protected":false},"excerpt":{"rendered":"Cautivos y cautivados por el &#8216;biopic&#8217;&nbsp;&nbsp;ABC M\u00fcnter y Kandinsky, o una historia de amor, traici\u00f3n y redenci\u00f3n&nbsp;&nbsp;El Confidencial&hellip;\n","protected":false},"author":2,"featured_media":153079,"comment_status":"","ping_status":"","sticky":false,"template":"","format":"standard","meta":{"footnotes":""},"categories":[91],"tags":[6458,46182,46181,146,147,25,24,23],"class_list":{"0":"post-153078","1":"post","2":"type-post","3":"status-publish","4":"format-standard","5":"has-post-thumbnail","7":"category-entretenimiento","8":"tag-biopic","9":"tag-cautivados","10":"tag-cautivos","11":"tag-entertainment","12":"tag-entretenimiento","13":"tag-es","14":"tag-espana","15":"tag-spain"},"share_on_mastodon":{"url":"","error":""},"_links":{"self":[{"href":"https:\/\/www.europesays.com\/es\/wp-json\/wp\/v2\/posts\/153078","targetHints":{"allow":["GET"]}}],"collection":[{"href":"https:\/\/www.europesays.com\/es\/wp-json\/wp\/v2\/posts"}],"about":[{"href":"https:\/\/www.europesays.com\/es\/wp-json\/wp\/v2\/types\/post"}],"author":[{"embeddable":true,"href":"https:\/\/www.europesays.com\/es\/wp-json\/wp\/v2\/users\/2"}],"replies":[{"embeddable":true,"href":"https:\/\/www.europesays.com\/es\/wp-json\/wp\/v2\/comments?post=153078"}],"version-history":[{"count":0,"href":"https:\/\/www.europesays.com\/es\/wp-json\/wp\/v2\/posts\/153078\/revisions"}],"wp:featuredmedia":[{"embeddable":true,"href":"https:\/\/www.europesays.com\/es\/wp-json\/wp\/v2\/media\/153079"}],"wp:attachment":[{"href":"https:\/\/www.europesays.com\/es\/wp-json\/wp\/v2\/media?parent=153078"}],"wp:term":[{"taxonomy":"category","embeddable":true,"href":"https:\/\/www.europesays.com\/es\/wp-json\/wp\/v2\/categories?post=153078"},{"taxonomy":"post_tag","embeddable":true,"href":"https:\/\/www.europesays.com\/es\/wp-json\/wp\/v2\/tags?post=153078"}],"curies":[{"name":"wp","href":"https:\/\/api.w.org\/{rel}","templated":true}]}}