{"id":153084,"date":"2025-10-02T16:22:08","date_gmt":"2025-10-02T16:22:08","guid":{"rendered":"https:\/\/www.europesays.com\/es\/153084\/"},"modified":"2025-10-02T16:22:08","modified_gmt":"2025-10-02T16:22:08","slug":"leon-xiv-el-algoritmo-jamas-podra-sustituir-un-gesto-de-cercania","status":"publish","type":"post","link":"https:\/\/www.europesays.com\/es\/153084\/","title":{"rendered":"Le\u00f3n XIV: El algoritmo jam\u00e1s podr\u00e1 sustituir un gesto de cercan\u00eda"},"content":{"rendered":"<p>El Papa recibi\u00f3 en el Vaticano a representantes de la Confederaci\u00f3n M\u00e9dica Latinoiberoamericana y del Caribe. En su mensaje, destac\u00f3 la centralidad de la relaci\u00f3n m\u00e9dico-paciente frente a los desaf\u00edos tecnol\u00f3gicos y record\u00f3 el testimonio del beato Jos\u00e9 Gregorio Hern\u00e1ndez.<\/p>\n<p style=\"text-align: justify;\"><b>Sebasti\u00e1n Sans\u00f3n Ferrari &#8211; Ciudad del Vaticano<\/b><\/p>\n<p style=\"text-align: justify;\">\u00abEl que no pod\u00eda ser tocado encuentra en una caricia de Jes\u00fas la salud y la salvaci\u00f3n\u00bb. Con esta imagen del Evangelio, el Papa Le\u00f3n XIV ilumin\u00f3 el centro de su mensaje a los representantes de la Confederaci\u00f3n M\u00e9dica Latinoiberoamericana y del Caribe (CONFEMEL), reunidos en el Vaticano el jueves 2 de octubre.<\/p>\n<p style=\"text-align: justify;\">El Pont\u00edfice quiso subrayar que, en la medicina, m\u00e1s all\u00e1 de las herramientas t\u00e9cnicas, lo que verdaderamente sana es la relaci\u00f3n personal entre m\u00e9dico y paciente. Una cercan\u00eda que, seg\u00fan record\u00f3, ninguna inteligencia artificial puede reemplazar: \u201cEl algoritmo nunca podr\u00e1 sustituir un gesto de cercan\u00eda o una palabra de consuelo\u201d.<\/p>\n<p style=\"text-align: justify;\">La audiencia se desarroll\u00f3 en un clima de acogida y gratitud. El Santo Padre agradeci\u00f3 a los profesionales sanitarios que integran CONFEMEL \u2014m\u00e1s de dos millones de m\u00e9dicos de la regi\u00f3n\u2014 por su esfuerzo en llevar atenci\u00f3n de calidad hasta los lugares m\u00e1s apartados: \u201cGracias por esta incansable labor\u201d, expres\u00f3 al inicio del encuentro.<\/p>\n<p style=\"text-align: justify;\">El Papa enmarc\u00f3 su reflexi\u00f3n en la memoria lit\u00fargica de los Santos \u00c1ngeles Custodios. As\u00ed como ellos acompa\u00f1an y protegen, dijo, los m\u00e9dicos est\u00e1n llamados a cuidar y velar por la salud de cada persona. Retomando a san Agust\u00edn, record\u00f3 que Cristo mismo es m\u00e9dico y medicina, palabra y carne que sanan: \u201cEl di\u00e1logo, la comunicaci\u00f3n y el contacto f\u00edsico siempre han de estar presentes en la relaci\u00f3n terap\u00e9utica\u201d.<\/p>\n<p style=\"text-align: justify;\">Tambi\u00e9n se\u00f1al\u00f3 luego, como fuente de inspiraci\u00f3n para la CONFEMEL, a una importante figura de Am\u00e9rica Latina que \u201csupo dedicar su vida al bien de sus pacientes\u201d: el beato Jos\u00e9 Gregorio Hern\u00e1ndez Cisneros, uno de los m\u00e9dicos m\u00e1s conocidos en Venezuela a inicios del siglo XX, que ser\u00e1 canonizado el pr\u00f3ximo 19 de octubre por Le\u00f3n XIV en la Plaza de San Pedro. \u201cLo considero un buen ejemplo para ustedes\u201d, afirma el Papa, \u201cpues supo compaginar su alta competencia m\u00e9dica con su dedicaci\u00f3n a los m\u00e1s necesitados, lo que le vali\u00f3 el t\u00edtulo de \u2018m\u00e9dico de los pobres\u2019\u201d.<\/p>\n<p>      <a href=\"https:\/\/www.vaticannews.va\/es\/papa\/news\/2025-02\/papa-promulga-decretos-canonizaciones-jose-gregorio-hernandez.html\" title=\"El Papa autoriza la canonizaci\u00f3n del venezolano Jos\u00e9 Gregorio Hern\u00e1ndez\" rel=\"nofollow noopener\" target=\"_blank\"><\/p>\n<p>         <img decoding=\"async\" src=\"data:image\/gif;base64,R0lGODlhAQABAIAAAAAAAP\/\/\/yH5BAEAAAAALAAAAAABAAEAAAIBRAA7\" data-original=\"https:\/\/www.vaticannews.va\/content\/dam\/vaticannews\/agenzie\/images\/reuters\/2021\/04\/29\/06\/1619672294878.JPG\/_jcr_content\/renditions\/cq5dam.thumbnail.cropped.500.281.jpeg\" alt=\"El Papa autoriza la canonizaci\u00f3n del venezolano Jos\u00e9 Gregorio Hern\u00e1ndez\"\/><\/p>\n<p>       <\/a><\/p>\n<p>\n       Adem\u00e1s de Hern\u00e1ndez, los Decretos que el Pont\u00edfice promulg\u00f3 aprueban la petici\u00f3n de canonizaci\u00f3n del beato Bartolo Longo, fundador del Santuario de Pompeya. Entre los nuevos &#8230;\n      <\/p>\n<p style=\"text-align: justify;\">De cara a los desaf\u00edos que plantea la inteligencia artificial en el \u00e1mbito sanitario, el Sucesor de Pedro anim\u00f3 a los profesionales a acoger las oportunidades de estas nuevas herramientas, pero sin perder la esencia de su misi\u00f3n: \u201cPueden y deben ser una gran ayuda para mejorar la asistencia cl\u00ednica, pero nunca podr\u00e1n ocupar el lugar del m\u00e9dico, porque ustedes son, como dec\u00eda el Papa Benedicto XVI, reservas de amor, que llevan serenidad y esperanza a los que sufren\u201d.<\/p>\n<p style=\"text-align: justify;\">El Papa concluy\u00f3 invitando a los m\u00e9dicos de CONFEMEL a mantener la esperanza y a vivir su vocaci\u00f3n como un camino de servicio y acompa\u00f1amiento, poni\u00e9ndolos bajo la intercesi\u00f3n de Cristo y de la Virgen Mar\u00eda, Salud de los enfermos. Y con tono cercano, reiter\u00f3 la centralidad de la relaci\u00f3n m\u00e9dico-paciente: \u201cEsa relaci\u00f3n y esa posibilidad de vida y esperanza que ustedes tambi\u00e9n ofrecen a todos sus pacientes, a todos los enfermos\u201d.<\/p>\n","protected":false},"excerpt":{"rendered":"El Papa recibi\u00f3 en el Vaticano a representantes de la Confederaci\u00f3n M\u00e9dica Latinoiberoamericana y del Caribe. En su&hellip;\n","protected":false},"author":2,"featured_media":153085,"comment_status":"","ping_status":"","sticky":false,"template":"","format":"standard","meta":{"footnotes":""},"categories":[42],"tags":[24516,1733,2509,17,18,25074,13,14,11,136,61,62,63,64,19,20,46183,9,10,15,16,400,12,21,22,65,66,67],"class_list":{"0":"post-153084","1":"post","2":"type-post","3":"status-publish","4":"format-standard","5":"has-post-thumbnail","7":"category-internacional","8":"tag-america-latina","9":"tag-amor","10":"tag-audiencias","11":"tag-breaking-news","12":"tag-breakingnews","13":"tag-enfermos","14":"tag-featured-news","15":"tag-featurednews","16":"tag-headlines","17":"tag-inteligencia-artificial","18":"tag-internacional","19":"tag-international","20":"tag-international-news","21":"tag-internationalnews","22":"tag-latest-news","23":"tag-latestnews","24":"tag-medicina-y-salud","25":"tag-news","26":"tag-noticias","27":"tag-noticias-destacadas","28":"tag-noticiasdestacadas","29":"tag-papa-leon-xiv","30":"tag-titulares","31":"tag-ultimas-noticias","32":"tag-ultimasnoticias","33":"tag-world","34":"tag-world-news","35":"tag-worldnews"},"share_on_mastodon":{"url":"","error":""},"_links":{"self":[{"href":"https:\/\/www.europesays.com\/es\/wp-json\/wp\/v2\/posts\/153084","targetHints":{"allow":["GET"]}}],"collection":[{"href":"https:\/\/www.europesays.com\/es\/wp-json\/wp\/v2\/posts"}],"about":[{"href":"https:\/\/www.europesays.com\/es\/wp-json\/wp\/v2\/types\/post"}],"author":[{"embeddable":true,"href":"https:\/\/www.europesays.com\/es\/wp-json\/wp\/v2\/users\/2"}],"replies":[{"embeddable":true,"href":"https:\/\/www.europesays.com\/es\/wp-json\/wp\/v2\/comments?post=153084"}],"version-history":[{"count":0,"href":"https:\/\/www.europesays.com\/es\/wp-json\/wp\/v2\/posts\/153084\/revisions"}],"wp:featuredmedia":[{"embeddable":true,"href":"https:\/\/www.europesays.com\/es\/wp-json\/wp\/v2\/media\/153085"}],"wp:attachment":[{"href":"https:\/\/www.europesays.com\/es\/wp-json\/wp\/v2\/media?parent=153084"}],"wp:term":[{"taxonomy":"category","embeddable":true,"href":"https:\/\/www.europesays.com\/es\/wp-json\/wp\/v2\/categories?post=153084"},{"taxonomy":"post_tag","embeddable":true,"href":"https:\/\/www.europesays.com\/es\/wp-json\/wp\/v2\/tags?post=153084"}],"curies":[{"name":"wp","href":"https:\/\/api.w.org\/{rel}","templated":true}]}}