{"id":153086,"date":"2025-10-02T16:23:12","date_gmt":"2025-10-02T16:23:12","guid":{"rendered":"https:\/\/www.europesays.com\/es\/153086\/"},"modified":"2025-10-02T16:23:12","modified_gmt":"2025-10-02T16:23:12","slug":"andalucia-pide-mas-dialogo-en-vivienda-y-anuncia-que-presentara-alegaciones-al-nuevo-plan-estatal","status":"publish","type":"post","link":"https:\/\/www.europesays.com\/es\/153086\/","title":{"rendered":"Andaluc\u00eda pide \u00abm\u00e1s di\u00e1logo\u00bb en vivienda y anuncia que presentar\u00e1 alegaciones al nuevo Plan Estatal"},"content":{"rendered":"<p style=\"\">La consejera de Fomento, Articulaci\u00f3n del Territorio y Vivienda, <strong>Roc\u00edo D\u00edaz<\/strong>, ha asistido hoy en Madrid a la Conferencia Sectorial de Vivienda y Agenda Urbana, donde ha anunciado que Andaluc\u00eda presentar\u00e1 alegaciones en tiempo y forma al <strong>Plan Estatal de Vivienda 2026-2030<\/strong>  &#8230; despu\u00e9s de que se haya hecho p\u00fablico un borrador \u00absin debate previo con las comunidades aut\u00f3nomas\u00bb, que aportan una parte importante de la financiaci\u00f3n, adem\u00e1s de ser las administraciones competentes en materia de vivienda.<\/p>\n<p class=\"voc-p\" style=\"\">\u00abEl Gobierno de <strong>Pedro S\u00e1nchez<\/strong> vuelve a utilizar la imposici\u00f3n y la falta de di\u00e1logo y de respeto a la autonom\u00eda de Andaluc\u00eda\u00bb, ha lamentado la consejera de Fomento, quien ha trasladado a la ministra la necesidad de convocar una nueva Conferencia Sectorial cuando se analicen todas las alegaciones presentadas y haya un nuevo borrador. En su intervenci\u00f3n, la consejera de Fomento tambi\u00e9n se ha quejado de que se haya tenido que esperar \u00abcasi un a\u00f1o\u00bb para reunir a las comunidades aut\u00f3nomas y hablar sobre un tema de vital importancia como es la vivienda, cuando \u00abllevamos meses pidiendo un debate sereno\u00bb.<\/p>\n<p class=\"voc-p\" style=\"\">\u00abCreemos que la negociaci\u00f3n debe primar en un tema tan sensible como es la vivienda y, sin embargo, nos encontramos con <strong>un documento cerrado y con poco margen para el debate<\/strong>\u00bb, ha manifestado la titular de Fomento ante un Plan Estatal cuyo contenido y condiciones \u00abnos enteramos hace pocos d\u00edas, cuando se someti\u00f3 el borrador a informaci\u00f3n p\u00fablica\u00bb.<\/p>\n<p>\n\u00abSin imposiciones\u00bb\n<\/p>\n<p class=\"voc-p\" style=\"\">El Gobierno andaluz est\u00e1 siempre en <strong>\u00abla negociaci\u00f3n sin imposiciones\u00bb<\/strong>. En este sentido, ha remarcado que \u00abhay que invertir m\u00e1s en vivienda\u00bb, como se ha hecho en Andaluc\u00eda, donde se ha duplicado el presupuesto en los \u00faltimos siete a\u00f1os. \u00abAndaluc\u00eda tiene un modelo propio de vivienda centrado en la construcci\u00f3n de viviendas protegidas y en la rehabilitaci\u00f3n, la bajada de impuestos y la eliminaci\u00f3n de burocracia. Un modelo que est\u00e1 dando respuestas a los ciudadanos y en el que seguiremos trabajando\u00bb, ha subrayado Roc\u00edo D\u00edaz.<\/p>\n<p class=\"voc-p\" style=\"\">Al respecto, la titular de Fomento ha pedido, adem\u00e1s de un reparto equitativo en la cofinanciaci\u00f3n, la<strong> inclusi\u00f3n de una cl\u00e1usula transitoria<\/strong> en el nuevo Plan que evite que se paralicen programas y ayudas ya previstas por las comunidades aut\u00f3nomas. \u00abLos ciudadanos no pueden pagar las consecuencias de presentar un plan a s\u00f3lo tres meses de su entrada en vigor\u00bb, ha asegurado la consejera de Fomento, quien ha solicitado asimismo m\u00e1s flexibilidad en los criterios de las 19 l\u00edneas de subvenciones recogidas en el borrador.<\/p>\n<p class=\"voc-p\" style=\"\">Igualmente, D\u00edaz ha pedido al Ministerio de Vivienda y Agenda Urbana m\u00e1s certidumbre sobre la continuidad de las ayudas con cargo a los <strong>fondos europeos Next Generation<\/strong>, que debe quedar reflejada de forma clara y directa en el nuevo Plan Estatal. Por \u00faltimo, ha asegurado que Andaluc\u00eda lo tiene todo dispuesto para seguir gestionando con garant\u00edas m\u00e1s fondos del Bono Alquiler Joven.<\/p>\n","protected":false},"excerpt":{"rendered":"La consejera de Fomento, Articulaci\u00f3n del Territorio y Vivienda, Roc\u00edo D\u00edaz, ha asistido hoy en Madrid a la&hellip;\n","protected":false},"author":2,"featured_media":153087,"comment_status":"","ping_status":"","sticky":false,"template":"","format":"standard","meta":{"footnotes":""},"categories":[8],"tags":[46184,259,4187,17,18,24983,25,24,19697,13,14,11,19,20,9,10,15,16,524,34,2568,17178,23,12,21,22,3633],"class_list":{"0":"post-153086","1":"post","2":"type-post","3":"status-publish","4":"format-standard","5":"has-post-thumbnail","7":"category-espana","8":"tag-alegaciones","9":"tag-andalucia","10":"tag-anuncia","11":"tag-breaking-news","12":"tag-breakingnews","13":"tag-dialogo","14":"tag-es","15":"tag-espana","16":"tag-estatal","17":"tag-featured-news","18":"tag-featurednews","19":"tag-headlines","20":"tag-latest-news","21":"tag-latestnews","22":"tag-news","23":"tag-noticias","24":"tag-noticias-destacadas","25":"tag-noticiasdestacadas","26":"tag-nuevo","27":"tag-pide","28":"tag-plan","29":"tag-presentara","30":"tag-spain","31":"tag-titulares","32":"tag-ultimas-noticias","33":"tag-ultimasnoticias","34":"tag-vivienda"},"share_on_mastodon":{"url":"","error":""},"_links":{"self":[{"href":"https:\/\/www.europesays.com\/es\/wp-json\/wp\/v2\/posts\/153086","targetHints":{"allow":["GET"]}}],"collection":[{"href":"https:\/\/www.europesays.com\/es\/wp-json\/wp\/v2\/posts"}],"about":[{"href":"https:\/\/www.europesays.com\/es\/wp-json\/wp\/v2\/types\/post"}],"author":[{"embeddable":true,"href":"https:\/\/www.europesays.com\/es\/wp-json\/wp\/v2\/users\/2"}],"replies":[{"embeddable":true,"href":"https:\/\/www.europesays.com\/es\/wp-json\/wp\/v2\/comments?post=153086"}],"version-history":[{"count":0,"href":"https:\/\/www.europesays.com\/es\/wp-json\/wp\/v2\/posts\/153086\/revisions"}],"wp:featuredmedia":[{"embeddable":true,"href":"https:\/\/www.europesays.com\/es\/wp-json\/wp\/v2\/media\/153087"}],"wp:attachment":[{"href":"https:\/\/www.europesays.com\/es\/wp-json\/wp\/v2\/media?parent=153086"}],"wp:term":[{"taxonomy":"category","embeddable":true,"href":"https:\/\/www.europesays.com\/es\/wp-json\/wp\/v2\/categories?post=153086"},{"taxonomy":"post_tag","embeddable":true,"href":"https:\/\/www.europesays.com\/es\/wp-json\/wp\/v2\/tags?post=153086"}],"curies":[{"name":"wp","href":"https:\/\/api.w.org\/{rel}","templated":true}]}}