{"id":153088,"date":"2025-10-02T16:24:35","date_gmt":"2025-10-02T16:24:35","guid":{"rendered":"https:\/\/www.europesays.com\/es\/153088\/"},"modified":"2025-10-02T16:24:35","modified_gmt":"2025-10-02T16:24:35","slug":"la-comunidad-de-madrid-responde-a-las-aglomeraciones-de-viajeros-asegurando-que-su-metro-es-el-mejor-del-mundo","status":"publish","type":"post","link":"https:\/\/www.europesays.com\/es\/153088\/","title":{"rendered":"La Comunidad de Madrid responde a las aglomeraciones de viajeros asegurando que su Metro es \u201cel mejor del mundo\u201d"},"content":{"rendered":"<p class=\"article-text\">\n        El plan alternativo a la situaci\u00f3n actual de aglomeraciones en Metro de Madrid se limitar\u00e1 a una nueva lanzadera entre Moncloa y Ciudad Universitaria y a que operen los mismos trenes que hab\u00eda hace un a\u00f1o. Esas son las \u00fanicas novedades que ha confirmado el Gobierno de Ayuso este jueves, durante su comparecencia para explicar los problemas que est\u00e1 sufriendo el suburbano madrile\u00f1o y detallar sus planes para mitigarlos.\n    <\/p>\n<p>    <a href=\"https:\/\/www.eldiario.es\/madrid\/somos\/ayuso-anuncia-nueva-linea-bus-moncloa-ciudad-universitaria-caos-obras-metro-madrid_1_12650248.html\" data-mrf-recirculation=\"saber-mas\" data-dl-event=\"saber-mas\" rel=\"nofollow noopener\" target=\"_blank\"><\/p>\n<p class=\"know-more__title\">Ayuso anuncia una nueva l\u00ednea de bus de Moncloa a Ciudad Universitaria ante el caos por las obras en Metro de Madrid<\/p>\n<p>            <img decoding=\"async\" class=\"lazy\" loading=\"lazy\" data-src=\"https:\/\/static.eldiario.es\/clip\/59a12489-64f4-4447-b7ec-a613943cd81d_16-9-aspect-ratio_default_0.jpg\" src=\"data:image\/svg+xml,%3Csvg xmlns=\" http:=\"\" viewbox=\"0 0 880 495\" alt=\"Ayuso anuncia una nueva l\u00ednea de bus de Moncloa a Ciudad Universitaria ante el caos por las obras en Metro de Madrid\"\/><\/p>\n<p>                        <\/a><\/p>\n<p class=\"article-text\">\n        M\u00e1s Madrid hab\u00eda pedido la presencia del consejero de Transportes para hacerlo, pero su baja por enfermedad llev\u00f3 a dar explicaciones a Miguel \u00c1ngel Garc\u00eda, consejero de Presidencia. Este centr\u00f3 su discurso en ofrecer \u201cdisculpas\u201d a los viajeros y pedirles \u201cpaciencia\u201d para soportar los efectos que las obras de la l\u00ednea 6 est\u00e1n causando en el resto de la red.\n    <\/p>\n<p class=\"article-text\">\n        Luego confirm\u00f3 el anuncio que minutos antes hab\u00eda hecho la presidenta regional, Isabel D\u00edaz Ayuso: <a href=\"https:\/\/www.eldiario.es\/madrid\/somos\/ayuso-anuncia-nueva-linea-bus-moncloa-ciudad-universitaria-caos-obras-metro-madrid_1_12650248.html\" data-mrf-recirculation=\"links-noticia\" class=\"link\" rel=\"nofollow noopener\" target=\"_blank\">que habr\u00e1 una nueva lanzadera para unir Moncloa con Ciudad Universitaria<\/a>, con frecuencias de entre cinco y diez minutos, que funcionar\u00e1 cada d\u00eda de 7.30 a 21.00 horas. Ser\u00e1 gratuita, como el resto de servicios alternativos que ha puesto en marcha la Comunidad para intentar paliar el cierre en el arco norte de la Circular.\n    <\/p>\n<p class=\"article-text\">\n        Otra de las medidas previstas es el incremento del n\u00famero de trenes en el resto de l\u00edneas, m\u00e1s saturadas de viajeros por la necesidad de cubrir las alternativas de sus viajes. El consejero Garc\u00eda aseguraba que se han incrementado un 19% los servicios en l\u00edneas como la 5. El dato lo cuestionaba la oposici\u00f3n a la vista de las im\u00e1genes registradas en las \u00faltimas semanas. Luego la Comunidad aclaraba que en las pr\u00f3ximas semanas se pasar\u00e1 de 295 a 319 convoyes en sus 12 l\u00edneas, recuperando una cifra de trenes que ya hab\u00eda hace un a\u00f1o y que pese a su salida del tramo en obras de la l\u00ednea 6 no se hab\u00edan recuperado para el resto del trazado.\n    <\/p>\n<p class=\"article-text\">\n        Aparte de estos dos peque\u00f1os anuncios el consejero de Ayuso presumi\u00f3 primero de contar con \u201cuno de los mejores metros del mundo\u201d y \u201cel mejor de Europa\u201d para luego asegurar al final de su discurso de estar \u201cmuy orgulloso\u201d de contar con \u201cel mejor Metro del mundo\u201d, un mensaje que tambi\u00e9n reforzo en su intervenci\u00f3n el representante del Grupo del PP en la c\u00e1mara.\n    <\/p>\n<p class=\"article-text\">\n        La otra idea sobre la que gir\u00f3 la comparecencia fue la de comparar las aglomeraciones en el suburbano, que depende de la Comunidad de Madrid, con las del Cercan\u00edas, responsabilidad del Ministerio de Transportes. \u201cHemos tenido que absorber la demanda de pasajeros que no quieren entrar al Cercan\u00edas ni regalado, no quieren subirse al desastre de \u00d3scar Puente, del gobierno social-comunista\u201d, aseguraba Miguel \u00c1ngel Garc\u00eda. El Gobierno de Ayuso esgrim\u00eda el dato de que en Metro \u201csolo\u201d hab\u00eda registrado 201 incidencias en lo que va de a\u00f1o frente a las 1.018 del servicio de trenes regional.\n    <\/p>\n<p class=\"article-text\">\n        \u201cNo le puede pedir paciencia a la persona que va en Metro y le empujan para que entre a un vag\u00f3n abarrotado\u201d, aseguraba la diputada regional de M\u00e1s Madrid encargada de la r\u00e9plica, Mar\u00eda Ac\u00edn, que hac\u00eda alusi\u00f3n a l<a href=\"https:\/\/www.eldiario.es\/madrid\/somos\/metro-madrid-recupera-empujadores-abarrotar-vagones-paliar-aglomeraciones-andenes_1_12640498.html\" data-mrf-recirculation=\"links-noticia\" class=\"link\" rel=\"nofollow noopener\" target=\"_blank\">as 120 personas que la Comunidad ha contratado para intentar llenar al m\u00e1ximo los convoys<\/a> y despejar las aglomeraciones de los andenes.\n    <\/p>\n<p class=\"article-text\">\n        Ac\u00edn se ha quejado de la \u201cratonera\u201d en la que se ha vuelto la capital mienstras ense\u00f1aba im\u00e1genes de aglomeraciones en trenes y vagones. \u201cSabes cu\u00e1ndo entras, pero en realidad no sabes cu\u00e1ndo vas a viajar ni cu\u00e1ndo vas a salir\u201d, denunciaba y achacaba al Gobierno de Ayuso el caos porque \u201cno sabe planificar, no sabe gestionar, no sabe coordinarse y no sabe resolver\u201d. A la vez, echaba en cara que la Comunidad haya tardado un mes en darse cuenta de que hac\u00edan falta lanzaderas entre Moncloa -final del tramo de l\u00ednea 6 en funcionamiento- y la estaci\u00f3n universitaria.\n    <\/p>\n<p class=\"article-text\">\n        M\u00e1s Madrid tampoco ha comprado el triunfalismo de la Comunidad de Madrid con el Metro, recordando que los madrile\u00f1os gastan 69 minutos diarios en sus desplazamientos, \u201cuna aut\u00e9ntica burrada\u201d. Adem\u00e1s, ha aportado el dato de que en 2023 se produjeron 59 incidencias diarias porque faltaban conductores, a\u00f1o en el que los usuarios de Metro de Madrid sufrieron cuatro millones de horas de retraso.\n    <\/p>\n<p class=\"article-text\">\n        El PSOE tambi\u00e9n reclamaba alternativas a las im\u00e1genes de largas colas que se ven cada ma\u00f1ana en lugares como Moncloa, donde los universitarios aguardan el paso de servicios especiales como el autob\u00fas de la l\u00ednea SE6. La longitud de estas esperas fue publicada a inicios de semana por el tambi\u00e9n socialista \u00d3scar L\u00f3pez.\n    <\/p>\n<blockquote class=\"twitter-tweet\" data-lang=\"es\"><p><a href=\"https:\/\/twitter.com\/X\/status\/1972959880400244861?ref_src=twsrc%5Etfw\" rel=\"nofollow noopener\" target=\"_blank\"><\/p><\/blockquote>\n<p class=\"article-text\">\n        Durante su turno de palabra, la diputada socialista Isabel Cad\u00f3rniga Varela ha aludido a una situaci\u00f3n de \u201ccaos\u201d a la vez que acusaba al PP de Isabel D\u00edaz Ayuso de dejar \u201ccaer en pedazos\u201d este \u201cservicio p\u00fablico esencial\u201d, poniendo \u201cen riesgo la movilidad, la igualdad de oportunidades y la vida diaria de millones de personas\u201d.\n    <\/p>\n<p class=\"article-text\">\n        \u201cHan convertido el derecho a moverse libremente en un privilegio de unos pocos, los suyos, los de siempre, los que van en coche oficial y los que no tienen ning\u00fan problema a que les empujen\u201d, les ha reprochado, al tiempo que ha reclamado nuevamente la gratuidad del transporte p\u00fablico mientras duren las obras.\n    <\/p>\n<p class=\"article-text\">\n        \u201cLo \u00fanico que hacen es una planificaci\u00f3n orientada al ciclo electoral y no a la ciudadan\u00eda\u201d, ha criticado la diputada, que ha recalcado que est\u00e1n a tiempo de \u201crectificar\u201d y ha tildado de \u201ctercermundista\u201d la figura del \u201cempujador\u201d. \u201cEl transporte no es un lujo, es un derecho y contar con uno de calidad es justicia social. No es un capricho, es un derecho, as\u00ed que p\u00f3nganse las pilas\u201d, les ha instado.\n    <\/p>\n<p class=\"article-text\">\n        Desde Vox, el diputado Javier P\u00e9rez Gallardo ha remarcado el \u201cproblema de colapso\u201d en Metro de Madrid y ha recriminado al PP que se \u201cequivoque de diagn\u00f3stico\u201d al echar la culpa a Cercan\u00edas, que se usa para conectar los municipios con la capital y no para moverse dentro de la ciudad. \u201cNo son capaces ustedes de afrontar la diferencia que hay entre la oferta y la demanda\u201d, ha recriminado al Gobierno regional.\n    <\/p>\n<p>    <a href=\"https:\/\/www.eldiario.es\/madrid\/somos\/metro-madrid-recupera-empujadores-abarrotar-vagones-paliar-aglomeraciones-andenes_1_12640498.html\" data-mrf-recirculation=\"saber-mas-abajo\" data-dl-event=\"saber-mas-abajo\" rel=\"nofollow noopener\" target=\"_blank\"><\/p>\n<p class=\"know-more__title\">Metro de Madrid recupera a los &#8216;empujadores&#8217; para abarrotar sus vagones y paliar las aglomeraciones en los andenes<\/p>\n<p>            <img decoding=\"async\" class=\"lazy\" loading=\"lazy\" data-src=\"https:\/\/static.eldiario.es\/clip\/6b804455-ab0e-4163-91af-e06e660f9c65_16-9-aspect-ratio_default_0_x295y588.jpg\" src=\"data:image\/svg+xml,%3Csvg xmlns=\" http:=\"\" viewbox=\"0 0 880 495\" alt=\"Metro de Madrid recupera a los 'empujadores' para abarrotar sus vagones y paliar las aglomeraciones en los andenes\"\/><\/p>\n<p>                        <\/a><\/p>\n<p class=\"article-text\">\n        Tambi\u00e9n ha advertido ante la \u201cinseguridad\u201d en el suburbano y la falta de trenes y trabajadores. \u201cEl transporte p\u00fablico siempre ha sido algo por lo que Madrid ten\u00eda que presumir y van a ser ustedes los que van a conseguir que pase del orgullo a ser la foto de la mala gesti\u00f3n\u201d, ha dicho P\u00e9rez Gallardo, quien ha apuntado que \u201cahora mismo Metro de Madrid es la foto del colapso, la foto de los empujones y la foto de la inseguridad\u201d.\n    <\/p>\n<p class=\"article-text\">Recibe las noticias m\u00e1s importantes de Madrid con un bolet\u00edn escrito para ti, todos los viernes en tu correo. <a href=\"https:\/\/www.eldiario.es\/madrid\/somos\/boletin\/\" rel=\"nofollow noopener\" target=\"_blank\">Ap\u00fantate aqu\u00ed<\/a> y rec\u00edbelas junto a los mejores planes para el fin de semana. Tambi\u00e9n puedes seguirnos desde tu red social preferida, en <a href=\"https:\/\/www.facebook.com\/diariosomosmadrid\/\" target=\"_blank\" rel=\"nofollow noopener\">Facebook<\/a>, <a href=\"https:\/\/bsky.app\/profile\/somosmadrid.bsky.social\" target=\"_blank\" rel=\"nofollow noopener\">Bluesky<\/a> o <a href=\"https:\/\/www.instagram.com\/somos.madrid\/\" target=\"_blank\" rel=\"nofollow noopener\">Instagram<\/a><\/p>\n<p>                                    <script async src=\"https:\/\/platform.twitter.com\/widgets.js\" charset=\"utf-8\"><\/script><script async src=\"\/\/www.instagram.com\/embed.js\"><\/script><\/p>\n","protected":false},"excerpt":{"rendered":"El plan alternativo a la situaci\u00f3n actual de aglomeraciones en Metro de Madrid se limitar\u00e1 a una nueva&hellip;\n","protected":false},"author":2,"featured_media":153089,"comment_status":"","ping_status":"","sticky":false,"template":"","format":"standard","meta":{"footnotes":""},"categories":[5],"tags":[46185,46186,17,18,10898,25,24,13,14,11,19,20,205,1684,14236,3013,9,10,15,16,1259,23,12,21,22,14872],"class_list":{"0":"post-153088","1":"post","2":"type-post","3":"status-publish","4":"format-standard","5":"has-post-thumbnail","7":"category-titulares","8":"tag-aglomeraciones","9":"tag-asegurando","10":"tag-breaking-news","11":"tag-breakingnews","12":"tag-comunidad","13":"tag-es","14":"tag-espana","15":"tag-featured-news","16":"tag-featurednews","17":"tag-headlines","18":"tag-latest-news","19":"tag-latestnews","20":"tag-madrid","21":"tag-mejor","22":"tag-metro","23":"tag-mundo","24":"tag-news","25":"tag-noticias","26":"tag-noticias-destacadas","27":"tag-noticiasdestacadas","28":"tag-responde","29":"tag-spain","30":"tag-titulares","31":"tag-ultimas-noticias","32":"tag-ultimasnoticias","33":"tag-viajeros"},"share_on_mastodon":{"url":"","error":""},"_links":{"self":[{"href":"https:\/\/www.europesays.com\/es\/wp-json\/wp\/v2\/posts\/153088","targetHints":{"allow":["GET"]}}],"collection":[{"href":"https:\/\/www.europesays.com\/es\/wp-json\/wp\/v2\/posts"}],"about":[{"href":"https:\/\/www.europesays.com\/es\/wp-json\/wp\/v2\/types\/post"}],"author":[{"embeddable":true,"href":"https:\/\/www.europesays.com\/es\/wp-json\/wp\/v2\/users\/2"}],"replies":[{"embeddable":true,"href":"https:\/\/www.europesays.com\/es\/wp-json\/wp\/v2\/comments?post=153088"}],"version-history":[{"count":0,"href":"https:\/\/www.europesays.com\/es\/wp-json\/wp\/v2\/posts\/153088\/revisions"}],"wp:featuredmedia":[{"embeddable":true,"href":"https:\/\/www.europesays.com\/es\/wp-json\/wp\/v2\/media\/153089"}],"wp:attachment":[{"href":"https:\/\/www.europesays.com\/es\/wp-json\/wp\/v2\/media?parent=153088"}],"wp:term":[{"taxonomy":"category","embeddable":true,"href":"https:\/\/www.europesays.com\/es\/wp-json\/wp\/v2\/categories?post=153088"},{"taxonomy":"post_tag","embeddable":true,"href":"https:\/\/www.europesays.com\/es\/wp-json\/wp\/v2\/tags?post=153088"}],"curies":[{"name":"wp","href":"https:\/\/api.w.org\/{rel}","templated":true}]}}