{"id":153090,"date":"2025-10-02T16:25:05","date_gmt":"2025-10-02T16:25:05","guid":{"rendered":"https:\/\/www.europesays.com\/es\/153090\/"},"modified":"2025-10-02T16:25:05","modified_gmt":"2025-10-02T16:25:05","slug":"la-seleccion-argentina-volvera-a-concentrarse-en-ciudad-real","status":"publish","type":"post","link":"https:\/\/www.europesays.com\/es\/153090\/","title":{"rendered":"La selecci\u00f3n argentina volver\u00e1 a concentrarse en Ciudad Real"},"content":{"rendered":"<p>La selecci\u00f3n argentina femenina de balonmano se concentrar\u00e1 en Ciudad Real del 12 al 19 de octubre para continuar su preparaci\u00f3n para el Mundial que se celebrar\u00e1 en Alemania y Pa\u00edses Bajos. A principios de septiembre las albicelestes ya estuvieron en Ciudad Real a las \u00f3rdenes de Mariano Mart\u00edn Mu\u00f1oz, seleccionador nacional e integrante del cuerpo t\u00e9cnico del Caser\u00edo, y ahora repetir\u00e1n de cara al\u00a0Mundial 2025, que se disputar\u00e1 del 26 de noviembre al 14 de diciembre.<\/p>\n<p>Junto a los entrenamientos en cancha, gimnasio y v\u00eddeo, disputar\u00e1 un amistoso ante el Bola\u00f1os, de la Divisi\u00f3n de Honor Oro Femenina.\u00a0<\/p>\n<p>La convocatoria est\u00e1 integrada por 18 jugadoras, de las cuales pr\u00e1cticamente todas militan en Espa\u00f1a.\u00a0Adem\u00e1s, Selena Maitini (Pozuelo) y Julieta Cuccuini (Bola\u00f1os) participar\u00e1n de algunos entrenamientos.<\/p>\n<p>Lista de 18 jugadoras convocadas para la concentraci\u00f3n en Ciudad Real:<\/p>\n<p><strong>Porteras:<\/strong>\u00a0Valentina Menucci (Zonzamas \u2013 ESP) y Candelaria Cuadrado (Morvedre \u2013 ESP)<\/p>\n<p><strong>Centrales:<\/strong>\u00a0Carolina Bono (Porri\u00f1o \u2013 ESP), Macarena Sans (Beti-Onak \u2013 ESP) y Martina Romero (M\u00e1laga \u2013 ESP)<\/p>\n<p><strong>Extremos:<\/strong>\u00a0Joana Bolling (Mislata \u2013 ESP), Paloma Satto (Sch\u00e4r Zaragoza \u2013 ESP) y Ayel\u00e9n Garc\u00eda (Beti-Onak \u2013 ESP)<\/p>\n<p><strong>Laterales:<\/strong>\u00a0Micaela Casasola (Beti-Onak \u2013 ESP), Malena Cavo (MKS Lubin \u2013 POL), Berenice Frelier (Iuventa Michalovce\u00a0\u2013 SVK), Elke Karsten (Bera Bera \u2013 ESP), Martina Lang (Rocasa \u2013 ESP) y Helena Molina (Quilmes)<\/p>\n<p><strong>Pivots:<\/strong>\u00a0Sol Azcune (Elda \u2013 ESP), Roc\u00edo Campigli (M\u00e1laga \u2013 ESP), Giuliana Gavil\u00e1n (Bera Bera \u2013 ESP) y Antonela Mena (CID Moreno)<\/p>\n","protected":false},"excerpt":{"rendered":"La selecci\u00f3n argentina femenina de balonmano se concentrar\u00e1 en Ciudad Real del 12 al 19 de octubre para&hellip;\n","protected":false},"author":2,"featured_media":153091,"comment_status":"","ping_status":"","sticky":false,"template":"","format":"standard","meta":{"footnotes":""},"categories":[278],"tags":[1660,376,1944,1940,168,25,24,375,3233,9542,19423,23,167],"class_list":{"0":"post-153090","1":"post","2":"type-post","3":"status-publish","4":"format-standard","5":"has-post-thumbnail","7":"category-balonmano","8":"tag-alemania","9":"tag-balonmano","10":"tag-balonmano-caserio","11":"tag-ciudad-real","12":"tag-deportes","13":"tag-es","14":"tag-espana","15":"tag-handball","16":"tag-mundial-de-balonmano","17":"tag-paises-bajos","18":"tag-pozuelo","19":"tag-spain","20":"tag-sports"},"share_on_mastodon":{"url":"","error":""},"_links":{"self":[{"href":"https:\/\/www.europesays.com\/es\/wp-json\/wp\/v2\/posts\/153090","targetHints":{"allow":["GET"]}}],"collection":[{"href":"https:\/\/www.europesays.com\/es\/wp-json\/wp\/v2\/posts"}],"about":[{"href":"https:\/\/www.europesays.com\/es\/wp-json\/wp\/v2\/types\/post"}],"author":[{"embeddable":true,"href":"https:\/\/www.europesays.com\/es\/wp-json\/wp\/v2\/users\/2"}],"replies":[{"embeddable":true,"href":"https:\/\/www.europesays.com\/es\/wp-json\/wp\/v2\/comments?post=153090"}],"version-history":[{"count":0,"href":"https:\/\/www.europesays.com\/es\/wp-json\/wp\/v2\/posts\/153090\/revisions"}],"wp:featuredmedia":[{"embeddable":true,"href":"https:\/\/www.europesays.com\/es\/wp-json\/wp\/v2\/media\/153091"}],"wp:attachment":[{"href":"https:\/\/www.europesays.com\/es\/wp-json\/wp\/v2\/media?parent=153090"}],"wp:term":[{"taxonomy":"category","embeddable":true,"href":"https:\/\/www.europesays.com\/es\/wp-json\/wp\/v2\/categories?post=153090"},{"taxonomy":"post_tag","embeddable":true,"href":"https:\/\/www.europesays.com\/es\/wp-json\/wp\/v2\/tags?post=153090"}],"curies":[{"name":"wp","href":"https:\/\/api.w.org\/{rel}","templated":true}]}}