{"id":153092,"date":"2025-10-02T16:26:15","date_gmt":"2025-10-02T16:26:15","guid":{"rendered":"https:\/\/www.europesays.com\/es\/153092\/"},"modified":"2025-10-02T16:26:15","modified_gmt":"2025-10-02T16:26:15","slug":"los-venezolanos-alejandro-barragan-y-cesar-vanegas-brillan-en-peru","status":"publish","type":"post","link":"https:\/\/www.europesays.com\/es\/153092\/","title":{"rendered":"Los venezolanos Alejandro Barrag\u00e1n y C\u00e9sar Vanegas brillan en Per\u00fa\u00a0"},"content":{"rendered":"<p>            <a href=\"https:\/\/www.europesays.com\/es\/wp-content\/uploads\/2025\/10\/Venezolanos-Alejandro-Barragan-y-Cesar-Vanegas-brillan-en-Peru.jpg\" data-caption=\"\"><img loading=\"lazy\" decoding=\"async\" width=\"669\" height=\"887\" class=\"entry-thumb td-modal-image\" src=\"https:\/\/www.europesays.com\/es\/wp-content\/uploads\/2025\/10\/Venezolanos-Alejandro-Barragan-y-Cesar-Vanegas-brillan-en-Peru.jpg\"   alt=\"\" title=\"Venezolanos Alejandro Barrag\u00e1n y C\u00e9sar Vanegas brillan en Per\u00fa\"\/><\/a><\/p>\n<p>La <strong>Plaza de Toros de San Miguel de Viso en Per\u00fa<\/strong>, en su inauguraci\u00f3n fue el escenario de una Grandiosa Tarde Taurina Mixta celebrada el pasado, martes 30 de septiembre de 2025, que congreg\u00f3 a un cartel internacional de primer nivel. Los matadores <strong>C\u00e9sar Vanegas<\/strong> (Venezuela), los\u00a0 novilleros <strong>Alejandro Barrag\u00e1n<\/strong> (Venezuela), y <strong>Jos\u00e9 Antonio Guerra <\/strong>(Per\u00fa) quienes se enfrentaron a cinco ejemplares de las ganader\u00edas <strong>\u00abVirgen del Carmen de Matucana\u00bb<\/strong>.<\/p>\n<p>El novillero tachirense <strong>Alejandro Barrag\u00e1n <\/strong>demostr\u00f3 su tenacidad ante un lote de toros que, si bien se dejaron, presentaron sus complicaciones. Su primer astado fue especialmente dif\u00edcil y desarroll\u00f3 sentido, acortando la embestida. A pesar de la adversidad, Barrag\u00e1n puso \u00abtodo en el asador\u00bb y se bati\u00f3 con valent\u00eda para no dejarse superar por la situaci\u00f3n.<\/p>\n<p>En su segundo, la faena de compromiso, de m\u00e9rito y entrega. El toro ofreci\u00f3 una embestida m\u00e1s noble, permiti\u00e9ndole al joven venezolano instrumentar una labor completa, donde su determinaci\u00f3n qued\u00f3 patente ante el p\u00fablico.<\/p>\n<p>C\u00e9sar Vanegas: oficio y dominio\u00a0<\/p>\n<p>Por su parte, el Maestro de Seboruco, <strong>C\u00e9sar Vanegas<\/strong>, exhibi\u00f3 su gran oficio y solvencia con \u00abla pa\u00f1osa\u00bb (muleta) en sus dos apariciones. El diestro venezolano se sinti\u00f3 a gusto en el ruedo, instrumentando faenas que demostraron su buen manejo y la maestr\u00eda que lo caracteriza. Vanegas se emple\u00f3 a fondo en cada uno de sus toros, dejando constancia de su experiencia y arte.<\/p>\n<p>Jos\u00e9 Antonio Guerra: clase y conocimiento<\/p>\n<p>Completando el cartel, el novillero peruano <strong>Jos\u00e9 Antonio Guerra<\/strong>, quien\u00a0 tuvo una destacada actuaci\u00f3n, tanto en el tercio de capa como en el de muleta. Guerra mostr\u00f3 a plenitud su tauromaquia, caracterizada por un toreo profundo y un gran conocimiento de los tiempos del toro. Su labor fue un ejemplo de t\u00e9cnica y sentimiento, gan\u00e1ndose el reconocimiento de la afici\u00f3n. Carlos Alexis Rivera CNP 10746<\/p>\n<p><a href=\"#\"><img decoding=\"async\" src=\"https:\/\/www.lascosasdeltoro.com\/wp-content\/uploads\/2016\/10\/rec728.jpg\"\/><\/a>        <\/p>\n","protected":false},"excerpt":{"rendered":"La Plaza de Toros de San Miguel de Viso en Per\u00fa, en su inauguraci\u00f3n fue el escenario de&hellip;\n","protected":false},"author":2,"featured_media":153093,"comment_status":"","ping_status":"","sticky":false,"template":"","format":"standard","meta":{"footnotes":""},"categories":[277],"tags":[373,168,25,24,23,167,374],"class_list":{"0":"post-153092","1":"post","2":"type-post","3":"status-publish","4":"format-standard","5":"has-post-thumbnail","7":"category-toreo","8":"tag-bullfighting","9":"tag-deportes","10":"tag-es","11":"tag-espana","12":"tag-spain","13":"tag-sports","14":"tag-toreo"},"share_on_mastodon":{"url":"","error":""},"_links":{"self":[{"href":"https:\/\/www.europesays.com\/es\/wp-json\/wp\/v2\/posts\/153092","targetHints":{"allow":["GET"]}}],"collection":[{"href":"https:\/\/www.europesays.com\/es\/wp-json\/wp\/v2\/posts"}],"about":[{"href":"https:\/\/www.europesays.com\/es\/wp-json\/wp\/v2\/types\/post"}],"author":[{"embeddable":true,"href":"https:\/\/www.europesays.com\/es\/wp-json\/wp\/v2\/users\/2"}],"replies":[{"embeddable":true,"href":"https:\/\/www.europesays.com\/es\/wp-json\/wp\/v2\/comments?post=153092"}],"version-history":[{"count":0,"href":"https:\/\/www.europesays.com\/es\/wp-json\/wp\/v2\/posts\/153092\/revisions"}],"wp:featuredmedia":[{"embeddable":true,"href":"https:\/\/www.europesays.com\/es\/wp-json\/wp\/v2\/media\/153093"}],"wp:attachment":[{"href":"https:\/\/www.europesays.com\/es\/wp-json\/wp\/v2\/media?parent=153092"}],"wp:term":[{"taxonomy":"category","embeddable":true,"href":"https:\/\/www.europesays.com\/es\/wp-json\/wp\/v2\/categories?post=153092"},{"taxonomy":"post_tag","embeddable":true,"href":"https:\/\/www.europesays.com\/es\/wp-json\/wp\/v2\/tags?post=153092"}],"curies":[{"name":"wp","href":"https:\/\/api.w.org\/{rel}","templated":true}]}}