{"id":153094,"date":"2025-10-02T16:29:14","date_gmt":"2025-10-02T16:29:14","guid":{"rendered":"https:\/\/www.europesays.com\/es\/153094\/"},"modified":"2025-10-02T16:29:14","modified_gmt":"2025-10-02T16:29:14","slug":"tien-y-landaluce-dan-grandes-pasos-hacia-jeddah-atp-tour","status":"publish","type":"post","link":"https:\/\/www.europesays.com\/es\/153094\/","title":{"rendered":"Tien y Landaluce dan grandes pasos hacia Jeddah | ATP Tour"},"content":{"rendered":"<p>        PIF ATP Live Race to Jeddah<br \/>\n    Tien y Landaluce dan grandes pasos hacia Jeddah<\/p>\n<p>La PIF ATP Live Race To Jeddah opera hasta el lunes 10 de noviembre<\/p>\n<p>October 01, 2025<\/p>\n<p>            <img decoding=\"async\" src=\"https:\/\/www.europesays.com\/es\/wp-content\/uploads\/2025\/10\/raceupdatejeddah.jpg\" alt=\"Learner Tien y Mart\u00edn Landaluce ocupan la segunda y la quinta plaza en la PIF ATP Live Race To Jeddah, respectivamente.\"\/><\/p>\n<p>Getty Images\/ATP Tour<\/p>\n<p>        Learner Tien y Mart\u00edn Landaluce ocupan la segunda y la quinta plaza en la PIF ATP Live Race To Jeddah, respectivamente.<br \/>\n        By Redacci\u00f3n ATP <\/p>\n<p><a href=\"https:\/\/www.atptour.com\/es\/players\/learner-tien\/t0ha\/overview\" rel=\"nofollow noopener\" target=\"_blank\">Learner Tien<\/a> y Mart\u00edn Landaluce fueron algunos de los grandes ganadores en la PIF ATP Live Race To Jeddah durante la pasada semana.<\/p>\n<p>Tien firm\u00f3 la mayor irrupci\u00f3n de su carrera en el ATP 500 de Pek\u00edn, donde se convirti\u00f3 en el segundo finalista m\u00e1s joven en la historia del torneo. A sus 19 a\u00f1os, el estadounidense derrot\u00f3 al Top 10 <a href=\"https:\/\/www.atptour.com\/es\/players\/lorenzo-musetti\/m0ej\/overview\" rel=\"nofollow noopener\" target=\"_blank\">Lorenzo Musetti<\/a> y al antiguo No. 1 mundial <a href=\"https:\/\/www.atptour.com\/es\/players\/daniil-medvedev\/mm58\/overview\" rel=\"nofollow noopener\" target=\"_blank\">Daniil Medvedev<\/a> en el <a href=\"https:\/\/www.atptour.com\/es\/tournaments\/beijing\/747\/overview\" rel=\"nofollow noopener\" target=\"_blank\">China Open<\/a>.<\/p>\n<p>Tien, el tercer finalista m\u00e1s joven de esta temporada, perdi\u00f3 ante <a href=\"https:\/\/www.atptour.com\/es\/players\/jannik-sinner\/s0ag\/overview\" rel=\"nofollow noopener\" target=\"_blank\">Jannik Sinner<\/a> en el partido por el t\u00edtulo aunque ostenta un balance de 7-5 ante rivales Top 20 en su carrera. El californiano asciende una plaza hasta el No. 2 en la PIF ATP Live Race To Jeddah con 1.170 puntos y aspira a participar las <a href=\"https:\/\/www.atptour.com\/es\/tournaments\/next-gen-atp-finals\/7696\/overview\" rel=\"nofollow noopener\" target=\"_blank\">Next Gen ATP Finals presented by PIF<\/a> por segundo a\u00f1o consecutivo, tras alcanzar la final la temporada pasada.<\/p>\n<p>\u00abHa sido una buena semana\u00bb, dijo Tien despu\u00e9s de disputar la final de Pek\u00edn. \u00abObviamente, me hubiera gustado ganar el t\u00edtulo. En cualquier caso, me siento feliz con la semana. Logr\u00e9 mi primera semifinal y mi primera final, as\u00ed que debo estar satisfecho con el progreso que estoy logrando\u00bb.<\/p>\n<p>\u00abEstoy aprendiendo mucho semana a semana, al jugar m\u00e1s partidos en cada torneo. Este es mi primer a\u00f1o en el circuito, cada semana estoy sumando mucha experiencia, midiendo a muchos jugadores nuevos, compitiendo en nuevos escenarios, con bastantes rivales diferentes. Todas son buenas experiencias que estoy acumulando\u00bb.<\/p>\n<p><a rel=\"noopener noreferrer nofollow\" href=\"https:\/\/www.atptour.com\/es\/news\/it-all-adds-up-hub\/\" target=\"_blank\"><img decoding=\"async\" alt=\"\" style=\"height:90px; width:728px;\" src=\"https:\/\/www.europesays.com\/es\/wp-content\/uploads\/2025\/09\/1758546732_354_it-all-adds-up-banner.jpg\"\/><\/a><\/p>\n<p><strong><a rel=\"noopener noreferrer nofollow\" href=\"https:\/\/www.atptour.com\/es\/rankings\/next-gen-race\" target=\"_blank\">Consulta la PIF ATP Live Race To Jeddah<\/a><\/strong><\/p>\n<p>Un jugador que busca unirse a Tien en Jeddah del 17 al 21 de diciembre es Landaluce. El espa\u00f1ol levant\u00f3 su primer t\u00edtulo ATP Challenger Tour del a\u00f1o en Orleans, escalando tres posiciones hasta el No. 5 en la PIF ATP Live Race To Jeddah con 406 puntos. Mart\u00edn ha colocado 165 puntos de ventaja sobre el No. 9 <a href=\"https:\/\/www.atptour.com\/es\/players\/justin-engel\/e0dd\/overview\" rel=\"nofollow noopener\" target=\"_blank\">Justin Engel<\/a>, el primer jugador fuera del corte de clasificaci\u00f3n que marca el Top 8.<\/p>\n<p>El madrile\u00f1o gan\u00f3 el t\u00edtulo individual junior del <a href=\"https:\/\/www.atptour.com\/es\/tournaments\/us-open\/560\/overview\" rel=\"nofollow noopener\" target=\"_blank\">US Open<\/a> en 2022. Levant\u00f3 su primer trofeo Challenger el pasado octubre en Olbia (Italia) y ahora busca su primer billete para el evento que re\u00fane a los mejores tenistas Sub-20 del circuito.<\/p>\n<p>\u00abMart\u00edn tiene un buen equilibrio dentro y fuera de la pista, eso le ayudar\u00e1 mucho a lo largo de su carrera\u00bb, dijo su entrenador \u00d3scar Burrieza a ATPTour.com en septiembre. \u00abEs una persona positiva, un chico muy feliz y tranquilo, y eso le ayudar\u00e1. Trabajamos muy duro en su solidez cuando pasa al ataque, pero la prioridad es su estado f\u00edsico. Mentalmente est\u00e1 preparado, es una persona muy resiliente, sabe sufrir y es muy valiente. Se viene arriba en los momentos importante. Tenemos mucho trabajo por delante\u00bb.<\/p>\n<p>A sus 18 a\u00f1os, Engel tambi\u00e9n ha dado un paso al frente, escalando tres posiciones hasta la novena plaza. El alem\u00e1n, que alcanz\u00f3 los cuartos de final en Stuttgart este a\u00f1o, firm\u00f3 las semifinales en Orleans.<\/p>\n<p>La PIF ATP Live Race To Jeddah opera hasta el lunes, 10 de noviembre, con plazas de clasificaci\u00f3n para el Top 8. El brasile\u00f1o <a href=\"https:\/\/www.atptour.com\/es\/players\/joao-fonseca\/f0fv\/overview\" rel=\"nofollow noopener\" target=\"_blank\">Joao Fonseca<\/a> levant\u00f3 el trofeo en 2024.\u00a0<\/p>\n","protected":false},"excerpt":{"rendered":"PIF ATP Live Race to Jeddah Tien y Landaluce dan grandes pasos hacia Jeddah La PIF ATP Live&hellip;\n","protected":false},"author":2,"featured_media":153095,"comment_status":"","ping_status":"","sticky":false,"template":"","format":"standard","meta":{"footnotes":""},"categories":[274],"tags":[168,25,24,23,167,327,326],"class_list":{"0":"post-153094","1":"post","2":"type-post","3":"status-publish","4":"format-standard","5":"has-post-thumbnail","7":"category-tenis","8":"tag-deportes","9":"tag-es","10":"tag-espana","11":"tag-spain","12":"tag-sports","13":"tag-tenis","14":"tag-tennis"},"share_on_mastodon":{"url":"","error":""},"_links":{"self":[{"href":"https:\/\/www.europesays.com\/es\/wp-json\/wp\/v2\/posts\/153094","targetHints":{"allow":["GET"]}}],"collection":[{"href":"https:\/\/www.europesays.com\/es\/wp-json\/wp\/v2\/posts"}],"about":[{"href":"https:\/\/www.europesays.com\/es\/wp-json\/wp\/v2\/types\/post"}],"author":[{"embeddable":true,"href":"https:\/\/www.europesays.com\/es\/wp-json\/wp\/v2\/users\/2"}],"replies":[{"embeddable":true,"href":"https:\/\/www.europesays.com\/es\/wp-json\/wp\/v2\/comments?post=153094"}],"version-history":[{"count":0,"href":"https:\/\/www.europesays.com\/es\/wp-json\/wp\/v2\/posts\/153094\/revisions"}],"wp:featuredmedia":[{"embeddable":true,"href":"https:\/\/www.europesays.com\/es\/wp-json\/wp\/v2\/media\/153095"}],"wp:attachment":[{"href":"https:\/\/www.europesays.com\/es\/wp-json\/wp\/v2\/media?parent=153094"}],"wp:term":[{"taxonomy":"category","embeddable":true,"href":"https:\/\/www.europesays.com\/es\/wp-json\/wp\/v2\/categories?post=153094"},{"taxonomy":"post_tag","embeddable":true,"href":"https:\/\/www.europesays.com\/es\/wp-json\/wp\/v2\/tags?post=153094"}],"curies":[{"name":"wp","href":"https:\/\/api.w.org\/{rel}","templated":true}]}}