{"id":153096,"date":"2025-10-02T16:30:10","date_gmt":"2025-10-02T16:30:10","guid":{"rendered":"https:\/\/www.europesays.com\/es\/153096\/"},"modified":"2025-10-02T16:30:10","modified_gmt":"2025-10-02T16:30:10","slug":"cazan-a-un-ciclista-profesional-saltando-al-carril-contrario-en-una-peligrosa-carretera-de-cataluna","status":"publish","type":"post","link":"https:\/\/www.europesays.com\/es\/153096\/","title":{"rendered":"Cazan a un ciclista profesional saltando al carril contrario en una peligrosa carretera de Catalu\u00f1a"},"content":{"rendered":"<p><img fetchpriority=\"high\" class=\"v-a-img\" src=\"https:\/\/www.europesays.com\/es\/wp-content\/uploads\/2025\/10\/ciclista-kKfB-U2303254025445d9B-1200x840@El Correo.jpg\" loading=\"eager\" decoding=\"async\" alt=\"Cazan a un ciclista profesional saltando al carril contrario en una peligrosa carretera de Catalu\u00f1a\"  width=\"1200\" height=\"840\"\/><\/p>\n<p>Su equipo, el Kern-Pharmam, sancionar\u00e1 a Kiko Galv\u00e1n por su imprudente actitud en la bicicleta<\/p>\n<p class=\"v-mdl-ath__p v-mdl-ath__p--6\">\nJueves, 2 de octubre 2025, 17:28<\/p>\n<p class=\"v-p\">Un peligro para el resto de los conductores y para \u00e9l mismo. Es la conclusi\u00f3n que sacan las personas que han visto el v\u00eddeo viral protagonizado, muy a su pesar, por el ciclista profesional Francisco &#8216;Kiko&#8217; Galv\u00e1n. El corredor del equipo espa\u00f1ol Kern-Pharma, de 27 a\u00f1os, ha sido pillado cometiendo graves infracciones de seguridad en una de las carreteras m\u00e1s peligrosas de Catalu\u00f1a: la BP-1417, conocida como la Arrabassada, en Barcelona.<\/p>\n<p class=\"v-p\">En la grabaci\u00f3n difundida en las redes sociales por Circuliperladreta, especializada en denunciar infracciones de tr\u00e1fico, se puede ver al sprinter catal\u00e1n, que lleg\u00f3 a participar en la Vuelva a Espa\u00f1a en 2022 con su equipo, saltando durante un largo trayecto los separadores instalados en la l\u00ednea cont\u00ednua. Su temeraria actitud, invadiendo una y otra vez los dos carriles con su bicicleta mientras baja a toda velocidad, pone los pelos de punta. <\/p>\n<p class=\"v-p\">La escena es especialmente peligrosa, teniendo en cuenta de que se trata de una v\u00eda muy estrecha y de escasa visibilidad. Todo un terreno abonado a sufrir un accidente grave de tr\u00e1fico al ser casi imposible ver si otro veh\u00edculo est\u00e1 subiendo por la carretera en ese momento. <\/p>\n<p class=\"v-p\">El v\u00eddeo no ha gustado nada al Kern-Pharma, que compite en la categor\u00eda Pro Tour, la segunda divisi\u00f3n del ciclismo. Para salir al paso de la oleada de cr\u00edticas a su ciclista, que lleg\u00f3 a ser tercero en el Grand Prix La Marsellesa en las ediciones de 2022 y 2025, ha emitido un duro comunicado oficial en el que censura el comportamiento de Galv\u00e1n, ya que \u00abno refleja los valores que defendemos y queremos proyectar como equipo\u00bb. \u00abEl respeto de la seguridad vial y las normativas de tr\u00e1fico son principios fundamentales en este deporte, que promovemos tanto en nuestra actividad competitiva como en nuestra labor formativa diaria con los ciclistas\u00bb, a\u00f1ade la nota<\/p>\n<p class=\"v-p\">Adem\u00e1s de pedir disculpas por una actitud que pudo provocar una tragedia, el Kern-Pharma asegura que tomar\u00e1 medidas disciplinarias contra el corredor catal\u00e1n. Todo con tal de garantizar que ese tipo de comportamientos no se vuelva a producir. Por lo menos, por parte de un corredor bajo su tutela. \u00abAsumimos nuestra responsabilidad y seguiremos trabajando para reforzar la formaci\u00f3n y concienciaci\u00f3n de todos nuestros integrantes en materia de seguridad vial\u00bb, finaliza el comunicado.<\/p>\n<p>Reporta un error<\/p>\n","protected":false},"excerpt":{"rendered":"Su equipo, el Kern-Pharmam, sancionar\u00e1 a Kiko Galv\u00e1n por su imprudente actitud en la bicicleta Jueves, 2 de&hellip;\n","protected":false},"author":2,"featured_media":153097,"comment_status":"","ping_status":"","sticky":false,"template":"","format":"standard","meta":{"footnotes":""},"categories":[273],"tags":[18791,1980,24913,313,1757,46187,312,168,25,24,14001,22901,17731,2032,23,167,589],"class_list":{"0":"post-153096","1":"post","2":"type-post","3":"status-publish","4":"format-standard","5":"has-post-thumbnail","7":"category-ciclismo","8":"tag-carretera","9":"tag-cataluna","10":"tag-cazan","11":"tag-ciclismo","12":"tag-ciclista","13":"tag-cometiendo","14":"tag-cycling","15":"tag-deportes","16":"tag-es","17":"tag-espana","18":"tag-graves","19":"tag-infracciones","20":"tag-peligrosa","21":"tag-profesional","22":"tag-spain","23":"tag-sports","24":"tag-trafico"},"share_on_mastodon":{"url":"","error":""},"_links":{"self":[{"href":"https:\/\/www.europesays.com\/es\/wp-json\/wp\/v2\/posts\/153096","targetHints":{"allow":["GET"]}}],"collection":[{"href":"https:\/\/www.europesays.com\/es\/wp-json\/wp\/v2\/posts"}],"about":[{"href":"https:\/\/www.europesays.com\/es\/wp-json\/wp\/v2\/types\/post"}],"author":[{"embeddable":true,"href":"https:\/\/www.europesays.com\/es\/wp-json\/wp\/v2\/users\/2"}],"replies":[{"embeddable":true,"href":"https:\/\/www.europesays.com\/es\/wp-json\/wp\/v2\/comments?post=153096"}],"version-history":[{"count":0,"href":"https:\/\/www.europesays.com\/es\/wp-json\/wp\/v2\/posts\/153096\/revisions"}],"wp:featuredmedia":[{"embeddable":true,"href":"https:\/\/www.europesays.com\/es\/wp-json\/wp\/v2\/media\/153097"}],"wp:attachment":[{"href":"https:\/\/www.europesays.com\/es\/wp-json\/wp\/v2\/media?parent=153096"}],"wp:term":[{"taxonomy":"category","embeddable":true,"href":"https:\/\/www.europesays.com\/es\/wp-json\/wp\/v2\/categories?post=153096"},{"taxonomy":"post_tag","embeddable":true,"href":"https:\/\/www.europesays.com\/es\/wp-json\/wp\/v2\/tags?post=153096"}],"curies":[{"name":"wp","href":"https:\/\/api.w.org\/{rel}","templated":true}]}}