{"id":153108,"date":"2025-10-02T16:37:04","date_gmt":"2025-10-02T16:37:04","guid":{"rendered":"https:\/\/www.europesays.com\/es\/153108\/"},"modified":"2025-10-02T16:37:04","modified_gmt":"2025-10-02T16:37:04","slug":"peaky-blinders-tendra-una-nueva-serie-en-forma-de-secuela-ademas-de-la-pelicula","status":"publish","type":"post","link":"https:\/\/www.europesays.com\/es\/153108\/","title":{"rendered":"&#8216;Peaky Blinders&#8217; tendr\u00e1 una nueva serie en forma de secuela, adem\u00e1s de la pel\u00edcula"},"content":{"rendered":"<p>Por orden de los Peaky Blinders y de Netflix, la <b>saga de los Shelby no ha terminado<\/b>. BBC y Netflix han confirmado el encargo de dos temporadas de una secuela televisiva ambientada en 1953, con <b>guion de su creador Steven Knight<\/b>.<\/p>\n<p>La historia nos llevar\u00e1 a un <b>Birmingham <\/b>que, tras ser duramente <b>bombardeado en la Segunda Guerra Mundial<\/b>, trata de levantarse sobre el acero y el hormig\u00f3n, en plena <b>reconstrucci\u00f3n<\/b>. En ese escenario, el control de la ciudad se convertir\u00e1 en una lucha de dimensiones casi m\u00edticas con <b>los Shelby en el centro de la violencia<\/b>.<\/p>\n<p>El anuncio llega despu\u00e9s de m\u00faltiples declaraciones de Knight en las que aseguraba que Peaky Blinders no concluir\u00eda con la sexta temporada de la serie original ni <a title=\"con la futura pel\u00edcula\" href=\"https:\/\/www.larazon.es\/television\/series\/orden-fans-cillian-murphy-aumenta-entusiasmo-pelicula-peaky-blinders_2025041867fd25f3fa7e170001c0784a.html\" target=\"_blank\" rel=\"nofollow noopener\">con la futura pel\u00edcula<\/a>, actualmente en postproducci\u00f3n y cuyo <b>estreno se espera para el pr\u00f3ximo a\u00f1o<\/b>. De hecho, esta nueva ficci\u00f3n televisiva continuar\u00e1<b> a partir de los acontecimientos de ese largometraje<\/b>, del que todav\u00eda no se conocen detalles concretos sobre la trama.<\/p>\n<p>Nombres conocidos, al menos detr\u00e1s de las c\u00e1maras<\/p>\n<p>La producci\u00f3n correr\u00e1 a cargo de Kudos, compa\u00f1\u00eda <a title=\"responsable de la reciente\" href=\"https:\/\/www.larazon.es\/tecnologia-consumo\/nueva-serie-creador-peaky-blinders-puede-ver-exclusiva-netflix_2025092568d53ce5f10d3f06780d226a.html\" target=\"_blank\" rel=\"nofollow noopener\">responsable de la reciente<\/a>La casa Guinness, y Garrison Drama, la compa\u00f1\u00eda vinculada a la serie desde sus inicios. Como <b>productores ejecutivos<\/b> estar\u00e1n <b>el propio Knight y Cillian Murphy<\/b>, protagonista de las seis temporadas originales y que ahora se implica detr\u00e1s de las c\u00e1maras.<\/p>\n<p>La <b>sinopsis oficial<\/b> describe un nuevo tiempo de oportunidades y peligros, con la <b>reconstrucci\u00f3n de Birmingham<\/b> como escenario de ambiciones desmedidas. Knight lo ha resumido as\u00ed: \u00abLos Shelby han tomado el volante y ser\u00e1 <b>un viaje infernal<\/b>\u00ab.<\/p>\n<p>Desde la BBC, su directora de drama Lindsay Salt ha subrayado que se trata de <b>un regreso \u00ab\u00e9pico\u00bb<\/b> para una de las series m\u00e1s queridas de la cadena, mientras que desde Netflix aseguran que <b>no hay mejor narrador contempor\u00e1neo<\/b> que Steven Knight.<\/p>\n<p>Universo Shelby<\/p>\n<p>Peaky Blinders, estrenada en 2013, se convirti\u00f3 en un fen\u00f3meno mundial y gan\u00f3 el <b>BAFTA a mejor drama<\/b> con su cuarta temporada. M\u00e1s de una d\u00e9cada despu\u00e9s, la serie ampl\u00eda su universo con nuevos miembros en esta gran familia y mantiene vivo el inter\u00e9s de los seguidores. Mientras tanto, todos <b>seguimos a la espera del estreno de la pel\u00edcula<\/b> que servir\u00e1 de puente entre la historia original y este nuevo cap\u00edtulo.<\/p>\n","protected":false},"excerpt":{"rendered":"Por orden de los Peaky Blinders y de Netflix, la saga de los Shelby no ha terminado. BBC&hellip;\n","protected":false},"author":2,"featured_media":153109,"comment_status":"","ping_status":"","sticky":false,"template":"","format":"standard","meta":{"footnotes":""},"categories":[171],"tags":[146,147,25,24,23,214],"class_list":{"0":"post-153108","1":"post","2":"type-post","3":"status-publish","4":"format-standard","5":"has-post-thumbnail","7":"category-tv","8":"tag-entertainment","9":"tag-entretenimiento","10":"tag-es","11":"tag-espana","12":"tag-spain","13":"tag-tv"},"share_on_mastodon":{"url":"","error":""},"_links":{"self":[{"href":"https:\/\/www.europesays.com\/es\/wp-json\/wp\/v2\/posts\/153108","targetHints":{"allow":["GET"]}}],"collection":[{"href":"https:\/\/www.europesays.com\/es\/wp-json\/wp\/v2\/posts"}],"about":[{"href":"https:\/\/www.europesays.com\/es\/wp-json\/wp\/v2\/types\/post"}],"author":[{"embeddable":true,"href":"https:\/\/www.europesays.com\/es\/wp-json\/wp\/v2\/users\/2"}],"replies":[{"embeddable":true,"href":"https:\/\/www.europesays.com\/es\/wp-json\/wp\/v2\/comments?post=153108"}],"version-history":[{"count":0,"href":"https:\/\/www.europesays.com\/es\/wp-json\/wp\/v2\/posts\/153108\/revisions"}],"wp:featuredmedia":[{"embeddable":true,"href":"https:\/\/www.europesays.com\/es\/wp-json\/wp\/v2\/media\/153109"}],"wp:attachment":[{"href":"https:\/\/www.europesays.com\/es\/wp-json\/wp\/v2\/media?parent=153108"}],"wp:term":[{"taxonomy":"category","embeddable":true,"href":"https:\/\/www.europesays.com\/es\/wp-json\/wp\/v2\/categories?post=153108"},{"taxonomy":"post_tag","embeddable":true,"href":"https:\/\/www.europesays.com\/es\/wp-json\/wp\/v2\/tags?post=153108"}],"curies":[{"name":"wp","href":"https:\/\/api.w.org\/{rel}","templated":true}]}}