{"id":153118,"date":"2025-10-02T16:42:08","date_gmt":"2025-10-02T16:42:08","guid":{"rendered":"https:\/\/www.europesays.com\/es\/153118\/"},"modified":"2025-10-02T16:42:08","modified_gmt":"2025-10-02T16:42:08","slug":"janet-novas-y-guillermo-weickert-premios-nacionales-de-danza-2025-cultura","status":"publish","type":"post","link":"https:\/\/www.europesays.com\/es\/153118\/","title":{"rendered":"Janet Nov\u00e1s y Guillermo Weickert, Premios Nacionales de Danza 2025 | Cultura"},"content":{"rendered":"<p class=\"\"><a href=\"https:\/\/elpais.com\/cultura\/2023-10-11\/janet-novas-la-bailarina-que-escondia-a-una-actriz-imponente.html\" target=\"_blank\" rel=\"nofollow noopener\" title=\"https:\/\/elpais.com\/cultura\/2023-10-11\/janet-novas-la-bailarina-que-escondia-a-una-actriz-imponente.html\">Janet Nov\u00e1s<\/a> (Porri\u00f1o, Pontevedra, 43 a\u00f1os) y <a href=\"https:\/\/elpais.com\/ccaa\/2015\/05\/14\/andalucia\/1431617191_086036.html\" target=\"_blank\" rel=\"nofollow noopener\" title=\"https:\/\/elpais.com\/ccaa\/2015\/05\/14\/andalucia\/1431617191_086036.html\">Guillermo Weickert<\/a> (Huelva, 51 a\u00f1os) han sido galardonados este jueves 2 de octubre con los Premios Nacionales de Danza dotados con 30.000 euros cada uno. El jurado destaca de Nov\u00e1s, reconocida en la modalidad de interpretaci\u00f3n, \u201cla excelencia t\u00e9cnica y el gran magnetismo de sus trabajos\u201d. De Weickert, ganador de este premio en la modalidad de creaci\u00f3n, el jurado ha querido se\u00f1alar \u201cel fascinante espect\u00e1culo Luz sobre las cosas (\u00faltima creaci\u00f3n del artista), que confirma la solidez de una trayectoria\u201d, seg\u00fan se recoge en la nota de prensa emitida por el Instituto Nacional de las Artes Esc\u00e9nicas (INAEM), organismo p\u00fablico encargado de estas distinciones. <\/p>\n<p class=\"\">Janet Nov\u00e1s, que <a href=\"https:\/\/elpais.com\/cultura\/premios-goya\/2024-02-10\/los-ganadores-de-los-premios-goya.html\" target=\"_blank\" rel=\"nofollow noopener\" title=\"https:\/\/elpais.com\/cultura\/premios-goya\/2024-02-10\/los-ganadores-de-los-premios-goya.html\">en 2024 gan\u00f3 el Goya a la mejor actriz revelaci\u00f3n<\/a>, por su papel en la <a href=\"https:\/\/elpais.com\/cultura\/cine\/2023-09-30\/la-concha-de-oro-de-o-corno-convierte-a-jaione-camborda-en-la-primera-directora-espanola-en-ganar-en-san-sebastian.html\" target=\"_blank\" rel=\"nofollow noopener\" title=\"https:\/\/elpais.com\/cultura\/cine\/2023-09-30\/la-concha-de-oro-de-o-corno-convierte-a-jaione-camborda-en-la-primera-directora-espanola-en-ganar-en-san-sebastian.html\">pel\u00edcula O Corno<\/a>, de la directora Jaione Camborda, atesora una carrera interpretativa en el mundo de la danza tan s\u00f3lida como la que firma como core\u00f3grafa. En este sentido, no hubiera extra\u00f1ado que se hiciera con el premio nacional de danza en la modalidad de creaci\u00f3n. Pero ha sido su faceta como bailarina \u201ceje que sostiene y potencia su discurso coreogr\u00e1fico\u201d, la que el jurado ha querido resaltar. <\/p>\n<p class=\"\">Formada en danza contempor\u00e1nea en Madrid, Bruselas y Berl\u00edn, como int\u00e9rprete ha bailado en reconocidas compa\u00f1\u00edas como la de <a href=\"https:\/\/elpais.com\/cultura\/2023-11-03\/daniel-abreu-bailarin-y-coreografo-la-danza-esta-en-manos-de-un-lobby-de-programadores-que-deciden-si-eres-o-no-tendencia.html\" target=\"_blank\" rel=\"nofollow noopener\" title=\"https:\/\/elpais.com\/cultura\/2023-11-03\/daniel-abreu-bailarin-y-coreografo-la-danza-esta-en-manos-de-un-lobby-de-programadores-que-deciden-si-eres-o-no-tendencia.html\">Daniel Abreu<\/a> y Provisional Danza, entre otras. En 2008 empez\u00f3 a crear e interpretar sus propios espect\u00e1culos de danza, siempre marcados por una profunda y muy personal investigaci\u00f3n corporal, en la que se descubren gui\u00f1os al folclore gallego con el que creci\u00f3. Algunas de sus \u00faltimas obras son Who Will Save Me Today? (2013), Si pudiera hablar de esto no har\u00eda esto (2016), Where Is Janet? (2022) y Proto (SN1806) (2023). <\/p>\n<p class=\"\">Cuenta Nov\u00e1s a este peri\u00f3dico en llamada telef\u00f3nica que la noticia del premio la ha pillado trabajando en una gira con la obra Mercedes m\u00e1is eu (Mercedes y yo) que la llevar\u00e1n las pr\u00f3ximas semanas a Portugal, Italia y B\u00e9lgica. \u201cEstoy muy contenta de haber recibido este premio y lo agradezco mucho, sobre todo a las personas que te acompa\u00f1an tantos a\u00f1os, sean de la profesi\u00f3n o no\u201d, comenta la bailarina, quien desea que el premio se traduzca en estabilidad: \u201cLos premios te pueden lanzar a un lugar en el que luego no hay un tejido que te sostenga. Y eso pasa en la danza. Se necesita m\u00e1s programaci\u00f3n de danza para todas. Yo cambiar\u00eda estos 30.000 euros del premio por tener unas condiciones m\u00e1s amables en el d\u00eda a d\u00eda que permitan compartir el trabajo que hacemos y le d\u00e9 un sentido. Que no sea todo tan dif\u00edcil para poder mostrar lo que haces y al mismo tiempo poder tener una vida personal m\u00e1s digna\u201d. <\/p>\n<p class=\"\">En la actualidad, alterna su labor como bailarina, creadora y actriz con la de profesora, impartiendo clases y talleres en diferentes centros de Espa\u00f1a, Europa, Latinoam\u00e9rica y Asia.<\/p>\n<p class=\"\">Guillermo Weickert, premiado en la modalidad de creaci\u00f3n, ha desarrollado una trayectoria marcada por la danza y el teatro. Formado en ambas disciplinas en el Instituto del Teatro de Sevilla y en el Centro Andaluz de Danza, respectivamente, sus creaciones abarcan la danza contempor\u00e1nea, el teatro f\u00edsico y la performance al mismo tiempo. En 2001 funda su propia compa\u00f1\u00eda y con ella ha estrenado reconocidos montajes como Go With The Flow, Material inflamable, D\u00edas Pasan Cosas y Lirio entre espinas. El jurado ha querido poner el foco en su \u00faltima obra, Luz sobre las cosas, con la que se encuentra de gira actualmente, por \u201cla calidad y originalidad de una coreograf\u00eda fascinante en su uso de la luz y el espacio, que conecta con la percepci\u00f3n del cuerpo y la libertad creativa del core\u00f3grafo, director y bailar\u00edn\u201d, seg\u00fan puede leerse en la nota de prensa emitida por el organismo p\u00fablico.<\/p>\n<p class=\"\">El jurado de esta edici\u00f3n 2025 de los Premios Nacionales de Danza ha estado formado por Alberto Est\u00e9banez Rodr\u00edguez, profesor, bailar\u00edn y core\u00f3grafo; Javier Cuevas, director art\u00edstico del Centro de Creaci\u00f3n de Danza La Caldera; Daniel Abreu, bailar\u00edn y core\u00f3grafo; Manuel Llanes, gestor cultural especializado en teatro y danza contempor\u00e1nea; Rosal\u00eda G\u00f3mez Mu\u00f1oz, periodista y cr\u00edtica de danza; Rosa San Segundo, investigadora y profesora universitaria espa\u00f1ola (en representaci\u00f3n de la Plataforma Universitaria de Estudios Feministas y de G\u00e9nero) y Luz Arcas, <a href=\"https:\/\/elpais.com\/cultura\/2024-10-07\/lorena-nogal-y-luz-arcas-ganan-los-premios-nacionales-de-danza-de-2024.html#:~:text=Lorena%20Nogal%20y%20Luz%20Arcas,de%202024%20%7C%20Cultura%20%7C%20EL%20PA%C3%8DS\" target=\"_blank\" rel=\"nofollow noopener\" title=\"https:\/\/elpais.com\/cultura\/2024-10-07\/lorena-nogal-y-luz-arcas-ganan-los-premios-nacionales-de-danza-de-2024.html#:~:text=Lorena%20Nogal%20y%20Luz%20Arcas,de%202024%20%7C%20Cultura%20%7C%20EL%20PA%C3%8DS\">galardonada con el Premio Nacional de Danza 2024 en la modalidad de creaci\u00f3n<\/a>. Lo presid\u00eda la directora general del INAEM, Paz Santa Cecilia, y en calidad de vicepresidenta, la subdirectora general de M\u00fasica y Danza, Ana Bel\u00e9n Faus Guijarro.<\/p>\n","protected":false},"excerpt":{"rendered":"Janet Nov\u00e1s (Porri\u00f1o, Pontevedra, 43 a\u00f1os) y Guillermo Weickert (Huelva, 51 a\u00f1os) han sido galardonados este jueves 2&hellip;\n","protected":false},"author":2,"featured_media":153119,"comment_status":"","ping_status":"","sticky":false,"template":"","format":"standard","meta":{"footnotes":""},"categories":[91],"tags":[1015,10954,41209,209,13776,146,147,25,24,46188,532,23],"class_list":{"0":"post-153118","1":"post","2":"type-post","3":"status-publish","4":"format-standard","5":"has-post-thumbnail","7":"category-entretenimiento","8":"tag-actrices","9":"tag-artes-escenicas","10":"tag-coreografos","11":"tag-cultura","12":"tag-danza","13":"tag-entertainment","14":"tag-entretenimiento","15":"tag-es","16":"tag-espana","17":"tag-premio-nacional-danza","18":"tag-premios","19":"tag-spain"},"share_on_mastodon":{"url":"","error":""},"_links":{"self":[{"href":"https:\/\/www.europesays.com\/es\/wp-json\/wp\/v2\/posts\/153118","targetHints":{"allow":["GET"]}}],"collection":[{"href":"https:\/\/www.europesays.com\/es\/wp-json\/wp\/v2\/posts"}],"about":[{"href":"https:\/\/www.europesays.com\/es\/wp-json\/wp\/v2\/types\/post"}],"author":[{"embeddable":true,"href":"https:\/\/www.europesays.com\/es\/wp-json\/wp\/v2\/users\/2"}],"replies":[{"embeddable":true,"href":"https:\/\/www.europesays.com\/es\/wp-json\/wp\/v2\/comments?post=153118"}],"version-history":[{"count":0,"href":"https:\/\/www.europesays.com\/es\/wp-json\/wp\/v2\/posts\/153118\/revisions"}],"wp:featuredmedia":[{"embeddable":true,"href":"https:\/\/www.europesays.com\/es\/wp-json\/wp\/v2\/media\/153119"}],"wp:attachment":[{"href":"https:\/\/www.europesays.com\/es\/wp-json\/wp\/v2\/media?parent=153118"}],"wp:term":[{"taxonomy":"category","embeddable":true,"href":"https:\/\/www.europesays.com\/es\/wp-json\/wp\/v2\/categories?post=153118"},{"taxonomy":"post_tag","embeddable":true,"href":"https:\/\/www.europesays.com\/es\/wp-json\/wp\/v2\/tags?post=153118"}],"curies":[{"name":"wp","href":"https:\/\/api.w.org\/{rel}","templated":true}]}}