{"id":153126,"date":"2025-10-02T16:46:07","date_gmt":"2025-10-02T16:46:07","guid":{"rendered":"https:\/\/www.europesays.com\/es\/153126\/"},"modified":"2025-10-02T16:46:07","modified_gmt":"2025-10-02T16:46:07","slug":"junts-votara-a-favor-del-decreto-de-embargo-de-armas","status":"publish","type":"post","link":"https:\/\/www.europesays.com\/es\/153126\/","title":{"rendered":"Junts votar\u00e1 a favor del decreto de embargo de armas"},"content":{"rendered":"<p>Junts ha informado de que<strong> votar\u00e1 el pr\u00f3ximo martes en el Congreso a favor <\/strong>del real decreto ley del Gobierno sobre <strong>el embargo de armas a Israel, <\/strong>pero la convalidaci\u00f3n del texto sigue en el aire ante la postura cr\u00edtica de partidos como Podemos, ERC y BNG, que no han desvelado su voto.<\/p>\n<p>Fuentes de Junts han confirmado a RTVE que los siete diputados de la formaci\u00f3n independentista votar\u00e1n a favor de la convalidaci\u00f3n del real decreto ley y a favor<strong> de que se tramite como proyecto de ley para poder introducir cambios<\/strong>, al igual que ha solicitado Sumar, socio del PSOE en el Gobierno de coalici\u00f3n.<\/p>\n<p>Tambi\u00e9n han confirmado su voto a favor el PNV, Bildu, la diputada de Comprom\u00eds \u00c0gueda Mic\u00f3 y la diputada de Coalici\u00f3n Canaria Cristina Valido, ambas integradas en el Grupo Mixto.<\/p>\n<p>Pendiente de los votos de ERC, BNG y Podemos<\/p>\n<p>Sin embargo, la convalidaci\u00f3n del real decreto ley peligra, ya que otros socios de investidura de Pedro S\u00e1nchez como ERC y BNG insisten en que lo consideran insuficiente y no han revelado a\u00fan el sentido de su voto.<\/p>\n<p>El BNG ha avanzado esta semana que apoyar\u00e1 la convalidaci\u00f3n del decreto siempre que se tramite como proyecto de ley y se introduzcan \u00ablas modificaciones necesarias\u00bb para lograr \u00abun embargo absoluto, total y sin excepciones\u00bb. En cualquier caso, la formaci\u00f3n mantiene \u00abun marco abierto\u00bb hasta el debate, pero ha remarcado que el Ejecutivo tiene que garantizar la posibilidad de introducir los cambios, eliminando as\u00ed las excepcionalidades de Estado recogidas.<\/p>\n<p>ERC, que a\u00fan no ha fijado el sentido de su voto, cree que el real decreto contiene \u00abmedidas interesantes y necesarias\u00bb pero tambi\u00e9n lo considera \u00abinsuficiente\u00bb debido a las excepciones que recoge y que, a su juicio, podr\u00edan hacer que el embargo no fuera real o efectivo. <\/p>\n<p>Podemos, por su parte, considera que, tal y como est\u00e1 redactado el decreto, \u00abno sirve para nada\u00bb, por lo que ha pedido al Gobierno que retire el texto y registre uno nuevo. <\/p>\n<p>As\u00ed lo afirm\u00f3 la portavoz de Podemos en la C\u00e1mara Baja, Ione Belarra, en una rueda de prensa este mi\u00e9rcoles en la que se\u00f1al\u00f3 que \u00abno aborda ninguno de los elementos centrales que han permitido que Espa\u00f1a tenga las relaciones armament\u00edsticas m\u00e1s abundantes de nuestra historia bajo el Gobierno de Pedro S\u00e1nchez y en medio del peor genocidio en pleno siglo XXI\u00bb.<\/p>\n<p>Belarra consider\u00f3 que \u00abhay que decirle la verdad a la gente\u00bb y asegur\u00f3 que este decreto ley \u00abviene a consolidar lo que llevan haciendo estos 23 meses de genocidio, es decir, nada\u00bb.<\/p>\n<p>El PSOE ha replicado a Podemos asegurando que el decreto no es \u00abfake\u00bb, ha pedido a todos los que est\u00e9n a favor de la medida que apoyen su convalidaci\u00f3n en el Congreso y ha a\u00f1adido que, si el Gobierno se le ha escapado alg\u00fan punto, <strong>se podr\u00e1 negociar su modificaci\u00f3n si se tramita como proyecto de ley.<\/strong><\/p>\n","protected":false},"excerpt":{"rendered":"Junts ha informado de que votar\u00e1 el pr\u00f3ximo martes en el Congreso a favor del real decreto ley&hellip;\n","protected":false},"author":2,"featured_media":153127,"comment_status":"","ping_status":"","sticky":false,"template":"","format":"standard","meta":{"footnotes":""},"categories":[8],"tags":[17,18,25,24,13,14,11,19,20,9,10,15,16,23,12,21,22],"class_list":{"0":"post-153126","1":"post","2":"type-post","3":"status-publish","4":"format-standard","5":"has-post-thumbnail","7":"category-espana","8":"tag-breaking-news","9":"tag-breakingnews","10":"tag-es","11":"tag-espana","12":"tag-featured-news","13":"tag-featurednews","14":"tag-headlines","15":"tag-latest-news","16":"tag-latestnews","17":"tag-news","18":"tag-noticias","19":"tag-noticias-destacadas","20":"tag-noticiasdestacadas","21":"tag-spain","22":"tag-titulares","23":"tag-ultimas-noticias","24":"tag-ultimasnoticias"},"share_on_mastodon":{"url":"","error":""},"_links":{"self":[{"href":"https:\/\/www.europesays.com\/es\/wp-json\/wp\/v2\/posts\/153126","targetHints":{"allow":["GET"]}}],"collection":[{"href":"https:\/\/www.europesays.com\/es\/wp-json\/wp\/v2\/posts"}],"about":[{"href":"https:\/\/www.europesays.com\/es\/wp-json\/wp\/v2\/types\/post"}],"author":[{"embeddable":true,"href":"https:\/\/www.europesays.com\/es\/wp-json\/wp\/v2\/users\/2"}],"replies":[{"embeddable":true,"href":"https:\/\/www.europesays.com\/es\/wp-json\/wp\/v2\/comments?post=153126"}],"version-history":[{"count":0,"href":"https:\/\/www.europesays.com\/es\/wp-json\/wp\/v2\/posts\/153126\/revisions"}],"wp:featuredmedia":[{"embeddable":true,"href":"https:\/\/www.europesays.com\/es\/wp-json\/wp\/v2\/media\/153127"}],"wp:attachment":[{"href":"https:\/\/www.europesays.com\/es\/wp-json\/wp\/v2\/media?parent=153126"}],"wp:term":[{"taxonomy":"category","embeddable":true,"href":"https:\/\/www.europesays.com\/es\/wp-json\/wp\/v2\/categories?post=153126"},{"taxonomy":"post_tag","embeddable":true,"href":"https:\/\/www.europesays.com\/es\/wp-json\/wp\/v2\/tags?post=153126"}],"curies":[{"name":"wp","href":"https:\/\/api.w.org\/{rel}","templated":true}]}}