{"id":153150,"date":"2025-10-02T17:01:14","date_gmt":"2025-10-02T17:01:14","guid":{"rendered":"https:\/\/www.europesays.com\/es\/153150\/"},"modified":"2025-10-02T17:01:14","modified_gmt":"2025-10-02T17:01:14","slug":"filtran-la-posible-fecha-de-inicio","status":"publish","type":"post","link":"https:\/\/www.europesays.com\/es\/153150\/","title":{"rendered":"Filtran la posible fecha de inicio"},"content":{"rendered":"\n<p>Tal parece que el 2026 podr\u00eda ser un incre\u00edble a\u00f1o en la m\u00fasica y no solo por <a href=\"https:\/\/www.chicmagazine.com.mx\/personajes\/coachella-cartel-2026-fechas-lineup-cuando-comprar-boletos\" target=\"_self\" rel=\"nofollow noopener\">Coachella<\/a> o un posible tour de <a href=\"https:\/\/www.chicmagazine.com.mx\/consejos\/taylor-swift-en-cinepolis-coleccionables-por-the-life-of-a-showgirl\" target=\"_self\" rel=\"nofollow noopener\">Taylor Swift<\/a>\u00a0tras el estreno de <a href=\"https:\/\/www.chicmagazine.com.mx\/personajes\/life-of-showgirl-taylor-swift-precios-cinepolis-cinemex\" target=\"_self\" rel=\"nofollow noopener\">\u201cThe Life of a Showgirl\u201d<\/a>, sino tambi\u00e9n por el tan anticipado regreso de <strong>BTS<\/strong> que culminar\u00eda en una gira mundial.<\/p>\n<p>Y es que, despu\u00e9s de cumplir con su servicio militar, los 7 integrantes se preparan para una nueva etapa que no solo traer\u00e1 m\u00fasica in\u00e9dita, sino tambi\u00e9n <strong>una gira global <\/strong>de dimensiones hist\u00f3ricas. Sigue leyendo y ent\u00e9rate sobre lo que sabemos sobre la posible fecha de inicio.<\/p>\n<p class=\"font-outfit mb-4 text-center text-sm leading-[20px] font-semibold tracking-[2.80px] uppercase lg:text-[13px] lg:tracking-[2.6px]\"> TE RECOMENDAMOS <\/p>\n<p>    <img decoding=\"async\" src=\"https:\/\/cdn2.chicmagazine.com.mx\/uploads\/media\/2025\/09\/30\/lady-gaga-sube-escenario-actrices.png\" alt=\"Lady Gaga sube al escenario a las actrices de &quot;Merlina&quot;; as\u00ed fue el momento (Foto: Getty Images)\" width=\"1200\" height=\"747\" loading=\"lazy\" onerror=\"this.src=\"\/>     <img decoding=\"async\" src=\"https:\/\/cdn2.chicmagazine.com.mx\/uploads\/media\/2025\/09\/30\/lola-young-cancela-gira-desmayo.jpg\" alt=\"Lola Young cancela su gira tras un desmayo en Nueva York (Getty Images)\" width=\"1200\" height=\"747\" loading=\"lazy\" onerror=\"this.src=\"\/>     \u00bfEs oficial el regreso de BTS?<\/p>\n<p>Para empezar, \u00bfes real el rumor de que <a href=\"https:\/\/www.chicmagazine.com.mx\/personajes\/v-de-bts-es-nombrado-el-mas-guapo-del-mundo-por-la-ciencia\" target=\"_self\" rel=\"nofollow noopener\">BTS<\/a> regresar\u00e1? Bueno, la respuesta corta es: <strong>s\u00ed, es oficial. <\/strong>El grupo anunci\u00f3 que en la <a href=\"https:\/\/www.chicmagazine.com.mx\/personajes\/bts-regreso-2026-cuando-sera-gira-y-nuevo-album\" target=\"_self\" rel=\"nofollow noopener\">primavera de 2026<\/a> lanzar\u00e1 un nuevo \u00e1lbum grupal, el primero en m\u00e1s de tres a\u00f1os. <\/p>\n<p>La noticia se dio a conocer en <strong>julio de 2025<\/strong>, apenas unos d\u00edas despu\u00e9s de que Suga concluyera su servicio militar, convirti\u00e9ndose en el \u00faltimo miembro en cumplir con la obligaci\u00f3n en Corea del Sur.<\/p>\n<p>Durante un live en Weverse,<strong> Jin, Suga, J-Hope, RM, Jimin, V y Jungkook<\/strong> compartieron con los fans su emoci\u00f3n por volver a trabajar juntos. Admitieron que, aunque todos estuvieron activos en proyectos individuales durante este tiempo, nada se compara con la experiencia de reunirse como septeto. <\/p>\n<blockquote><p>\u201cAbordamos este proyecto con la misma mentalidad que ten\u00edamos al principio\u201d, dijeron, reflejando la emoci\u00f3n de un nuevo comienzo.<\/p><\/blockquote>\n<p>Si bien la confirmaci\u00f3n es clara, muchos de los n\u00fameros y proyecciones que circulan provienen de estimaciones financieras, no de <strong>HYBE<\/strong>. Eso no disminuye la emoci\u00f3n de ARMY, que coloca tendencias globales cada vez que el nombre del grupo se relaciona con el 2026.<\/p>\n<p>   <img decoding=\"async\" src=\"https:\/\/img.youtube.com\/vi\/L22wmgZTJUs\/0.jpg\" alt=\"YouTube video\" width=\"480\" height=\"360\" loading=\"lazy\" onerror=\"this.src=\" class=\"object-cover\"\/>            \u00bfCu\u00e1ndo har\u00eda su regreso BTS?<\/p>\n<p>Seg\u00fan lo confirmado, el regreso ocurrir\u00e1 en la <strong>primavera de 2026<\/strong>, probablemente en los primeros meses, con el lanzamiento del nuevo \u00e1lbum. Ser\u00e1 el punto de partida de una nueva era para BTS y para la industria musical en general.<\/p>\n<p>Antes de eso, en julio de 2025, los siete habr\u00edan viajado a Estados Unidos para iniciar <strong>el proceso creativo. <\/strong>La compa\u00f1\u00eda explic\u00f3 que, por cuestiones legales y log\u00edsticas, no pod\u00edan producir ni componer mientras estaban en servicio, as\u00ed que ser\u00e1 un trabajo desde cero. <\/p>\n<p>El CEO de HYBE, Lee Jae-sang, asegur\u00f3 que el grupo contar\u00e1 con <strong>productores de primer nivel <\/strong>y el tiempo suficiente para trabajar sin presiones.<\/p>\n<p>El siguiente gran momento ser\u00e1<strong> mayo de 2026<\/strong>, cuando d\u00e9 inicio la gira mundial, seg\u00fan un reporte de Hyundai Motor Securities. Aunque no se han revelado fechas ni ciudades, la filtraci\u00f3n adelant\u00f3 que el tour podr\u00eda extenderse hasta diciembre y reunir a m\u00e1s de cuatro millones de asistentes. <\/p>\n<p> <img decoding=\"async\" src=\"https:\/\/cdn2.chicmagazine.com.mx\/uploads\/media\/2025\/07\/31\/bts-regreso-gira-album-foto.jpg\" alt=\"BTS, regreso 2026: Lo que sabemos de su gira y nuevo \u00e1lbum (Foto: Getty)\" width=\"1200\" height=\"747\" loading=\"lazy\" onerror=\"this.src=\" class=\"w-full\"\/>  BTS, regreso 2026: Lo que sabemos de su gira y nuevo \u00e1lbum (Foto: Getty)  \u00bfBTS tendr\u00e1 un nuevo \u00e1lbum?<\/p>\n<p>S\u00ed. El regreso incluir\u00e1 un nuevo disco grupal, el primero desde 2020, y marcar\u00e1 un hito en<strong> la historia de la banda<\/strong>. Los miembros se\u00f1alaron que este proyecto no solo reflejar\u00e1 su evoluci\u00f3n art\u00edstica, sino tambi\u00e9n las experiencias y aprendizajes que obtuvieron durante su tiempo de pausa.<\/p>\n<p>\u201cQueremos que sea un \u00e1lbum <strong>con esencia<\/strong>, pero tambi\u00e9n con la madurez que hemos alcanzado\u201d, compartieron en su anuncio. Con esa promesa, ARMY puede esperar canciones cargadas de emoci\u00f3n, introspecci\u00f3n y la energ\u00eda que siempre ha caracterizado al grupo.<\/p>\n<p>La expectativa es alta no solo entre los fans, sino tambi\u00e9n en la industria. <strong>Hyundai Motor Securities <\/strong>elev\u00f3 el valor de las acciones de HYBE y compar\u00f3 el potencial del tour con los logros de otros grupos de K-pop como Stray Kids, dejando claro que BTS sigue siendo la mayor fuerza global.<\/p>\n<p>Con un \u00e1lbum en camino, una gira mundial y la promesa de un regreso \u00e9pico, 2026 se perfila como<strong> el a\u00f1o de BTS. <\/strong>Y aunque todav\u00eda faltan detalles oficiales, lo cierto es que la espera valdr\u00e1 cada segundo.<\/p>\n<p>\u00bfLo sab\u00edas?<\/p>\n<p class=\"font-outfit mb-4 text-center text-sm leading-[20px] font-semibold tracking-[2.80px] uppercase lg:text-[13px] lg:tracking-[2.6px]\"> TE RECOMENDAMOS <\/p>\n<p>    <img decoding=\"async\" src=\"https:\/\/cdn2.chicmagazine.com.mx\/uploads\/media\/2025\/09\/30\/cancelacion-paises-surge-duda-mexico.jpg\" alt=\"Tras la cancelaci\u00f3n en otros pa\u00edses, surge la duda: \u00bfM\u00e9xico seguir\u00e1 con funciones de \u201cThe Official Release Party of a Showgirl\u201d? (Getty Images)\" width=\"1200\" height=\"747\" loading=\"lazy\" onerror=\"this.src=\"\/>     <img decoding=\"async\" src=\"https:\/\/cdn2.chicmagazine.com.mx\/uploads\/media\/2025\/09\/30\/padre-selena-gomez-ricardo-joel.jpg\" alt=\"El padre de Selena Gomez, Ricardo Joel Gomez, no estuvo presente en su boda con Benny Blanco (Getty Images)\" width=\"1200\" height=\"747\" loading=\"lazy\" onerror=\"this.src=\"\/>      <\/p>\n","protected":false},"excerpt":{"rendered":"Tal parece que el 2026 podr\u00eda ser un incre\u00edble a\u00f1o en la m\u00fasica y no solo por Coachella&hellip;\n","protected":false},"author":2,"featured_media":153151,"comment_status":"","ping_status":"","sticky":false,"template":"","format":"standard","meta":{"footnotes":""},"categories":[170],"tags":[8407,46197,46200,46196,46198,146,147,25,24,46194,46199,184,185,23,46195],"class_list":{"0":"post-153150","1":"post","2":"type-post","3":"status-publish","4":"format-standard","5":"has-post-thumbnail","7":"category-musica","8":"tag-bts","9":"tag-bts-2026-fecha-de-gira-mundial","10":"tag-bts-gira-mundial-2026","11":"tag-cuando-regresa-bts-2026","12":"tag-cuando-regresara-bts","13":"tag-entertainment","14":"tag-entretenimiento","15":"tag-es","16":"tag-espana","17":"tag-gira-mundial-bts-2026","18":"tag-gira-mundial-de-bts","19":"tag-music","20":"tag-musica","21":"tag-spain","22":"tag-tour-bts-2026-fechas"},"share_on_mastodon":{"url":"","error":""},"_links":{"self":[{"href":"https:\/\/www.europesays.com\/es\/wp-json\/wp\/v2\/posts\/153150","targetHints":{"allow":["GET"]}}],"collection":[{"href":"https:\/\/www.europesays.com\/es\/wp-json\/wp\/v2\/posts"}],"about":[{"href":"https:\/\/www.europesays.com\/es\/wp-json\/wp\/v2\/types\/post"}],"author":[{"embeddable":true,"href":"https:\/\/www.europesays.com\/es\/wp-json\/wp\/v2\/users\/2"}],"replies":[{"embeddable":true,"href":"https:\/\/www.europesays.com\/es\/wp-json\/wp\/v2\/comments?post=153150"}],"version-history":[{"count":0,"href":"https:\/\/www.europesays.com\/es\/wp-json\/wp\/v2\/posts\/153150\/revisions"}],"wp:featuredmedia":[{"embeddable":true,"href":"https:\/\/www.europesays.com\/es\/wp-json\/wp\/v2\/media\/153151"}],"wp:attachment":[{"href":"https:\/\/www.europesays.com\/es\/wp-json\/wp\/v2\/media?parent=153150"}],"wp:term":[{"taxonomy":"category","embeddable":true,"href":"https:\/\/www.europesays.com\/es\/wp-json\/wp\/v2\/categories?post=153150"},{"taxonomy":"post_tag","embeddable":true,"href":"https:\/\/www.europesays.com\/es\/wp-json\/wp\/v2\/tags?post=153150"}],"curies":[{"name":"wp","href":"https:\/\/api.w.org\/{rel}","templated":true}]}}