{"id":153170,"date":"2025-10-02T17:12:13","date_gmt":"2025-10-02T17:12:13","guid":{"rendered":"https:\/\/www.europesays.com\/es\/153170\/"},"modified":"2025-10-02T17:12:13","modified_gmt":"2025-10-02T17:12:13","slug":"damian-castano-cierra-temporada-en-peru-el-14-de-octubre-salamancartv-al-dia","status":"publish","type":"post","link":"https:\/\/www.europesays.com\/es\/153170\/","title":{"rendered":"Dami\u00e1n Casta\u00f1o cierra temporada en Per\u00fa el 14 de octubre &#8211; SALAMANCArtv AL D\u00cdA"},"content":{"rendered":"<p class=\"prip\">El torero salmantino <strong>Dami\u00e1n Casta\u00f1o<\/strong> pondr\u00e1 el broche final a su temporada 2025 en tierras peruanas. El diestro viajar\u00e1 hasta la localidad de <strong>Nu\u00f1oa<\/strong> para participar en la I Tarde Taurina, un festejo que se celebrar\u00e1 el pr\u00f3ximo <strong>14 de octubre<\/strong>.<\/p>\n<p>Este compromiso internacional servir\u00e1 para cerrar un a\u00f1o de actividad en los ruedos para el torero de Salamanca, que se medir\u00e1 en un cartel de gran inter\u00e9s para la afici\u00f3n local.<\/p>\n<p>Un cartel de figuras en Per\u00fa<\/p>\n<p>El evento, anunciado como una \u00abGrandiosa Tarde Taurina\u00bb, presentar\u00e1 un emocionante <strong>mano a mano<\/strong> entre el torero espa\u00f1ol y el diestro local <strong>Alfonso de Lima<\/strong>.<\/p>\n<p>La cita tendr\u00e1 lugar en la <strong>Plaza de Toros Sol y Sombra<\/strong>, un escenario que acoger\u00e1 a dos figuras del toreo en un duelo que ha generado gran expectaci\u00f3n.<\/p>\n<p>La corrida dar\u00e1 comienzo a las <strong>13:00 horas<\/strong> del martes 14 de octubre. Para la ocasi\u00f3n, se lidiar\u00e1n <strong>cuatro toros de muerte<\/strong> procedentes de la prestigiosa <strong>ganader\u00eda \u00abEl Rosario\u00bb<\/strong>, ubicada en Chincha &#8211; Ica.<\/p>\n<p><img loading=\"lazy\" decoding=\"async\" class=\"tinymceimage\"   width=\"714\" height=\"1432\" src=\"https:\/\/www.europesays.com\/es\/wp-content\/uploads\/2025\/10\/catel-de-damian-en-peru.jpg\" alt=\"El salmantino Dami\u00e1n Casta\u00f1o cruza el charco para cerrar la temporada 2025 | Imagen 1\"\/><\/p>\n","protected":false},"excerpt":{"rendered":"El torero salmantino Dami\u00e1n Casta\u00f1o pondr\u00e1 el broche final a su temporada 2025 en tierras peruanas. El diestro&hellip;\n","protected":false},"author":2,"featured_media":153171,"comment_status":"","ping_status":"","sticky":false,"template":"","format":"standard","meta":{"footnotes":""},"categories":[277],"tags":[373,46203,46202,46201,168,25,24,23,167,374],"class_list":{"0":"post-153170","1":"post","2":"type-post","3":"status-publish","4":"format-standard","5":"has-post-thumbnail","7":"category-toreo","8":"tag-bullfighting","9":"tag-corrida-damian-castano-america","10":"tag-damian-castano-en-america","11":"tag-damian-castano-en-peru","12":"tag-deportes","13":"tag-es","14":"tag-espana","15":"tag-spain","16":"tag-sports","17":"tag-toreo"},"share_on_mastodon":{"url":"","error":""},"_links":{"self":[{"href":"https:\/\/www.europesays.com\/es\/wp-json\/wp\/v2\/posts\/153170","targetHints":{"allow":["GET"]}}],"collection":[{"href":"https:\/\/www.europesays.com\/es\/wp-json\/wp\/v2\/posts"}],"about":[{"href":"https:\/\/www.europesays.com\/es\/wp-json\/wp\/v2\/types\/post"}],"author":[{"embeddable":true,"href":"https:\/\/www.europesays.com\/es\/wp-json\/wp\/v2\/users\/2"}],"replies":[{"embeddable":true,"href":"https:\/\/www.europesays.com\/es\/wp-json\/wp\/v2\/comments?post=153170"}],"version-history":[{"count":0,"href":"https:\/\/www.europesays.com\/es\/wp-json\/wp\/v2\/posts\/153170\/revisions"}],"wp:featuredmedia":[{"embeddable":true,"href":"https:\/\/www.europesays.com\/es\/wp-json\/wp\/v2\/media\/153171"}],"wp:attachment":[{"href":"https:\/\/www.europesays.com\/es\/wp-json\/wp\/v2\/media?parent=153170"}],"wp:term":[{"taxonomy":"category","embeddable":true,"href":"https:\/\/www.europesays.com\/es\/wp-json\/wp\/v2\/categories?post=153170"},{"taxonomy":"post_tag","embeddable":true,"href":"https:\/\/www.europesays.com\/es\/wp-json\/wp\/v2\/tags?post=153170"}],"curies":[{"name":"wp","href":"https:\/\/api.w.org\/{rel}","templated":true}]}}