{"id":153172,"date":"2025-10-02T17:14:17","date_gmt":"2025-10-02T17:14:17","guid":{"rendered":"https:\/\/www.europesays.com\/es\/153172\/"},"modified":"2025-10-02T17:14:17","modified_gmt":"2025-10-02T17:14:17","slug":"ganadores-del-sorteo-de-las-invitaciones-para-participar-en-el-pro-am-del-open-de-espana-presented-by-madrid","status":"publish","type":"post","link":"https:\/\/www.europesays.com\/es\/153172\/","title":{"rendered":"Ganadores del sorteo de las invitaciones para participar en el Pro-Am del Open de Espa\u00f1a presented by Madrid"},"content":{"rendered":"<p>El Real Club de Campo Villa de Madrid informa a continuaci\u00f3n sobre la <strong>relaci\u00f3n de abonados ganadores del sorteo de las 12 invitaciones para participar en el Pro-Am del Open de Espa\u00f1a presented by Madrid 2025 de golf,<\/strong> que se celebra el mi\u00e9rcoles 8 de octubre, un d\u00eda antes de que comience el Open.<\/p>\n<tr>\n<td>\n<p class=\"text-align-center\">ORDEN<\/p>\n<\/td>\n<td>\n<p class=\"text-align-center\">N\u00ba ABONADO<\/p>\n<\/td>\n<\/tr>\n<tr>\n<td>\n<p class=\"text-align-center\">1<\/p>\n<\/td>\n<td>\n<p class=\"text-align-center\">1074502Z<\/p>\n<\/td>\n<\/tr>\n<tr>\n<td>\n<p class=\"text-align-center\">2<\/p>\n<\/td>\n<td>\n<p class=\"text-align-center\">117602D<\/p>\n<\/td>\n<\/tr>\n<tr>\n<td>\n<p class=\"text-align-center\">3<\/p>\n<\/td>\n<td>\n<p class=\"text-align-center\">980101Y<\/p>\n<\/td>\n<\/tr>\n<tr>\n<td>\n<p class=\"text-align-center\">4<\/p>\n<\/td>\n<td>\n<p class=\"text-align-center\">581103Z<\/p>\n<\/td>\n<\/tr>\n<tr>\n<td>\n<p class=\"text-align-center\">5<\/p>\n<\/td>\n<td>\n<p class=\"text-align-center\">2540001Y<\/p>\n<\/td>\n<\/tr>\n<tr>\n<td>\n<p class=\"text-align-center\">6<\/p>\n<\/td>\n<td>\n<p class=\"text-align-center\">639301B<\/p>\n<\/td>\n<\/tr>\n<tr>\n<td>\n<p class=\"text-align-center\">7<\/p>\n<\/td>\n<td>\n<p class=\"text-align-center\">2906001Z<\/p>\n<\/td>\n<\/tr>\n<tr>\n<td>\n<p class=\"text-align-center\">8<\/p>\n<\/td>\n<td>\n<p class=\"text-align-center\">2707001Z<\/p>\n<\/td>\n<\/tr>\n<tr>\n<td>\n<p class=\"text-align-center\">9<\/p>\n<\/td>\n<td>\n<p class=\"text-align-center\">118902Z<\/p>\n<\/td>\n<\/tr>\n<tr>\n<td>\n<p class=\"text-align-center\">10<\/p>\n<\/td>\n<td>\n<p class=\"text-align-center\">185103Z<\/p>\n<\/td>\n<\/tr>\n<tr>\n<td>\n<p class=\"text-align-center\">11<\/p>\n<\/td>\n<td>\n<p class=\"text-align-center\">2898701Z<\/p>\n<\/td>\n<\/tr>\n<tr>\n<td>\n<p class=\"text-align-center\">12<\/p>\n<\/td>\n<td>\n<p class=\"text-align-center\">2711001Z<\/p>\n<\/td>\n<\/tr>\n<tr>\n<td>\n<p class=\"text-align-center\">SUPLENTES<\/p>\n<\/td>\n<td>\n<p class=\"text-align-center\">N\u00ba ABONADO<\/p>\n<\/td>\n<\/tr>\n<tr>\n<td>\n<p class=\"text-align-center\">1<\/p>\n<\/td>\n<td>\n<p class=\"text-align-center\">180001Z<\/p>\n<\/td>\n<\/tr>\n<tr>\n<td>\n<p class=\"text-align-center\">2<\/p>\n<\/td>\n<td>\n<p class=\"text-align-center\">151305Z<\/p>\n<\/td>\n<\/tr>\n<tr>\n<td>\n<p class=\"text-align-center\">3<\/p>\n<\/td>\n<td>\n<p class=\"text-align-center\">362401D<\/p>\n<\/td>\n<\/tr>\n<p>\u00a0<\/p>\n<p>\u00a0<\/p>\n<p>\u00a0<\/p>\n<p>\u00a0<\/p>\n<p>\u00a0<\/p>\n","protected":false},"excerpt":{"rendered":"El Real Club de Campo Villa de Madrid informa a continuaci\u00f3n sobre la relaci\u00f3n de abonados ganadores del&hellip;\n","protected":false},"author":2,"featured_media":153173,"comment_status":"","ping_status":"","sticky":false,"template":"","format":"standard","meta":{"footnotes":""},"categories":[275],"tags":[168,25,24,329,23,167],"class_list":{"0":"post-153172","1":"post","2":"type-post","3":"status-publish","4":"format-standard","5":"has-post-thumbnail","7":"category-golf","8":"tag-deportes","9":"tag-es","10":"tag-espana","11":"tag-golf","12":"tag-spain","13":"tag-sports"},"share_on_mastodon":{"url":"","error":""},"_links":{"self":[{"href":"https:\/\/www.europesays.com\/es\/wp-json\/wp\/v2\/posts\/153172","targetHints":{"allow":["GET"]}}],"collection":[{"href":"https:\/\/www.europesays.com\/es\/wp-json\/wp\/v2\/posts"}],"about":[{"href":"https:\/\/www.europesays.com\/es\/wp-json\/wp\/v2\/types\/post"}],"author":[{"embeddable":true,"href":"https:\/\/www.europesays.com\/es\/wp-json\/wp\/v2\/users\/2"}],"replies":[{"embeddable":true,"href":"https:\/\/www.europesays.com\/es\/wp-json\/wp\/v2\/comments?post=153172"}],"version-history":[{"count":0,"href":"https:\/\/www.europesays.com\/es\/wp-json\/wp\/v2\/posts\/153172\/revisions"}],"wp:featuredmedia":[{"embeddable":true,"href":"https:\/\/www.europesays.com\/es\/wp-json\/wp\/v2\/media\/153173"}],"wp:attachment":[{"href":"https:\/\/www.europesays.com\/es\/wp-json\/wp\/v2\/media?parent=153172"}],"wp:term":[{"taxonomy":"category","embeddable":true,"href":"https:\/\/www.europesays.com\/es\/wp-json\/wp\/v2\/categories?post=153172"},{"taxonomy":"post_tag","embeddable":true,"href":"https:\/\/www.europesays.com\/es\/wp-json\/wp\/v2\/tags?post=153172"}],"curies":[{"name":"wp","href":"https:\/\/api.w.org\/{rel}","templated":true}]}}