{"id":153190,"date":"2025-10-02T17:23:08","date_gmt":"2025-10-02T17:23:08","guid":{"rendered":"https:\/\/www.europesays.com\/es\/153190\/"},"modified":"2025-10-02T17:23:08","modified_gmt":"2025-10-02T17:23:08","slug":"anuncia-dos-nuevas-series-y-detalla-a-que-se-enfrentaran-los-shelbys","status":"publish","type":"post","link":"https:\/\/www.europesays.com\/es\/153190\/","title":{"rendered":"anuncia dos nuevas series y detalla a qu\u00e9 se enfrentar\u00e1n los Shelbys"},"content":{"rendered":"<p class=\"article-text\">\n        La saga de los Shelby no ha terminado. La plataforma <strong>Netflix <\/strong>y la cadena p\u00fablica <strong>BBC <\/strong>han anunciado este jueves, 2 de octubre, la puesta en marcha de <strong>dos nuevas series<\/strong> ambientadas en el universo de <strong>Peaky Blinders<\/strong>. Estas producciones ser\u00e1n la <strong>secuela <\/strong>que continuar\u00e1 la historia tras el estreno de la <a href=\"https:\/\/www.eldiario.es\/vertele\/noticias\/netflix-oficial-pelicula-peaky-blinders-cillian-murphy-parece-tommy-shelby-no-termino-conmigo_1_11424056.html\" target=\"_blank\" data-mrf-recirculation=\"links-noticia\" class=\"link\" rel=\"nofollow noopener\">pel\u00edcula ya anunciada<\/a>, que actualmente se encuentra en fase de postproducci\u00f3n.\n    <\/p>\n<p>    <a href=\"https:\/\/www.eldiario.es\/vertele\/series\/peaky-blinders-pelicula-steven-knight-nueva-serie-historia_1_12067537.html\" data-mrf-recirculation=\"saber-mas\" data-dl-event=\"saber-mas\" rel=\"nofollow noopener\" target=\"_blank\"><\/p>\n<p class=\"know-more__title\">El creador de &#8216;Peaky Blinders&#8217; sorprende al confirmar que la pel\u00edcula no ser\u00e1 el final de la historia de Tommy Shelby<\/p>\n<p>            <img decoding=\"async\" class=\"lazy\" loading=\"lazy\" data-src=\"https:\/\/static.eldiario.es\/clip\/36358fbc-1e2b-490c-9e10-871edde0cae1_16-9-aspect-ratio_default_0.jpg\" src=\"data:image\/svg+xml,%3Csvg xmlns=\" http:=\"\" viewbox=\"0 0 880 495\" alt=\"El creador de 'Peaky Blinders' sorprende al confirmar que la pel\u00edcula no ser\u00e1 el final de la historia de Tommy Shelby\"\/><\/p>\n<p>                        <\/a><\/p>\n<p class=\"article-text\">\n        Cada una de las dos producciones contar\u00e1 con <strong>seis episodios<\/strong>, con 60 minutos de duraci\u00f3n, y se rodar\u00e1n en <strong>Birmingham<\/strong>, ciudad que vuelve a ser el coraz\u00f3n de la trama. Esta nueva etapa estar\u00e1 ambientada en el a\u00f1o <strong>1953<\/strong>, cuando Gran Breta\u00f1a comienza la recuperaci\u00f3n tras los <strong>bombardeos <\/strong>de la <strong>Segunda Guerra Mundial<\/strong>. De nuevo, la familia <strong>Shelby <\/strong>se coloca en el centro de una historia manchada de sangre.\n    <\/p>\n<p class=\"article-text\">\n        El reto vuelve a ser enorme: <strong>reconstruir una ciudad<\/strong> \u201ca base de hormig\u00f3n y acero\u201d, provocando una lucha sin cuartel por controlar un proyecto de enorme magnitud como este. Lo que no cambia es que esta nueva generaci\u00f3n de la familia Shelby tendr\u00e1 que enfrentarse a una Birmingham plagada de <strong>oportunidades<\/strong>, pero tambi\u00e9n de <strong>peligros <\/strong>que enfrentar tras uno de los conflictos b\u00e9licos m\u00e1s cruentos que se recuerdan.\n    <\/p>\n<p class=\"article-text\">\n        <strong>Steven Knight<\/strong>, el creador de Peaky Blinders, se ha mostrado \u201centusiasmado\u201d ante el anuncio de este nuevo cap\u00edtulo profesional: \u201cUna vez m\u00e1s, estar\u00e1 arraigado en Birmingham y contar\u00e1 la historia de una ciudad que resurge de las cenizas del bombardeo de Birmingham. La nueva generaci\u00f3n de Shelbys ha tomado el volante y ser\u00e1 un viaje incre\u00edble\u201d. Por su parte, <strong>Mona Qureshi<\/strong>, ejecutiva de Netflix, ha manifestado que la compa\u00f1\u00eda est\u00e1 \u201cemocionada\u201d por embarcarse en este nuevo proyecto.\n    <\/p>\n<p>    <a href=\"https:\/\/www.eldiario.es\/vertele\/videos\/trailers-y-avances\/netflix-trailer-temporada-2-respira-blanca-suarez-apuros-pablo-alboran_7_12651278.html\" data-mrf-recirculation=\"saber-mas-abajo\" data-dl-event=\"saber-mas-abajo\" rel=\"nofollow noopener\" target=\"_blank\"><\/p>\n<p class=\"know-more__title\">Netflix lanza el tr\u00e1iler de la temporada 2 de &#8216;Respira&#8217; con Blanca Su\u00e1rez en apuros y aparici\u00f3n de Pablo Albor\u00e1n<\/p>\n<p>            <img decoding=\"async\" class=\"lazy\" loading=\"lazy\" data-src=\"https:\/\/static.eldiario.es\/clip\/a1a40219-80f7-4688-b378-9ab0bcf01d56_16-9-aspect-ratio_default_0.jpg\" src=\"data:image\/svg+xml,%3Csvg xmlns=\" http:=\"\" viewbox=\"0 0 880 495\" alt=\"Netflix lanza el tr\u00e1iler de la temporada 2 de 'Respira' con Blanca Su\u00e1rez en apuros y aparici\u00f3n de Pablo Albor\u00e1n\"\/><\/p>\n<p>                        <\/a><\/p>\n<p>    Ficha t\u00e9cnica<\/p>\n<p class=\"article-text\">\n        La noticia llega en un momento clave: la pel\u00edcula de Peaky Blinders, que cerrar\u00e1 la etapa televisiva iniciada en 2013, servir\u00e1 como puente hacia estas dos nuevas series. Esta nueva etapa, que expande el universo de la familia Shelby, cuenta con <strong>Kudos <\/strong>y <strong>Garrison Drama<\/strong> (Banijay UK) a cargo de la <strong>producci\u00f3n<\/strong>. Ejercen como productores ejecutivos <strong>Cillian Murphy<\/strong>,\u00a0<strong>Karen Wilson<\/strong>\u00a0y\u00a0<strong>Martin Haines<\/strong>,\u00a0<strong>Jamie Glazebrook<\/strong>,\u00a0<strong>Jo McClellan<\/strong>,\u00a0<strong>Mona Qureshi<\/strong>\u00a0y<strong>\u00a0Toby Bentley<\/strong>.\n    <\/p>\n","protected":false},"excerpt":{"rendered":"La saga de los Shelby no ha terminado. La plataforma Netflix y la cadena p\u00fablica BBC han anunciado&hellip;\n","protected":false},"author":2,"featured_media":153191,"comment_status":"","ping_status":"","sticky":false,"template":"","format":"standard","meta":{"footnotes":""},"categories":[171],"tags":[4187,46210,17466,146,147,25,24,38074,152,2860,46209,805,46211,23,214,9911],"class_list":{"0":"post-153190","1":"post","2":"type-post","3":"status-publish","4":"format-standard","5":"has-post-thumbnail","7":"category-tv","8":"tag-anuncia","9":"tag-blinders","10":"tag-detalla","11":"tag-entertainment","12":"tag-entretenimiento","13":"tag-es","14":"tag-espana","15":"tag-expande","16":"tag-netflix","17":"tag-nuevas","18":"tag-peaky","19":"tag-series","20":"tag-shelbys","21":"tag-spain","22":"tag-tv","23":"tag-universo"},"share_on_mastodon":{"url":"","error":""},"_links":{"self":[{"href":"https:\/\/www.europesays.com\/es\/wp-json\/wp\/v2\/posts\/153190","targetHints":{"allow":["GET"]}}],"collection":[{"href":"https:\/\/www.europesays.com\/es\/wp-json\/wp\/v2\/posts"}],"about":[{"href":"https:\/\/www.europesays.com\/es\/wp-json\/wp\/v2\/types\/post"}],"author":[{"embeddable":true,"href":"https:\/\/www.europesays.com\/es\/wp-json\/wp\/v2\/users\/2"}],"replies":[{"embeddable":true,"href":"https:\/\/www.europesays.com\/es\/wp-json\/wp\/v2\/comments?post=153190"}],"version-history":[{"count":0,"href":"https:\/\/www.europesays.com\/es\/wp-json\/wp\/v2\/posts\/153190\/revisions"}],"wp:featuredmedia":[{"embeddable":true,"href":"https:\/\/www.europesays.com\/es\/wp-json\/wp\/v2\/media\/153191"}],"wp:attachment":[{"href":"https:\/\/www.europesays.com\/es\/wp-json\/wp\/v2\/media?parent=153190"}],"wp:term":[{"taxonomy":"category","embeddable":true,"href":"https:\/\/www.europesays.com\/es\/wp-json\/wp\/v2\/categories?post=153190"},{"taxonomy":"post_tag","embeddable":true,"href":"https:\/\/www.europesays.com\/es\/wp-json\/wp\/v2\/tags?post=153190"}],"curies":[{"name":"wp","href":"https:\/\/api.w.org\/{rel}","templated":true}]}}