{"id":1532,"date":"2025-07-25T06:11:10","date_gmt":"2025-07-25T06:11:10","guid":{"rendered":"https:\/\/www.europesays.com\/es\/1532\/"},"modified":"2025-07-25T06:11:10","modified_gmt":"2025-07-25T06:11:10","slug":"las-electricas-caen-un-4-desde-maximos-y-tienen-potencial-expansion","status":"publish","type":"post","link":"https:\/\/www.europesays.com\/es\/1532\/","title":{"rendered":"Las el\u00e9ctricas caen un 4% desde m\u00e1ximos y tienen potencial &#8211; Expansi\u00f3n"},"content":{"rendered":"<ol>\n<li><a href=\"https:\/\/news.google.com\/rss\/articles\/CBMigAFBVV95cUxNR0c3Z25zYUNlVm5ROVhZMXpHMjg1dVhuYk92RnRpSS1taEZjUjY4RzM4QTFHX2N0aC11N3ZIN3ZBekhSdGRsSmhEYTJGUERHQkZSaHRyQ1FwX05JeGM0VFgwSk1KdGdyUGI5ZU50cWUwdXBhU2NqSlo0Q082Ujc4VNIBgAFBVV95cUxPUDNLOExqaG01eE01Umg3WG9ZWkdId1FYY3d4bjM1THFCelZjME9ZZVoxbmZTdmEtNUN5cjBvS3RaZE9NaW4yaWtRY2hsN0kwcXpTT1dfNmNIb21hUTA3ZXE3OWdnVzRUbmoybzAwdnE5QzRhdzJKTFJNS2lZdFoyVA?oc=5\" target=\"_blank\" rel=\"nofollow noopener\">Las el\u00e9ctricas caen un 4% desde m\u00e1ximos y tienen potencial<\/a>&nbsp;&nbsp;Expansi\u00f3n<\/li>\n<li><a href=\"https:\/\/news.google.com\/rss\/articles\/CBMiiAFBVV95cUxNYXFwTEZqN2ZIS2pWQUItbUJpRWctZm5qdTUwR01RMFJpY2x1SGFvN2sxdnZlRjJQNFB1Z0diYkYycFBLVkpHX01SM2FPRXBoNzJ6MW5aQmJHQXlCT2pvMF8zSXlPV2pWR091Rnd3VWdJclJHYl93cXFwVmg1MTFTRXVscDFERk1F0gGIAUFVX3lxTE9wQ3JfQmh4QTBRcFAzVE5OM3MxdHl1ZXJ3WEJNYVQ5ZmZzVHdHUDJDME9Oelc5aWNxTUNEbXd5UW50LWljZkZTVk5GMGU5RnBMVDJiRjZCcHpRNkxHREM2bGxrY1g5RWlEc1N3OXRkWmY0WkszYVJVOWZwTkNTam92dzZDNmMxb3Q?oc=5\" target=\"_blank\" rel=\"nofollow noopener\">Las el\u00e9ctricas muestran enfado con Feij\u00f3o por tumbar el &#8216;decreto antiapagones&#8217; e instan a PP y Gobierno a arreglarlo: \u00abPedimos responsabilidad\u00bb<\/a>&nbsp;&nbsp;El Mundo<\/li>\n<li><a href=\"https:\/\/news.google.com\/rss\/articles\/CBMiyAFBVV95cUxOZGlVRWFaWlNwOVIyVXBXUVVvYjFFRE5XVlhxQjIwaG4tbUdEUEZpSDhMODl5RElia2dYTE1xSGFtMzJBZTdTbUttbjMtZXdPMXdKSTJwYklhSFhUaU9zdldBdmVlQV85VFFtYVR0OGFzSXNqX1pPaHBFZFZqclhudFhhNHlILVl6Qm1rXzJiZUJ3RUhWcVFLN3JCVjlfcTVhNWtjY05qQV81TlBsOElMUXNfVnhzUkhlalBBeVdfNEVEMUdiMFVsM9IByAFBVV95cUxOVXNXQktsY3Z1QU5LM1lhMnJQd0ZVNmZ2WnQtQlAwT3M4b2lPVnhwVWhSWnlpaUhCNU1MWDBJTmpDa0IyQlh1SWI1OVN0Zmd3U1dVTG83eExNeHJqQ3dLQjFUOGNFSTVmZW8wbzBUVFM4S0IzOUkxUi1qWXB6Z1lrSE1MWlYxMXFRT0tDbGx3Nk1rMTRqV2NqeDB3STRWTEZCLTZ0bURUaDh3VmsxV1RNOFVkTE1ZN21mWnZWZHVwVldpYVhOZHpyZQ?oc=5\" target=\"_blank\" rel=\"nofollow noopener\">Las energ\u00e9ticas caen en bolsa tras rechazar el Congreso el decreto &#8216;antiapagones&#8217;<\/a>&nbsp;&nbsp;RTVE.es<\/li>\n<li><a href=\"https:\/\/news.google.com\/rss\/articles\/CBMi3AFBVV95cUxQZkp1RW00RkxEQVpkN3BlRHdBTG1CX3Y2X2RzNGdEZnV4YU9FaV9LZUxXQW5GVXF1TTBIU0RtNVlxbWVuNm1XOXh5ZHlsc2JqNEIzVGpzNXFZc3JmWS12azkxX0Z4VmFNVVhLRDNOdmotUlVwS05DbjFYb1g4UmRGRVNDdGxMOTRqQ0EzWTJYbC12c0ZjMGpuSGNVMXFBTUZNb1dYajJlTXE0TXUzcU51SnZLaXA1MnFISUVhZEMwWGt0MEQyeVhGYzFMQ1dpcTZRMHNENjZXR19IWkU4?oc=5\" target=\"_blank\" rel=\"nofollow noopener\">El IBEX sube un 0,19% en un d\u00eda protagonizado por la suspensi\u00f3n de la cotizaci\u00f3n de Iberdrola<\/a>&nbsp;&nbsp;La Vanguardia<\/li>\n<li><a href=\"https:\/\/news.google.com\/rss\/articles\/CBMifkFVX3lxTFBoWGdBZ2xrVHJFLUk4S2ZtYm5Fb2p0U0xLdGFJbV9qSjJnanFJWE4zbTZCNnRzV0V6SWxEVEp2TEhvakZiSVhYX3g0YmhtMGdUNW9XczhaeDFESXc3RDg0QXZZQ3JrYXEzMkNRVjU5REhWOWQzSGlGcHcwa1YtQQ?oc=5\" target=\"_blank\" rel=\"nofollow noopener\">El Ibex 35, a las puertas de los 14.200 puntos con la ayuda de Solaria y Acciona Energ\u00eda<\/a>&nbsp;&nbsp;Yahoo.co<\/li>\n<\/ol>\n","protected":false},"excerpt":{"rendered":"Las el\u00e9ctricas caen un 4% desde m\u00e1ximos y tienen potencial&nbsp;&nbsp;Expansi\u00f3n Las el\u00e9ctricas muestran enfado con Feij\u00f3o por tumbar&hellip;\n","protected":false},"author":2,"featured_media":1533,"comment_status":"","ping_status":"","sticky":false,"template":"","format":"standard","meta":{"footnotes":""},"categories":[80],"tags":[82,95,94,25,24,114,23],"class_list":{"0":"post-1532","1":"post","2":"type-post","3":"status-publish","4":"format-standard","5":"has-post-thumbnail","7":"category-economia","8":"tag-business","9":"tag-economia","10":"tag-economy","11":"tag-es","12":"tag-espana","13":"tag-mercados","14":"tag-spain"},"share_on_mastodon":{"url":"","error":""},"_links":{"self":[{"href":"https:\/\/www.europesays.com\/es\/wp-json\/wp\/v2\/posts\/1532","targetHints":{"allow":["GET"]}}],"collection":[{"href":"https:\/\/www.europesays.com\/es\/wp-json\/wp\/v2\/posts"}],"about":[{"href":"https:\/\/www.europesays.com\/es\/wp-json\/wp\/v2\/types\/post"}],"author":[{"embeddable":true,"href":"https:\/\/www.europesays.com\/es\/wp-json\/wp\/v2\/users\/2"}],"replies":[{"embeddable":true,"href":"https:\/\/www.europesays.com\/es\/wp-json\/wp\/v2\/comments?post=1532"}],"version-history":[{"count":0,"href":"https:\/\/www.europesays.com\/es\/wp-json\/wp\/v2\/posts\/1532\/revisions"}],"wp:featuredmedia":[{"embeddable":true,"href":"https:\/\/www.europesays.com\/es\/wp-json\/wp\/v2\/media\/1533"}],"wp:attachment":[{"href":"https:\/\/www.europesays.com\/es\/wp-json\/wp\/v2\/media?parent=1532"}],"wp:term":[{"taxonomy":"category","embeddable":true,"href":"https:\/\/www.europesays.com\/es\/wp-json\/wp\/v2\/categories?post=1532"},{"taxonomy":"post_tag","embeddable":true,"href":"https:\/\/www.europesays.com\/es\/wp-json\/wp\/v2\/tags?post=1532"}],"curies":[{"name":"wp","href":"https:\/\/api.w.org\/{rel}","templated":true}]}}