{"id":153204,"date":"2025-10-02T17:30:15","date_gmt":"2025-10-02T17:30:15","guid":{"rendered":"https:\/\/www.europesays.com\/es\/153204\/"},"modified":"2025-10-02T17:30:15","modified_gmt":"2025-10-02T17:30:15","slug":"duro-felguera-se-hunde-en-bolsa-el-juzgado-deniega-otra-prorroga-del-preconcurso","status":"publish","type":"post","link":"https:\/\/www.europesays.com\/es\/153204\/","title":{"rendered":"Duro Felguera se hunde en Bolsa; el juzgado deniega otra pr\u00f3rroga del preconcurso"},"content":{"rendered":"<p>    <img fetchpriority=\"high\" decoding=\"async\" src=\"data:image\/gif;base64,R0lGODlhAQABAIAAAAAAAP\/\/\/ywAAAAAAQABAAACAUwAOw==\" alt=\"Duro Felguera se hunde en Bolsa; el juzgado deniega otra pr\u00f3rroga del preconcurso\" loading=\"eager\" height=\"385\" width=\"624\" class=\"yf-1gfnohs loader\"\/> Duro Felguera se hunde en Bolsa; el juzgado deniega otra pr\u00f3rroga del preconcurso      <\/p>\n<p class=\"yf-1090901\">Fuerte varapalo en Bolsa para <a class=\"link \" href=\"https:\/\/www.estrategiasdeinversion.com\/cotizaciones\/indices\/mercado-continuo\/duro-felguera\" rel=\"nofollow noopener\" target=\"_blank\" data-ylk=\"slk:Duro Felguera;elm:context_link;itc:0;sec:content-canvas\">Duro Felguera<\/a>, que se hunde un 30,88% en el <a class=\"link \" href=\"https:\/\/www.estrategiasdeinversion.com\/cotizaciones\/indices\/mercado-continuo\" rel=\"nofollow noopener\" target=\"_blank\" data-ylk=\"slk:Mercado Continuo;elm:context_link;itc:0;sec:content-canvas\">Mercado Continuo<\/a> hasta marcar 18,80 c\u00e9ntimos de euro tras conocerse que el juzgado de lo mercantil n\u00famero 3 de Gij\u00f3n <strong>ha denegado su solicitud de realizar la cuarta pr\u00f3rroga del preconcurso de acreedores<\/strong> para presentar su plan de reestructuraci\u00f3n.<\/p>\n<p>    <img decoding=\"async\" src=\"data:image\/gif;base64,R0lGODlhAQABAIAAAAAAAP\/\/\/ywAAAAAAQABAAACAUwAOw==\" alt=\"Duro Felguera se hunde en Bolsa; el juzgado deniega otra pr\u00f3rroga del preconcurso\" loading=\"lazy\" height=\"444\" width=\"960\" class=\"yf-1gfnohs loader\"\/> Duro Felguera se hunde en Bolsa; el juzgado deniega otra pr\u00f3rroga del preconcurso      <\/p>\n<p class=\"yf-1090901\">La compa\u00f1\u00eda hab\u00eda pedido ampliar su preconcurso de acreedores, que expiraba el 30 de septiembre, hasta el 20 de octubre.<\/p>\n<p class=\"yf-1090901\">\u201cConforme a lo establecido en el art\u00edculo 607.5 del Texto Refundido de la Ley Concursal, la presente resoluci\u00f3n, que deniega la pr\u00f3rroga solicitada, <strong>no es susceptible de recurso alguno<\/strong>\u201d, seg\u00fan recoge el auto.<\/p>\n<p class=\"yf-1090901\">La compa\u00f1\u00eda hab\u00eda solicitado esta pr\u00f3rroga alegando motivos como la ejecuci\u00f3n de avales, el conflicto contractual en Ruman\u00eda o el avance en las negociaciones, pero el juzgado concluye que, \u201canalizando las circunstancias invocadas, no pueden ser acogidos los motivos expuestos para conceder la pr\u00f3rroga interesada, fundamentalmente porque <strong>ninguna de las razones expuestas tiene el car\u00e1cter extraordinario, imprevisible o no imputable a la deudora<\/strong> exigido en el Auto de fecha 1 de septiembre de 2025 para estimar su pretensi\u00f3n\u201d.<\/p>\n<p class=\"yf-1090901\">El juez advierte en el auto que la falta de informaci\u00f3n escrita y peri\u00f3dica por parte de Duro Felguera sobre el desarrollo real del proceso negociador constituye \u201cuna omisi\u00f3n relevante que impide valorar la concurrencia de circunstancias excepcionales\u201d.<\/p>\n","protected":false},"excerpt":{"rendered":"Duro Felguera se hunde en Bolsa; el juzgado deniega otra pr\u00f3rroga del preconcurso Fuerte varapalo en Bolsa para&hellip;\n","protected":false},"author":2,"featured_media":153205,"comment_status":"","ping_status":"","sticky":false,"template":"","format":"standard","meta":{"footnotes":""},"categories":[80],"tags":[2300,82,9456,95,94,25,24,46213,17282,23],"class_list":{"0":"post-153204","1":"post","2":"type-post","3":"status-publish","4":"format-standard","5":"has-post-thumbnail","7":"category-economia","8":"tag-bolsa","9":"tag-business","10":"tag-duro-felguera","11":"tag-economia","12":"tag-economy","13":"tag-es","14":"tag-espana","15":"tag-ley-concursal","16":"tag-mercado-continuo","17":"tag-spain"},"share_on_mastodon":{"url":"","error":""},"_links":{"self":[{"href":"https:\/\/www.europesays.com\/es\/wp-json\/wp\/v2\/posts\/153204","targetHints":{"allow":["GET"]}}],"collection":[{"href":"https:\/\/www.europesays.com\/es\/wp-json\/wp\/v2\/posts"}],"about":[{"href":"https:\/\/www.europesays.com\/es\/wp-json\/wp\/v2\/types\/post"}],"author":[{"embeddable":true,"href":"https:\/\/www.europesays.com\/es\/wp-json\/wp\/v2\/users\/2"}],"replies":[{"embeddable":true,"href":"https:\/\/www.europesays.com\/es\/wp-json\/wp\/v2\/comments?post=153204"}],"version-history":[{"count":0,"href":"https:\/\/www.europesays.com\/es\/wp-json\/wp\/v2\/posts\/153204\/revisions"}],"wp:featuredmedia":[{"embeddable":true,"href":"https:\/\/www.europesays.com\/es\/wp-json\/wp\/v2\/media\/153205"}],"wp:attachment":[{"href":"https:\/\/www.europesays.com\/es\/wp-json\/wp\/v2\/media?parent=153204"}],"wp:term":[{"taxonomy":"category","embeddable":true,"href":"https:\/\/www.europesays.com\/es\/wp-json\/wp\/v2\/categories?post=153204"},{"taxonomy":"post_tag","embeddable":true,"href":"https:\/\/www.europesays.com\/es\/wp-json\/wp\/v2\/tags?post=153204"}],"curies":[{"name":"wp","href":"https:\/\/api.w.org\/{rel}","templated":true}]}}