{"id":153206,"date":"2025-10-02T17:31:08","date_gmt":"2025-10-02T17:31:08","guid":{"rendered":"https:\/\/www.europesays.com\/es\/153206\/"},"modified":"2025-10-02T17:31:08","modified_gmt":"2025-10-02T17:31:08","slug":"las-protestas-de-los-jovenes-en-marruecos-se-saldan-con-2-muertos-300-heridos-y-400-detenciones","status":"publish","type":"post","link":"https:\/\/www.europesays.com\/es\/153206\/","title":{"rendered":"Las protestas de los j\u00f3venes en Marruecos se saldan con 2 muertos, 300 heridos y 400 detenciones"},"content":{"rendered":"<p>          <img decoding=\"async\" class=\"c-ad__placeholder__logo\" src=\"https:\/\/static.euronews.com\/website\/images\/logos\/logo-euronews-stacked-outlined-72x72-grey-9.svg\" width=\"72\" height=\"72\" alt=\"\" loading=\"lazy\"\/><br \/>\n          PUBLICIDAD<\/p>\n<p><a href=\"https:\/\/es.euronews.com\/my-europe\/2024\/09\/17\/los-migrantes-lanzan-piedras-a-los-agentes-tras-otra-noche-de-disturbios-en-la-frontera-co\" rel=\"nofollow noopener\" target=\"_blank\">Dos personas han muerto<\/a> a manos de las fuerzas de seguridad marroqu\u00edes despu\u00e9s de que miles de manifestantes se lanzasen a las calles de varias ciudades del Estado norafricano por quinta noche consecutiva ayer, mi\u00e9rcoles, en protesta por la mala situaci\u00f3n de los servicios p\u00fablicos.<\/p>\n<p>La Polic\u00eda abri\u00f3 fuego contra los manifestantes en <strong>Leqliaa<\/strong>, una localidad situada a unos 500 kil\u00f3metros al sur de la capital, Rabat, donde se iniciaron las protestas. Los medios locales informan que hay <strong>m\u00e1s de 300 heridos y 409 detenidos<\/strong> tras los acontecimientos. Las manifestaciones, protagonizadas por los j\u00f3venes marroqu\u00edes, son ya una de <a href=\"https:\/\/es.euronews.com\/my-europe\/2025\/02\/21\/la-eurodiputada-isa-serra-expulsada-de-marruecos-tras-horas-retenida-en-un-aeropuerto-marr\" rel=\"nofollow noopener\" target=\"_blank\">las mayores en la monarqu\u00eda constitucional magreb\u00ed en a\u00f1os<\/a>, extendi\u00e9ndose a 17 provincias.<\/p>\n<p>Las llamadas \u00abprotestas de la generaci\u00f3n Z\u00bb denuncian lo que consideran una <strong>corrupci\u00f3n institucional generalizada<\/strong> en el pa\u00eds, y rechazan los recursos destinados <a href=\"https:\/\/es.euronews.com\/2024\/12\/11\/mundial-de-futbol-2030-la-fifa-confirma-que-espana-portugal-y-marruecos-seran-los-anfitrio\" rel=\"nofollow noopener\" target=\"_blank\">para la celebraci\u00f3n del Mundial de F\u00fatbol de 2030<\/a>, a pesar del <strong>estado paup\u00e9rrimo de muchos centros educativos y sanitarios del pa\u00eds<\/strong>. Las protestas no solamente se han extendido a ciudades grandes como T\u00e1nger, Marrakech o Casablanca, <strong>sino tambi\u00e9n a municipios m\u00e1s peque\u00f1os<\/strong> como Agadir, Inezgane y Ait Amira (en el sur del pa\u00eds); Beni Mellal (centro); Uchda (al este) o T\u00e9mara.<\/p>\n<p>En <strong>Sale<\/strong>, una localidad pobre situada al otro lado del r\u00edo frente a Rabat, cientos de j\u00f3venes enmascarados, en su mayor\u00eda adolescentes, incendiaron y saquearon coches, bancos y tiendas. En un comunicado publicado en Discord, una app de mensajer\u00eda instant\u00e1nea, <strong>el movimiento de protesta Gen Z 212 pidi\u00f3 que las manifestaciones se mantuviesen pac\u00edficas<\/strong> pero critic\u00f3 las medidas de seguridad represivas. \u00abEl derecho a la salud, la educaci\u00f3n y una vida digna no es un eslogan vac\u00edo, sino una exigencia seria\u00bb, declararon los organizadores.<\/p>\n<p>La chispa que ha incendiado a los j\u00f3venes del pa\u00eds surgi\u00f3 a ra\u00edz del <strong>fallecimiento de ocho embarazadas<\/strong> en tan solo un mes en el Hospital Hassan II de Agadir. Sus muertes provocaron la destituci\u00f3n de cargos sanitarios y la apertura de una investigaci\u00f3n judicial. <strong>El 41% de los marroqu\u00edes tiene menos de 25 a\u00f1os<\/strong>, en un pa\u00eds donde la tasa de paro juvenil ha alcanzado cifras del 47%, fomentando una econom\u00eda sumergida. <\/p>\n","protected":false},"excerpt":{"rendered":"PUBLICIDAD Dos personas han muerto a manos de las fuerzas de seguridad marroqu\u00edes despu\u00e9s de que miles de&hellip;\n","protected":false},"author":2,"featured_media":153207,"comment_status":"","ping_status":"","sticky":false,"template":"","format":"standard","meta":{"footnotes":""},"categories":[42],"tags":[17122,17,18,13,14,11,61,62,63,64,19,20,4485,1567,9,10,15,16,586,2315,12,21,22,65,66,67],"class_list":{"0":"post-153206","1":"post","2":"type-post","3":"status-publish","4":"format-standard","5":"has-post-thumbnail","7":"category-internacional","8":"tag-arresto","9":"tag-breaking-news","10":"tag-breakingnews","11":"tag-featured-news","12":"tag-featurednews","13":"tag-headlines","14":"tag-internacional","15":"tag-international","16":"tag-international-news","17":"tag-internationalnews","18":"tag-latest-news","19":"tag-latestnews","20":"tag-marruecos","21":"tag-menores","22":"tag-news","23":"tag-noticias","24":"tag-noticias-destacadas","25":"tag-noticiasdestacadas","26":"tag-policia","27":"tag-protestas","28":"tag-titulares","29":"tag-ultimas-noticias","30":"tag-ultimasnoticias","31":"tag-world","32":"tag-world-news","33":"tag-worldnews"},"share_on_mastodon":{"url":"","error":""},"_links":{"self":[{"href":"https:\/\/www.europesays.com\/es\/wp-json\/wp\/v2\/posts\/153206","targetHints":{"allow":["GET"]}}],"collection":[{"href":"https:\/\/www.europesays.com\/es\/wp-json\/wp\/v2\/posts"}],"about":[{"href":"https:\/\/www.europesays.com\/es\/wp-json\/wp\/v2\/types\/post"}],"author":[{"embeddable":true,"href":"https:\/\/www.europesays.com\/es\/wp-json\/wp\/v2\/users\/2"}],"replies":[{"embeddable":true,"href":"https:\/\/www.europesays.com\/es\/wp-json\/wp\/v2\/comments?post=153206"}],"version-history":[{"count":0,"href":"https:\/\/www.europesays.com\/es\/wp-json\/wp\/v2\/posts\/153206\/revisions"}],"wp:featuredmedia":[{"embeddable":true,"href":"https:\/\/www.europesays.com\/es\/wp-json\/wp\/v2\/media\/153207"}],"wp:attachment":[{"href":"https:\/\/www.europesays.com\/es\/wp-json\/wp\/v2\/media?parent=153206"}],"wp:term":[{"taxonomy":"category","embeddable":true,"href":"https:\/\/www.europesays.com\/es\/wp-json\/wp\/v2\/categories?post=153206"},{"taxonomy":"post_tag","embeddable":true,"href":"https:\/\/www.europesays.com\/es\/wp-json\/wp\/v2\/tags?post=153206"}],"curies":[{"name":"wp","href":"https:\/\/api.w.org\/{rel}","templated":true}]}}