{"id":153208,"date":"2025-10-02T17:32:11","date_gmt":"2025-10-02T17:32:11","guid":{"rendered":"https:\/\/www.europesays.com\/es\/153208\/"},"modified":"2025-10-02T17:32:11","modified_gmt":"2025-10-02T17:32:11","slug":"junts-votara-a-favor-del-embargo-de-armas-a-israel-espana","status":"publish","type":"post","link":"https:\/\/www.europesays.com\/es\/153208\/","title":{"rendered":"Junts votar\u00e1 a favor del embargo de armas a Israel | Espa\u00f1a"},"content":{"rendered":"<p class=\"\">A una semana de la votaci\u00f3n en el Congreso, Junts ha confirmado este jueves que apoyar\u00e1 el <a href=\"https:\/\/elpais.com\/espana\/2025-10-01\/el-congreso-debatira-la-proxima-semana-la-convalidacion-del-decreto-de-armas-a-israel-con-los-apoyos-en-el-aire.html\" target=\"_self\" rel=\"nofollow noopener\" title=\"https:\/\/elpais.com\/espana\/2025-10-01\/el-congreso-debatira-la-proxima-semana-la-convalidacion-del-decreto-de-armas-a-israel-con-los-apoyos-en-el-aire.html\">pr\u00f3ximo martes en el pleno el decreto del Gobierno <\/a>para el embargo de armas a Israel, seg\u00fan ha adelantado Efe y han confirmado fuentes de la formaci\u00f3n a EL PA\u00cdS. Pese al respaldo del partido de Carles Puigdemont, la aprobaci\u00f3n del texto sigue en el aire ante la postura cr\u00edtica de partidos como Podemos, ERC y BNG, que no han desvelado a\u00fan su voto, aunque el mayor escollo, a priori, es el partido de Ione Belarra. <\/p>\n<p class=\"\">Despu\u00e9s de que el presidente Pedro S\u00e1nchez <a href=\"https:\/\/elpais.com\/espana\/2025-09-08\/sanchez-anuncia-un-decreto-para-legalizar-el-embargo-total-de-armas-a-israel-frente-al-genocidio-ordenado-por-netanyahu.html\" target=\"_self\" rel=\"nofollow noopener\" title=\"https:\/\/elpais.com\/espana\/2025-09-08\/sanchez-anuncia-un-decreto-para-legalizar-el-embargo-total-de-armas-a-israel-frente-al-genocidio-ordenado-por-netanyahu.html\">anunciara el embargo el 8 de septiembre<\/a> tras la presi\u00f3n de los socios de la izquierda, el Consejo de Ministros aprob\u00f3 el martes de la semana pasada la norma que proh\u00edbe el comercio de armamento con el Gobierno de Benjam\u00edn Netanyahu, que cumple el ,artes que viene dos a\u00f1os de dura ofensiva contra la poblaci\u00f3n palestina y ha dejado ya m\u00e1s de 65.000 muertos.<\/p>\n<p class=\"\">El s\u00ed de Junts sobre el embargo viene precedido de su <a href=\"https:\/\/elpais.com\/espana\/2025-10-01\/pp-y-vox-votan-en-contra-de-calificar-de-genocidio-la-masacre-en-gaza-en-el-senado-a-sanchez-le-importa-un-comino.html\" target=\"_blank\" rel=\"noreferrer nofollow noopener\" title=\"https:\/\/elpais.com\/espana\/2025-10-01\/pp-y-vox-votan-en-contra-de-calificar-de-genocidio-la-masacre-en-gaza-en-el-senado-a-sanchez-le-importa-un-comino.html\">respaldo este mi\u00e9rcoles en el Senado <\/a>a una moci\u00f3n contra \u201cel genocidio\u201d en Gaza tumbada finalmente por PP y Vox. Aunque algunos grupos todav\u00eda no se han posicionado claramente, su voto favorable se sumar\u00eda previsiblemente al del resto de socios de investidura, a excepci\u00f3n de Podemos, que ha sido muy cr\u00edtico con la norma, aunque de momento ha evitado decir que rechazar\u00e1 el decreto. Voces de peso en el Gobierno creen que en ning\u00fan caso el partido, que ha hecho bandera de la causa palestina, se puede permitir un no. Su abstenci\u00f3n \u2014si el resto del bloque de investidura vota a favor\u2014 ser\u00eda suficiente para que el embargo prosperara. <\/p>\n<p class=\"\">El mismo d\u00eda en que<a href=\"https:\/\/elpais.com\/internacional\/2025-10-02\/el-barco-de-la-marina-israeli-con-los-miembros-de-la-flotilla-detenidos-llega-al-puerto-de-ashdod.html\" target=\"_self\" rel=\"nofollow noopener\" title=\"https:\/\/elpais.com\/internacional\/2025-10-02\/el-barco-de-la-marina-israeli-con-los-miembros-de-la-flotilla-detenidos-llega-al-puerto-de-ashdod.html\"> Israel ha detenido en aguas internacionales a la flotilla<\/a> con ayuda a Gaza, la secretaria general del partido, Ione Belarra, volvi\u00f3 a criticar la medida por las excepciones que plantea. \u201cSe ha quedado corto. Es fake y un coladero. Ahora est\u00e1 encima de la mesa un plan de colonizaci\u00f3n 2.0 que compromete las posibilidades de autodeterminaci\u00f3n del pueblo palestino\u201d, ha insistido la diputada este jueves en rueda de prensa. La l\u00edder de Podemos lleva d\u00edas llamando a la movilizaci\u00f3n social para forzar al Gobierno a presentar un nuevo decreto que sea m\u00e1s duro. Belarra desconf\u00eda de que la medida pueda mejorarse en el tr\u00e1mite del Congreso, como defiende el Ejecutivo, porque en otros casos, una vez convalidado el decreto, las iniciativas se han quedado empantanadas y no han llegado a aprobarse nunca. <\/p>\n<p class=\"\">Podemos ha criticado estos d\u00edas que la norma <a href=\"https:\/\/elpais.com\/espana\/2025-09-24\/podemos-tacha-de-engano-el-decreto-del-gobierno-sobre-el-embargo-de-armas-a-israel.html\" target=\"_self\" rel=\"nofollow noopener\" title=\"https:\/\/elpais.com\/espana\/2025-09-24\/podemos-tacha-de-engano-el-decreto-del-gobierno-sobre-el-embargo-de-armas-a-israel.html\">no impide el comercio de armamento con las filiales<\/a> de empresas israel\u00edes, ni tampoco establece controles al cargamento de los buques o proh\u00edbe el uso de las bases de EE UU en Rota y Mor\u00f3n, aunque algunas de estas iniciativas ya est\u00e1n previstas en otras iniciativas. <\/p>\n<p class=\"\">El BNG tambi\u00e9n ha querido ejercer presi\u00f3n este mediod\u00eda. A trav\u00e9s de su senadora, Carme da Silva, ha trasladado que exigir\u00e1n al Gobierno que ofrezca garant\u00edas para que en esa tramitaci\u00f3n como proyecto de ley la norma se convierta en un \u201cembargo total\u201d y elimine las excepciones que contempla el texto actual. <\/p>\n<p class=\"\">Sumar, socio minoritario del Gobierno, concedi\u00f3 la semana pasada que el decreto era insuficiente y fue el primero en pedir que se abra a modificaciones en el Congreso. La medida contempla que el Ejecutivo pueda saltarse de forma excepcional el embargo invocando el \u201cinter\u00e9s general\u201d. Mientras no est\u00e9 completada la reforma, el grupo de Yolanda D\u00edaz se comprometi\u00f3 a oponerse en el Consejo de Ministros<b> <\/b>a cualquier operaci\u00f3n que se proponga como excepci\u00f3n al embargo.<\/p>\n<p class=\"\">La Moncloa conf\u00eda en que el Congreso no tumbe el real decreto ley. Fuentes socialistas del Ejecutivo creen que Podemos tiene dif\u00edcil justificar que las medidas que ya est\u00e1n en vigor contra Israel decaigan por el no del partido de izquierdas, por mucho que considere que la norma deber\u00eda ir m\u00e1s all\u00e1 que lo que ha salido del Consejo de Ministros. <\/p>\n","protected":false},"excerpt":{"rendered":"A una semana de la votaci\u00f3n en el Congreso, Junts ha confirmado este jueves que apoyar\u00e1 el pr\u00f3ximo&hellip;\n","protected":false},"author":2,"featured_media":153209,"comment_status":"","ping_status":"","sticky":false,"template":"","format":"standard","meta":{"footnotes":""},"categories":[8],"tags":[6980,17,18,68,4456,11705,25,24,13,14,582,11,74,3837,19,20,9,10,15,16,76,23,12,21,22],"class_list":{"0":"post-153208","1":"post","2":"type-post","3":"status-publish","4":"format-standard","5":"has-post-thumbnail","7":"category-espana","8":"tag-armamento","9":"tag-breaking-news","10":"tag-breakingnews","11":"tag-conflicto-arabe-israeli","12":"tag-congreso-diputados","13":"tag-embargos","14":"tag-es","15":"tag-espana","16":"tag-featured-news","17":"tag-featurednews","18":"tag-gobierno","19":"tag-headlines","20":"tag-israel","21":"tag-juntsxcat","22":"tag-latest-news","23":"tag-latestnews","24":"tag-news","25":"tag-noticias","26":"tag-noticias-destacadas","27":"tag-noticiasdestacadas","28":"tag-palestina","29":"tag-spain","30":"tag-titulares","31":"tag-ultimas-noticias","32":"tag-ultimasnoticias"},"share_on_mastodon":{"url":"","error":""},"_links":{"self":[{"href":"https:\/\/www.europesays.com\/es\/wp-json\/wp\/v2\/posts\/153208","targetHints":{"allow":["GET"]}}],"collection":[{"href":"https:\/\/www.europesays.com\/es\/wp-json\/wp\/v2\/posts"}],"about":[{"href":"https:\/\/www.europesays.com\/es\/wp-json\/wp\/v2\/types\/post"}],"author":[{"embeddable":true,"href":"https:\/\/www.europesays.com\/es\/wp-json\/wp\/v2\/users\/2"}],"replies":[{"embeddable":true,"href":"https:\/\/www.europesays.com\/es\/wp-json\/wp\/v2\/comments?post=153208"}],"version-history":[{"count":0,"href":"https:\/\/www.europesays.com\/es\/wp-json\/wp\/v2\/posts\/153208\/revisions"}],"wp:featuredmedia":[{"embeddable":true,"href":"https:\/\/www.europesays.com\/es\/wp-json\/wp\/v2\/media\/153209"}],"wp:attachment":[{"href":"https:\/\/www.europesays.com\/es\/wp-json\/wp\/v2\/media?parent=153208"}],"wp:term":[{"taxonomy":"category","embeddable":true,"href":"https:\/\/www.europesays.com\/es\/wp-json\/wp\/v2\/categories?post=153208"},{"taxonomy":"post_tag","embeddable":true,"href":"https:\/\/www.europesays.com\/es\/wp-json\/wp\/v2\/tags?post=153208"}],"curies":[{"name":"wp","href":"https:\/\/api.w.org\/{rel}","templated":true}]}}