{"id":153220,"date":"2025-10-02T17:41:08","date_gmt":"2025-10-02T17:41:08","guid":{"rendered":"https:\/\/www.europesays.com\/es\/153220\/"},"modified":"2025-10-02T17:41:08","modified_gmt":"2025-10-02T17:41:08","slug":"carmelo-ortega-jugar-en-tercera-feb-nos-lo-merecemos-por-los-anos-de-historia-que-llevamos","status":"publish","type":"post","link":"https:\/\/www.europesays.com\/es\/153220\/","title":{"rendered":"Carmelo Ortega: \u00abJugar en Tercera FEB nos lo merecemos por los a\u00f1os de historia que llevamos\u00bb"},"content":{"rendered":"<p style=\"text-align:justify;\">Telde vivir\u00e1 este s\u00e1bado una noche para la historia deportiva de la ciudad: el Club Baloncesto Telde debuta por primera vez en Tercera FEB, antes llamada Liga EBA, y jugar\u00e1 por primera vez en 55 a\u00f1os en categor\u00eda nacional. La temporada pasada se qued\u00f3 a las puertas del Campeonato de Canarias, cuyo campe\u00f3n ascend\u00eda, pero la creaci\u00f3n de una nueva liga para menores de 22 a\u00f1os abri\u00f3 las opciones para que el club teldense se hiciera con una plaza codiciada desde hace muchos a\u00f1os.<\/p>\n<p style=\"text-align:justify;\">\u00a0<\/p>\n<p style=\"text-align:justify;\">El que m\u00e1s ilusionado est\u00e1 es Carmelo Ortega, presidente y uno de los fundadores de la entidad all\u00e1 por 1975. El primer espada del hist\u00f3rico equipo ha atendido a TELDEACTUALIDAD a tres d\u00edas del debut del conjunto de Toni Esparrag\u00f3n ante el ADC Bodailla (s\u00e1bado, 20.30 horas, pabell\u00f3n Rita Hern\u00e1ndez Hern\u00e1ndez, entrada gratuita)..<\/p>\n<p style=\"text-align:justify;\">\u00a0<\/p>\n<p style=\"text-align:justify;\"><strong>Pregunta poco period\u00edstica, pero muy conveniente. \u00bfC\u00f3mo se encuentra?<\/strong><br \/>En este momento, animoso, porque vamos a entrar en una competici\u00f3n que creo que nos merecemos por los a\u00f1os de historia que llevamos y por la ciudad a la que pertenecemos. Al mismo tiempo pienso que va a ser complicado, no solo en lo deportivo \u2014que me gusta lo que estoy viendo\u2014 sino sobre todo en lo econ\u00f3mico. Pero bueno, estamos en la lucha.<\/p>\n<p style=\"text-align:justify;\">\u00a0<\/p>\n<p style=\"text-align:justify;\"><strong>\u00bfCu\u00e1ntos a\u00f1os llevaba esperando para este momento?<\/strong><br \/>El club cumple 55 a\u00f1os esta temporada. Ya tuvimos una oportunidad en la 1992-1993, pero por circunstancias no se pudo, aunque lo ganamos en la cancha. Ahora es la segunda vez que lo conseguimos, antes se llamaba Liga EBA, y es la primera vez en la historia que estamos ah\u00ed. Hubo un debut en otra categor\u00eda con un equipo sub-22, pero nunca en una competici\u00f3n como esta.<\/p>\n<p style=\"text-align:justify;\">\u00a0<\/p>\n<p style=\"text-align:justify;\"><strong>Cuando surgi\u00f3 la oportunidad, \u00bfcu\u00e1l fue su primera respuesta?<\/strong><br \/>Dije que s\u00ed desde el primer momento. Fue una cabezoner\u00eda m\u00eda, pero sent\u00eda que nos lo merec\u00edamos como club por los a\u00f1os de historia que tenemos y por la ciudad a la que pertenecemos. Creo que Telde tambi\u00e9n se lo merece: tener un equipo en esta categor\u00eda y mostrar esa imagen en la pen\u00ednsula. Adem\u00e1s, de este club han salido jugadores que han llegado a la ACB. Todo eso me hizo aceptar, aun sabiendo las dificultades que supone estar aqu\u00ed.<\/p>\n<p style=\"text-align:justify;\">\u00a0<\/p>\n<p style=\"text-align:justify;\"><strong>\u00bfNunca tuvo miedo?<\/strong><br \/>No. En la vida hay que arriesgarse cuando se quiere conseguir algo. Ahora estamos corriendo un riesgo que espero que salga bien. Especialmente en lo econ\u00f3mico, que es lo m\u00e1s delicado: viajes, licencias, arbitrajes\u2026 Ah\u00ed estamos luchando por conseguir sponsors y ayudas para poder llevarlo adelante, porque cada quince d\u00edas hay que ir a la pen\u00ednsula y eso supone un gasto importante.<\/p>\n<p style=\"text-align:justify;\">\u00a0<\/p>\n<p style=\"text-align:justify;\"><strong>\u00bfQu\u00e9 le parece la plantilla que han logrado montar con Juan Luis Quevedo y Toni Esparrag\u00f3n?<\/strong><br \/>Me gusta lo que estoy viendo. Empezando por el entrenador, que adem\u00e1s es hijo de un amigo, pero sobre todo porque es un buen t\u00e9cnico con experiencia en esta competici\u00f3n. Hay jugadores que ya han estado en ella, lo cual es una ventaja, y otros que debutan ahora. La mezcla me convence y creo que podemos alcanzar el objetivo que nos hemos marcado: mantenernos en la categor\u00eda.<\/p>\n<p style=\"text-align:justify;\">\u00a0<\/p>\n<p style=\"text-align:justify;\"><strong>\u00bfCu\u00e1les son las sensaciones ahora? \u00bfV\u00e9rtigo, miedo, ilusi\u00f3n?<\/strong><br \/>Ilusi\u00f3n, sobre todo ilusi\u00f3n. Todos estamos ilusionados, pero en mi caso es especial porque llevo muchos a\u00f1os aqu\u00ed y soy uno de los fundadores. Para m\u00ed estar en esta categor\u00eda es cumplir un objetivo que persegu\u00ed durante mucho tiempo. Espero que todo salga bien y haremos lo posible para conseguirlo.<\/p>\n<p style=\"text-align:justify;\">\u00a0<\/p>\n<p style=\"text-align:justify;\"><strong>\u00bfQu\u00e9 dudas hubo a la hora de aceptar la categor\u00eda?<\/strong><br \/>Por mi parte ninguna. Ya dije que s\u00ed desde el principio. Soy una persona que suele arriesgarse, a veces incluso meti\u00e9ndome en camisa de once varas. En cuanto surgi\u00f3 la oportunidad acept\u00e9. Algunos compa\u00f1eros se quedaron dudando, pero despu\u00e9s apoyaron la idea. Esto es una lucha constante: antes era dif\u00edcil y ahora, con esta categor\u00eda, lo es todav\u00eda m\u00e1s en lo econ\u00f3mico. Deportivamente no tengo problema, porque tenemos cantera, pero econ\u00f3micamente es como meter la cabeza en un agujero muy estrecho con la esperanza de que, poco a poco, se ensanche y podamos ver la salida.<\/p>\n<p style=\"text-align:justify;\">\u00a0<\/p>\n<p style=\"text-align:justify;\"><strong>\u00bfCu\u00e1nto le cuesta al club esta categor\u00eda?<\/strong><br \/>Ahora mismo, las cuentas que hemos hecho calculan que este equipo va a costar unos 80.000 euros aproximadamente, quiz\u00e1 m\u00e1s, pero en principio esa es la cantidad que hemos valorado.<\/p>\n<p style=\"text-align:justify;\">\u00a0<\/p>\n<p style=\"text-align:justify;\"><strong>\u00bfY cu\u00e1nto costaba en Primera Auton\u00f3mica?<\/strong><br \/>En Primera Auton\u00f3mica, con unos 7.000 euros sal\u00edamos adelante. Ahora mismo tenemos ocho equipos a nivel auton\u00f3mico en distintas categor\u00edas. La infantil, por ejemplo, cuesta algo menos, pero tanto en primera femenina como en primera masculina el presupuesto es de unos 7.000 euros cada uno. As\u00ed que el salto a esta categor\u00eda multiplica el gasto casi por diez.<\/p>\n<p style=\"text-align:justify;\">\u00a0<\/p>\n<p style=\"text-align:justify;\"><strong>\u00bfQu\u00e9 ha tenido que poner Carmelo Ortega para esto? Psicol\u00f3gica y econ\u00f3micamente, incluso a nivel personal.<\/strong><br \/>Econ\u00f3micamente, en un club de estas categor\u00edas siempre te cuesta. A m\u00ed me ha costado dinero, no lo digo ahora, no s\u00e9 si ahora tambi\u00e9n, pero estar todos los a\u00f1os que llevo aqu\u00ed me ha costado dinero en ocasiones, de tener que poner de mi bolsillo para poder salir adelante. En este momento ojal\u00e1 no tenga que hacerlo, pero si llega una circunstancia seguramente tendr\u00e9 que hacerlo, afrontarlo de alguna manera, si no conseguimos los sponsors necesarios y las ayudas de los organismos oficiales. Eso est\u00e1 claro. Espero que no sea as\u00ed.<\/p>\n<p style=\"text-align:justify;\">\u00a0<\/p>\n<p style=\"text-align:justify;\"><strong>\u00bfC\u00f3mo prev\u00e9 la temporada? Con el grupo que le ha tocado al equipo y, especialmente, qu\u00e9 prev\u00e9 de este primer partido del s\u00e1bado.<\/strong><br \/>Los conocimientos que tengo ahora mismo de esta competici\u00f3n y de los equipos los tengo por Toni. Que me ha dicho m\u00e1s o menos el nivel de los equipos. \u00c9l tiene ilusi\u00f3n, cree que podemos conseguir el objetivo de mantenernos, y se ha hecho un equipo conforme a esa posibilidad. Entonces yo tengo que confiar en los entrenadores, en la direcci\u00f3n t\u00e9cnica de Juan Luis, que ha trabajado con los jugadores, llamando, llegando a acuerdos y tal. Incluso hemos rechazado jugadores de la pen\u00ednsula o de Tenerife que quer\u00edan venir, y lo que hemos dicho es que primero los jugadores canarios, me refiero de Gran Canaria. Y si los hay aqu\u00ed, no tenemos que ir a buscar a otro lado. Y los hay, porque entre los dos han conseguido esa plantilla.<\/p>\n<p style=\"text-align:justify;\">\u00a0<\/p>\n<p style=\"text-align:justify;\"><strong>Hasta hace poco hab\u00eda muchos clubes de baloncesto en Telde. \u00bfQu\u00e9 ha aportado la fusi\u00f3n entre el CB Telde y el AD Basket Tara para lograr este evento?<\/strong><br \/>Siempre beneficia la fusi\u00f3n. Yo llevo muchos a\u00f1os diciendo lo mismo. Incluso cuando sali\u00f3 el Tara en su momento, pens\u00e9, y adem\u00e1s se lo dije a las personas que estaban ah\u00ed, que era un error, porque en una ciudad como Telde lo mejor es estar unidos, m\u00e1s en un deporte que no es el f\u00fatbol, que es mayoritario. En este momento creo que lo mejor que hemos hecho es la uni\u00f3n del baloncesto en el municipio. Eso ha beneficiado en much\u00edsimas cosas: en el n\u00famero de deportistas, en el nivel, en el crecimiento del club. La uni\u00f3n ha sido totalmente beneficiosa para poder desarrollar la actividad del baloncesto desde el CB Telde.<\/p>\n<p style=\"text-align:justify;\">\u00a0<\/p>\n<p style=\"text-align:justify;\"><strong>Dado que est\u00e1n en Tercera FEB, \u00bfc\u00f3mo valora las instalaciones deportivas de las que dispone ahora mismo? \u00bfSon suficientes y adecuadas?<\/strong><br \/>Yo desear\u00eda que hubiese m\u00e1s instalaciones. Las que tenemos est\u00e1n bien, los chavales est\u00e1n contentos, pero como todo en la vida es mejorable. Pienso que debemos avanzar todav\u00eda m\u00e1s para poder desarrollar mejor la actividad del baloncesto. Pido que se vayan mejorando las que ya usamos y que se arreglen las que est\u00e1n pendientes en el municipio.<\/p>\n<p style=\"text-align:justify;\">De momento trabajamos con lo que tenemos: el Rita Hern\u00e1ndez, el anexo, el pabell\u00f3n y el instituto de Arnao. Aun as\u00ed, necesitamos m\u00e1s espacios para entrenar en condiciones, porque lo normal es que cualquier club entrene cuatro o cinco d\u00edas a la semana y, en ocasiones, algunos de nuestros equipos solo pueden entrenar tres, e incluso dos equipos tienen que compartir pista. Eso obliga a terminar muy tarde. Un infantil o un cadete de 13 o 14 a\u00f1os no deber\u00eda acabar a las nueve o diez de la noche, pero es lo que tenemos ahora.<\/p>\n","protected":false},"excerpt":{"rendered":"Telde vivir\u00e1 este s\u00e1bado una noche para la historia deportiva de la ciudad: el Club Baloncesto Telde debuta&hellip;\n","protected":false},"author":2,"featured_media":153221,"comment_status":"","ping_status":"","sticky":false,"template":"","format":"standard","meta":{"footnotes":""},"categories":[269],"tags":[299,298,1896,6219,26502,209,168,7051,1180,2958,25,2586,32619,24,41854,18496,41855,1897,1854,41851,32605,11741,12728,3641,6238,41852,10,1925,2330,41856,41853,492,23,167,29725,41850,1370,159,12,1529,21],"class_list":{"0":"post-153220","1":"post","2":"type-post","3":"status-publish","4":"format-standard","5":"has-post-thumbnail","7":"category-baloncesto","8":"tag-baloncesto","9":"tag-basketball","10":"tag-canarias","11":"tag-canary-islands","12":"tag-cartas-al-director","13":"tag-cultura","14":"tag-deportes","15":"tag-diario-digital","16":"tag-editorial","17":"tag-entrevistas","18":"tag-es","19":"tag-espaa","20":"tag-espagne","21":"tag-espana","22":"tag-fotodenuncia","23":"tag-fuerteventura","24":"tag-gomera","25":"tag-gran-canaria","26":"tag-hierro","27":"tag-informacin","28":"tag-informacion-general","29":"tag-islas-canarias","30":"tag-la-palma","31":"tag-lanzarote","32":"tag-las-palmas","33":"tag-majadero","34":"tag-noticias","35":"tag-opinion","36":"tag-prensa","37":"tag-prensa-espaola","38":"tag-pulsometro","39":"tag-sociedad","40":"tag-spain","41":"tag-sports","42":"tag-telde","43":"tag-teldeactualidad","44":"tag-tenerife","45":"tag-tiempo","46":"tag-titulares","47":"tag-ultima-hora","48":"tag-ultimas-noticias"},"share_on_mastodon":{"url":"","error":""},"_links":{"self":[{"href":"https:\/\/www.europesays.com\/es\/wp-json\/wp\/v2\/posts\/153220","targetHints":{"allow":["GET"]}}],"collection":[{"href":"https:\/\/www.europesays.com\/es\/wp-json\/wp\/v2\/posts"}],"about":[{"href":"https:\/\/www.europesays.com\/es\/wp-json\/wp\/v2\/types\/post"}],"author":[{"embeddable":true,"href":"https:\/\/www.europesays.com\/es\/wp-json\/wp\/v2\/users\/2"}],"replies":[{"embeddable":true,"href":"https:\/\/www.europesays.com\/es\/wp-json\/wp\/v2\/comments?post=153220"}],"version-history":[{"count":0,"href":"https:\/\/www.europesays.com\/es\/wp-json\/wp\/v2\/posts\/153220\/revisions"}],"wp:featuredmedia":[{"embeddable":true,"href":"https:\/\/www.europesays.com\/es\/wp-json\/wp\/v2\/media\/153221"}],"wp:attachment":[{"href":"https:\/\/www.europesays.com\/es\/wp-json\/wp\/v2\/media?parent=153220"}],"wp:term":[{"taxonomy":"category","embeddable":true,"href":"https:\/\/www.europesays.com\/es\/wp-json\/wp\/v2\/categories?post=153220"},{"taxonomy":"post_tag","embeddable":true,"href":"https:\/\/www.europesays.com\/es\/wp-json\/wp\/v2\/tags?post=153220"}],"curies":[{"name":"wp","href":"https:\/\/api.w.org\/{rel}","templated":true}]}}