{"id":153230,"date":"2025-10-02T17:47:24","date_gmt":"2025-10-02T17:47:24","guid":{"rendered":"https:\/\/www.europesays.com\/es\/153230\/"},"modified":"2025-10-02T17:47:24","modified_gmt":"2025-10-02T17:47:24","slug":"premios-juventud-2025-lista-completa-de-los-ganadores-de-la-edicion-numero-22-del-evento-musica-entretenimiento","status":"publish","type":"post","link":"https:\/\/www.europesays.com\/es\/153230\/","title":{"rendered":"Premios Juventud 2025: lista completa de los ganadores de la edici\u00f3n n\u00famero 22 del evento | M\u00fasica | Entretenimiento"},"content":{"rendered":"<p class=\"prose-text\"><b>La m\u00fasica latina vivi\u00f3 una noche inolvidable con la edici\u00f3n 2025 de los Premios Juventud, que por primera vez sali\u00f3 de Estados Unidos para celebrarse en el Figali Convention Center de la Ciudad de Panam\u00e1, en conmemoraci\u00f3n del Mes de la Herencia Hispana.<\/b><\/p>\n<p class=\"prose-text\">El escenario reuni\u00f3 a grandes nombres como Carlos Vives, Bad Gyal, Camilo, Gloria Trevi, Maluma, Marc Anthony, Willie Col\u00f3n, Morat, Camila Fern\u00e1ndez, Myke Towers, Wisin y Farruko, entre otros.<\/p>\n<p class=\"prose-text\">Bad Bunny y Danny Ocean encabezaron las nominaciones con seis cada uno, seguidos de Anitta, Be\u00e9le, Car\u00edn Le\u00f3n, Emilia, Myke Towers, Net\u00f3n Vega y Peso Pluma, presentes en cinco categor\u00edas.<\/p>\n<p>Aqu\u00ed la lista completa de ganadores en las categor\u00edas de los Premios Juventud 2025:<\/p>\n<ul class=\"prose-list\">\n<li>Artista Premios Juventud del A\u00f1o: <b>Karol G<\/b><\/li>\n<\/ul>\n<ul class=\"prose-list\">\n<li>La Nueva Generaci\u00f3n Femenina: <b>De La Rose<\/b><\/li>\n<li>La Nueva Generaci\u00f3n M\u00fasica Mexicana:<b> Tito Double P<\/b><\/li>\n<li>Mejor Canci\u00f3n Pop\/Urbano:<b> <\/b><b>Soltera<\/b><b> &#8211; Shakira<\/b><\/li>\n<\/ul>\n<ul class=\"prose-list\">\n<li>Mejor Canci\u00f3n Pop:<b> Mientes<\/b><b> &#8211; Reik<\/b><\/li>\n<li>Mejor Canci\u00f3n Pop Balada: <b>Lo Que Nos Falt\u00f3 Decir<\/b><b> &#8211; Jesse &amp; Joy<\/b><\/li>\n<li>Mejor Canci\u00f3n M\u00fasica Mexicana: <b>El Amor de Mi Herida<\/b><b> &#8211; Car\u00edn Le\u00f3n<\/b><\/li>\n<li>Mejor Fusi\u00f3n M\u00fasica Mexicana:<b> <\/b><b>300 Noches<\/b><b> &#8211; Belinda &amp; Natanael Cano<\/b><\/li>\n<li>Mejor Canci\u00f3n Pop\/Rock: <b>Me Toca a M\u00ed<\/b><b> &#8211; Morat &amp; Camilo<\/b><\/li>\n<\/ul>\n<ul class=\"prose-list\">\n<li>Mejor Canci\u00f3n Pop\/Rhythmic: <b>Volver<\/b><b> &#8211; Piso 21, Marc Anthony y Be\u00e9le<\/b><\/li>\n<li>Grupo o D\u00fao Favorito del A\u00f1o:<b> Morat<\/b><\/li>\n<li>Mejor Canci\u00f3n Banda M\u00fasica Mexicana:<b> <\/b><b>El Beneficio de la Duda<\/b><b> &#8211; Grupo Firme<\/b><\/li>\n<li>Mejor \u00c1lbum Urbano: <b>Deb\u00ed Tirar M\u00e1s Fotos <\/b><b>&#8211; Bad Bunny<\/b><\/li>\n<li>Mejor Urban Track:<b> <\/b><b>DtMF<\/b><b> &#8211; Bad Bunny<\/b><\/li>\n<li>Mejor Canci\u00f3n Tropical: <b>Si Antes Te Hubiera Conocido<\/b><b> &#8211; Karol G<\/b><\/li>\n<li>Tropical Mix: <b>Capaz (merengueton)<\/b><b> &#8211; Alleh y Yorghaki<\/b><\/li>\n<\/ul>\n<ul class=\"prose-list\">\n<li>Mejor \u00c1lbum M\u00fasica Mexicana: <b>Boca Chueca Vol.1<\/b><b> &#8211; Car\u00edn Le\u00f3n <\/b><\/li>\n<li>Colaboraci\u00f3n OMG:<b> <\/b><b>Ojos Tristes<\/b><b> &#8211; Selena Gomez, benny blanco &amp; The Mar\u00edas<\/b><\/li>\n<li>Afrobeat Latino del A\u00f1o:\u00a0<b>Amor<\/b><b> \u2013 Danny Ocean\u00a0<\/b><\/li>\n<li>Mejor Canci\u00f3n Norte\u00f1a M\u00fasica Mexicana: <b>Rey Sin Reina<\/b><b> \u2013 Juli\u00f3n \u00c1lvarez y Su Norte\u00f1o Banda<\/b><\/li>\n<li>Mejor Canci\u00f3n M\u00fasica Mexicana Alternativa:<b> Como Capo <\/b><b>\u2013 Clave Especial &amp; Fuerza Regida<\/b><\/li>\n<li>Girl Power: <b>En 4<\/b><b> &#8211; Kenia Os y Anitta<\/b><\/li>\n<\/ul>\n<ul class=\"prose-list\">\n<li>Mejor Dance Track: <b>Como la Flor<\/b><b> &#8211; Play-N-Skillz, Natti Natasha &amp; Deorro<\/b><\/li>\n<li>Mejor Mezcla Urbana: <b>Adivino<\/b><b> &#8211; Myke Towers &amp; Bad Bunny<\/b><\/li>\n<li>Mejor Canci\u00f3n Regional Mexicana: <b>Bala Perdida<\/b><b> &#8211; \u00c1ngela Aguilar &amp; Arthur Hanlon<\/b><\/li>\n<li>La Mezcla Perfecta: <b>La cuadrada<\/b><b> &#8211; Belinda &amp; Tito Double P<\/b><\/li>\n<li>Mejor Canci\u00f3n Urbano Alternativo: <b>Nubes<\/b><b> &#8211; De La Rose y Omar Courtz<\/b><\/li>\n<li>La Nueva Generaci\u00f3n Masculina: <b>Roa<\/b><\/li>\n<li>Mejor \u00c1lbum Tropical: <b>Amargue<\/b><b> &#8211; Natti Natasha<\/b><\/li>\n<\/ul>\n<ul class=\"prose-list\">\n<li>Mejor \u00c1lbum Pop: <b>Ya Es Ma\u00f1ana<\/b><b> &#8211; Morat<\/b><\/li>\n<li>Mejor Canci\u00f3n Mariachi M\u00fasica Mexicana: <b>Cu\u00e9ntame<\/b><b> &#8211; Majo Aguilar &amp; Alex Fern\u00e1ndez<\/b><\/li>\n<li>Mi Actor Favorito: <b>Sebasti\u00e1n Rulli &#8211;<\/b><b> El Extra\u00f1o Retorno de Diana Salazar<\/b><\/li>\n<li>Mi Actriz Preferida: <b>Angelique Boyer &#8211; <\/b><b>El Extra\u00f1o Retorno de Diana Salazar<\/b><\/li>\n<li>#ModoAvi\u00f3n:<b> Luisito <\/b><b><strong style=\"background-color: rgba(16, 118, 75, 0.2) !important; white-space: pre-wrap;\">C<\/strong><\/b><b>omunica<\/b><\/li>\n<li>Creator Del A\u00f1o: <b>Jessica Judith Ortiz<\/b><\/li>\n<\/ul>\n<ul class=\"prose-list\">\n<li>Best Lol:<b> Los Chicaneros<\/b><\/li>\n<li>POV Futbolero:<b> Ara y Fer<\/b><\/li>\n<li>Podcast del A\u00f1o: <b>Date Cuenta Podcast<\/b><\/li>\n<li>#GettingReadyWith:<b> Berenice Castro<\/b><\/li>\n<li>Stream Que Nos Peg\u00f3: <b>Karime Kooler<\/b><\/li>\n<li>Creator con Causa:<b> Alexis Omman<\/b><\/li>\n<\/ul>\n<p class=\"text-left prose-text\">Adem\u00e1s, la conducci\u00f3n del evento estuvo a cargo de tres figuras: Alejandra Espinoza, exreina de Nuestra Belleza Latina; Nadia Ferreira, finalista de Miss Universe 2021; y la actriz y presentadora dominicana Clarissa Molina. <b>(E)<\/b><\/p>\n","protected":false},"excerpt":{"rendered":"La m\u00fasica latina vivi\u00f3 una noche inolvidable con la edici\u00f3n 2025 de los Premios Juventud, que por primera&hellip;\n","protected":false},"author":2,"featured_media":153231,"comment_status":"","ping_status":"","sticky":false,"template":"","format":"standard","meta":{"footnotes":""},"categories":[170],"tags":[146,147,25,24,184,185,23],"class_list":{"0":"post-153230","1":"post","2":"type-post","3":"status-publish","4":"format-standard","5":"has-post-thumbnail","7":"category-musica","8":"tag-entertainment","9":"tag-entretenimiento","10":"tag-es","11":"tag-espana","12":"tag-music","13":"tag-musica","14":"tag-spain"},"share_on_mastodon":{"url":"","error":""},"_links":{"self":[{"href":"https:\/\/www.europesays.com\/es\/wp-json\/wp\/v2\/posts\/153230","targetHints":{"allow":["GET"]}}],"collection":[{"href":"https:\/\/www.europesays.com\/es\/wp-json\/wp\/v2\/posts"}],"about":[{"href":"https:\/\/www.europesays.com\/es\/wp-json\/wp\/v2\/types\/post"}],"author":[{"embeddable":true,"href":"https:\/\/www.europesays.com\/es\/wp-json\/wp\/v2\/users\/2"}],"replies":[{"embeddable":true,"href":"https:\/\/www.europesays.com\/es\/wp-json\/wp\/v2\/comments?post=153230"}],"version-history":[{"count":0,"href":"https:\/\/www.europesays.com\/es\/wp-json\/wp\/v2\/posts\/153230\/revisions"}],"wp:featuredmedia":[{"embeddable":true,"href":"https:\/\/www.europesays.com\/es\/wp-json\/wp\/v2\/media\/153231"}],"wp:attachment":[{"href":"https:\/\/www.europesays.com\/es\/wp-json\/wp\/v2\/media?parent=153230"}],"wp:term":[{"taxonomy":"category","embeddable":true,"href":"https:\/\/www.europesays.com\/es\/wp-json\/wp\/v2\/categories?post=153230"},{"taxonomy":"post_tag","embeddable":true,"href":"https:\/\/www.europesays.com\/es\/wp-json\/wp\/v2\/tags?post=153230"}],"curies":[{"name":"wp","href":"https:\/\/api.w.org\/{rel}","templated":true}]}}