{"id":153269,"date":"2025-10-02T18:10:08","date_gmt":"2025-10-02T18:10:08","guid":{"rendered":"https:\/\/www.europesays.com\/es\/153269\/"},"modified":"2025-10-02T18:10:08","modified_gmt":"2025-10-02T18:10:08","slug":"judas-priest-entraran-el-ano-que-viene-al-estudio-video-de-human-fortress-proximo-disco-de-hell-in-the-club","status":"publish","type":"post","link":"https:\/\/www.europesays.com\/es\/153269\/","title":{"rendered":"JUDAS PRIEST entrar\u00e1n el a\u00f1o que viene al estudio. V\u00eddeo de HUMAN FORTRESS. Pr\u00f3ximo disco de HELL IN THE CLUB."},"content":{"rendered":"<p>\u00a0<\/p>\n<p style=\"text-align: center;\"><strong><a href=\"#JUDAS_PRIEST2\">JUDAS PRIEST entrar\u00e1n el a\u00f1o que viene al estudio<\/a> \u2013 <a href=\"#HUMAN\">V\u00eddeo de HUMAN FORTRESS<\/a> \u2013 <a href=\"#CLUB\">Pr\u00f3ximo disco de HELL IN THE CLUB<\/a>.<\/strong><\/p>\n<p>El bajista de <a href=\"https:\/\/www.facebook.com\/OfficialJudasPriest\" target=\"_blank\" rel=\"noopener nofollow\"><strong>JUDAS PRIEST<\/strong><\/a> \u00a0Ian Hill ha hablado del pr\u00f3ximo trabajo del grupo en una entrevista Audio Ink Radio.<\/p>\n<p>\u00abHay planes para volver al estudio el a\u00f1o pr\u00f3ximo, pero no s\u00e9 cuando saldr\u00e1. Es un proceso largo. Tampoco tenemos prisa, as\u00ed que llevar\u00e1 un tiempo. Pero todo indica que la grabaci\u00f3n se realizar\u00e1, y tendr\u00e1 lugar el a\u00f1o que viene. S\u00e9 que Richie ha empezado a componer. Tiene algunas ideas, as\u00ed que tenemos un comienzo.\u00bb<\/p>\n<p>La banda estren\u00f3 hace unos d\u00edas su <a href=\"https:\/\/www.rafabasa.com\/2025\/09\/26\/judas-priest-ozzy-osbourne-kadavar-eisregen\/#PRIEST2\" rel=\"nofollow noopener\" target=\"_blank\">nueva versi\u00f3n<\/a> del cl\u00e1sico de BLACK SABBATH con Ozzy Osbourne.<\/p>\n<p>Nuestra cr\u00f3nica de su concierto en Bilbao en este <a href=\"https:\/\/www.rafabasa.com\/2025\/07\/03\/cronica-y-fotos-de-judas-priest-phil-campbell-and-the-bastard-sons-en-bilbao\/\" rel=\"nofollow noopener\" target=\"_blank\">enlace<\/a>.<\/p>\n<p>Sony Music estrenar\u00e1 pr\u00f3ximamente un documental sobre <a href=\"https:\/\/www.facebook.com\/OfficialJudasPriest\" target=\"_blank\" rel=\"noopener nofollow\"><strong>JUDAS PRIEST<\/strong><\/a> titulado <a href=\"https:\/\/www.rafabasa.com\/2025\/05\/21\/judas-priest-igorrr-malevolence\/#JUDAS_PRIEST\" rel=\"nofollow noopener\" target=\"_blank\">\u201cThe Ballad Of Judas Priest\u201d<\/a>.<\/p>\n<p><img fetchpriority=\"high\" decoding=\"async\" src=\"https:\/\/www.europesays.com\/es\/wp-content\/uploads\/2025\/10\/judas_priest2024_6_500x267.jpg\" alt=\"RAMMSTEIN\" width=\"500\" height=\"267\"\/><\/p>\n<p>\u00a0<\/p>\n<p>\u00a0<\/p>\n<p>\u00a0<\/p>\n<p>A continuaci\u00f3n ten\u00e9is el nuevo single de <strong>HUMAN FORTRESS<\/strong> \u201cPain\u201d.<\/p>\n<p><strong>HUMAN FORTRESS<\/strong> editar\u00e1n el 17 de octubre a trav\u00e9s de Massacre Records un nuevo disco titulado \u201cStronghold\u201d.<\/p>\n<p>Todos los detalles en esta <a href=\"https:\/\/www.rafabasa.com\/2025\/09\/17\/ozzy-osbourne-human-fortress-sainted-sinners\/#HUMAN_FORTRESS\" rel=\"nofollow noopener\" target=\"_blank\">noticia<\/a> y otro adelanto en <a href=\"https:\/\/www.rafabasa.com\/2025\/09\/18\/michael-schenker-human-fortress-lethal\/#HUMAN_FORTRESS2\" rel=\"nofollow noopener\" target=\"_blank\">esta<\/a>.<\/p>\n<p>\u00a0<\/p>\n<p>\u00a0<\/p>\n<p><strong>HELL IN THE CLUB<\/strong> editar\u00e1 el 7 de noviembre a trav\u00e9s de Frontiers Music un nuevo disco titulado \u201cJoker In The Pack\u201d.<\/p>\n<p>Estos son los temas que incluye:<\/p>\n<p>The Devil Won\u2019t Forget Me<br \/>New Desire<br \/>Dirty Love<br \/>Robert the Doll<br \/>Fairytale<br \/>The Ocean<br \/>Magnetars<br \/>Pretty Little Freak Show<br \/>Out in the Distance<br \/>When the Veil of Night Falls<\/p>\n<p>A continuaci\u00f3n ten\u00e9is su nuevo single y v\u00eddeo \u201cRobert The Doll\u201d.<\/p>\n<p>El \u00e1lbum estar\u00e1 disponible en CD y formato digital.<\/p>\n<p>\u00a0<\/p>\n<p align=\"center\"><strong>Sigue el\u00a0<a href=\"https:\/\/whatsapp.com\/channel\/0029VaCprxVBA1f555USvT2O\" target=\"_blank\" rel=\"nofollow noopener\">Canal de RAFABASA.COM en WhatsApp<\/a>, donde encontrar\u00e1s todas nuestras novedades al instante<\/strong><\/p>\n<p>\u00a0<\/p>\n<p>\u00a0<\/p>\n<p>\u00a0<\/p>\n","protected":false},"excerpt":{"rendered":"\u00a0 JUDAS PRIEST entrar\u00e1n el a\u00f1o que viene al estudio \u2013 V\u00eddeo de HUMAN FORTRESS \u2013 Pr\u00f3ximo disco&hellip;\n","protected":false},"author":2,"featured_media":153270,"comment_status":"","ping_status":"","sticky":false,"template":"","format":"standard","meta":{"footnotes":""},"categories":[170],"tags":[146,147,25,24,46227,40652,478,184,185,23],"class_list":{"0":"post-153269","1":"post","2":"type-post","3":"status-publish","4":"format-standard","5":"has-post-thumbnail","7":"category-musica","8":"tag-entertainment","9":"tag-entretenimiento","10":"tag-es","11":"tag-espana","12":"tag-hell-in-the-club","13":"tag-human-fortress","14":"tag-judas-priest","15":"tag-music","16":"tag-musica","17":"tag-spain"},"share_on_mastodon":{"url":"","error":""},"_links":{"self":[{"href":"https:\/\/www.europesays.com\/es\/wp-json\/wp\/v2\/posts\/153269","targetHints":{"allow":["GET"]}}],"collection":[{"href":"https:\/\/www.europesays.com\/es\/wp-json\/wp\/v2\/posts"}],"about":[{"href":"https:\/\/www.europesays.com\/es\/wp-json\/wp\/v2\/types\/post"}],"author":[{"embeddable":true,"href":"https:\/\/www.europesays.com\/es\/wp-json\/wp\/v2\/users\/2"}],"replies":[{"embeddable":true,"href":"https:\/\/www.europesays.com\/es\/wp-json\/wp\/v2\/comments?post=153269"}],"version-history":[{"count":0,"href":"https:\/\/www.europesays.com\/es\/wp-json\/wp\/v2\/posts\/153269\/revisions"}],"wp:featuredmedia":[{"embeddable":true,"href":"https:\/\/www.europesays.com\/es\/wp-json\/wp\/v2\/media\/153270"}],"wp:attachment":[{"href":"https:\/\/www.europesays.com\/es\/wp-json\/wp\/v2\/media?parent=153269"}],"wp:term":[{"taxonomy":"category","embeddable":true,"href":"https:\/\/www.europesays.com\/es\/wp-json\/wp\/v2\/categories?post=153269"},{"taxonomy":"post_tag","embeddable":true,"href":"https:\/\/www.europesays.com\/es\/wp-json\/wp\/v2\/tags?post=153269"}],"curies":[{"name":"wp","href":"https:\/\/api.w.org\/{rel}","templated":true}]}}