{"id":153275,"date":"2025-10-02T18:13:08","date_gmt":"2025-10-02T18:13:08","guid":{"rendered":"https:\/\/www.europesays.com\/es\/153275\/"},"modified":"2025-10-02T18:13:08","modified_gmt":"2025-10-02T18:13:08","slug":"casi-todos-los-infartos-se-producen-en-personas-con-factores-de-riesgo-previos","status":"publish","type":"post","link":"https:\/\/www.europesays.com\/es\/153275\/","title":{"rendered":"Casi todos los infartos se producen en personas con factores de riesgo previos"},"content":{"rendered":"<p>\nSINC<br \/>\n<br \/>01\/10\/2025 &#8211; 12:20h.\n<\/p>\n<p class=\"\">M\u00e1s del 99 % de quienes sufrieron un infarto, un ictus o una insuficiencia card\u00edaca presentaban al menos un factor de riesgo cardiovascular por encima de lo \u00f3ptimo antes del evento. As\u00ed lo confirma un estudio a gran escala dirigido por el centro estadounidense Northwestern Medicine y la Universidad de Yonsei en Corea del Sur, que ha analizado los historiales m\u00e9dicos de m\u00e1s de 9,3 millones de adultos coreanos y cerca de 7 000 estadounidenses durante m\u00e1s de una d\u00e9cada.<\/p>\n<p class=\"\">El trabajo, que se publica en The Journal of the American College of Cardiology, desmonta la idea de que estos episodios aparecen sin avisar. La conclusi\u00f3n es contundente: la inmensa mayor\u00eda de pacientes arrastraban niveles elevados de presi\u00f3n arterial, colesterol, glucosa o antecedentes de tabaquismo.<\/p>\n<p class=\"\">La hipertensi\u00f3n emerge como el factor m\u00e1s frecuente: estuvo presente en m\u00e1s del 95 % de los pacientes coreanos y en m\u00e1s del 93 % de los estadounidenses. Incluso en mujeres menores de 60 a\u00f1os, grupo considerado de bajo riesgo, m\u00e1s del 95 % registraba al menos un indicador por encima de lo saludable antes de sufrir un ictus o una insuficiencia card\u00edaca.<\/p>\n<p class=\"\"><strong>Factores modificables<\/strong><\/p>\n<p class=\"\">El an\u00e1lisis distingue entre niveles \u00abno \u00f3ptimos\u00bb \u2014ligeramente por encima de las recomendaciones de la Asociaci\u00f3n Americana del Coraz\u00f3n\u2014 y los cl\u00ednicamente elevados, umbrales m\u00e1s altos que suelen usarse en el diagn\u00f3stico m\u00e9dico. En ambos casos, la pauta se repite: al menos nueve de cada diez pacientes ten\u00edan alg\u00fan factor alterado antes de su primer episodio cardiovascular.<\/p>\n<p class=\"\">\u00abLo que demuestra el estudio es que pr\u00e1cticamente siempre existen factores modificables antes de que aparezca la enfermedad. El reto est\u00e1 en detectarlos y controlarlos a tiempo, en lugar de distraerse con causas secundarias dif\u00edciles de tratar\u00bb, se\u00f1ala Philip Greenland, cardi\u00f3logo de la Universidad Northwestern y autor principal.<\/p>\n<p class=\"\">Los investigadores subrayan que el hallazgo tiene una doble lectura: por un lado, refuerza el papel de la prevenci\u00f3n y la monitorizaci\u00f3n regular; por otro, obliga a revisar la percepci\u00f3n de invulnerabilidad en ciertos grupos de edad y sexo. \u00abNo es que los infartos surjan de repente en personas sanas: casi siempre hay se\u00f1ales previas\u00bb, concluyen.<\/p>\n","protected":false},"excerpt":{"rendered":"SINC 01\/10\/2025 &#8211; 12:20h. M\u00e1s del 99 % de quienes sufrieron un infarto, un ictus o una insuficiencia&hellip;\n","protected":false},"author":2,"featured_media":153276,"comment_status":"","ping_status":"","sticky":false,"template":"","format":"standard","meta":{"footnotes":""},"categories":[92],"tags":[517,623,6992,28488,209,168,1639,25,24,3424,165,29380,1667,10,6993,3477,952,46228,12110,6436,1288,166,23,2845],"class_list":{"0":"post-153275","1":"post","2":"type-post","3":"status-publish","4":"format-standard","5":"has-post-thumbnail","7":"category-salud","8":"tag-actualidad","9":"tag-burgos","10":"tag-burgosnoticias","11":"tag-casi","12":"tag-cultura","13":"tag-deportes","14":"tag-digital","15":"tag-es","16":"tag-espana","17":"tag-factores","18":"tag-health","19":"tag-infartos","20":"tag-informacion","21":"tag-noticias","22":"tag-noticiasburgos","23":"tag-personas","24":"tag-politica","25":"tag-previosdiario","26":"tag-producen","27":"tag-provincia","28":"tag-riesgo","29":"tag-salud","30":"tag-spain","31":"tag-universidad"},"share_on_mastodon":{"url":"","error":""},"_links":{"self":[{"href":"https:\/\/www.europesays.com\/es\/wp-json\/wp\/v2\/posts\/153275","targetHints":{"allow":["GET"]}}],"collection":[{"href":"https:\/\/www.europesays.com\/es\/wp-json\/wp\/v2\/posts"}],"about":[{"href":"https:\/\/www.europesays.com\/es\/wp-json\/wp\/v2\/types\/post"}],"author":[{"embeddable":true,"href":"https:\/\/www.europesays.com\/es\/wp-json\/wp\/v2\/users\/2"}],"replies":[{"embeddable":true,"href":"https:\/\/www.europesays.com\/es\/wp-json\/wp\/v2\/comments?post=153275"}],"version-history":[{"count":0,"href":"https:\/\/www.europesays.com\/es\/wp-json\/wp\/v2\/posts\/153275\/revisions"}],"wp:featuredmedia":[{"embeddable":true,"href":"https:\/\/www.europesays.com\/es\/wp-json\/wp\/v2\/media\/153276"}],"wp:attachment":[{"href":"https:\/\/www.europesays.com\/es\/wp-json\/wp\/v2\/media?parent=153275"}],"wp:term":[{"taxonomy":"category","embeddable":true,"href":"https:\/\/www.europesays.com\/es\/wp-json\/wp\/v2\/categories?post=153275"},{"taxonomy":"post_tag","embeddable":true,"href":"https:\/\/www.europesays.com\/es\/wp-json\/wp\/v2\/tags?post=153275"}],"curies":[{"name":"wp","href":"https:\/\/api.w.org\/{rel}","templated":true}]}}