{"id":153321,"date":"2025-10-02T18:41:38","date_gmt":"2025-10-02T18:41:38","guid":{"rendered":"https:\/\/www.europesays.com\/es\/153321\/"},"modified":"2025-10-02T18:41:38","modified_gmt":"2025-10-02T18:41:38","slug":"que-imagenes-de-la-flotilla-global-sumud-en-su-camino-hacia-gaza-son-reales-y-cuales-no-%c2%b7-maldita-es","status":"publish","type":"post","link":"https:\/\/www.europesays.com\/es\/153321\/","title":{"rendered":"Qu\u00e9 im\u00e1genes de la flotilla Global Sumud en su camino hacia Gaza son reales y cu\u00e1les no \u00b7 Maldita.es"},"content":{"rendered":"<p>Este art\u00edculo se encuentra en constante actualizaci\u00f3n debido a la actualidad del tema.\u00a0<\/p>\n<p>\u274c Esta imagen de una flotilla de barcos con rumbo a Gaza no es real: tiene indicios de haber sido generada con IA<img decoding=\"async\" src=\"https:\/\/www.europesays.com\/es\/wp-content\/uploads\/2025\/10\/68dd544b5e9a6image4-jpg.jpg\"\/><\/p>\n<p>La imagen donde se ven muchos barcos supuestamente de la Global Sumud Flotilla con destino a Gaza navegando por el mar con banderas de Palestina no es real. Tiene indicios de haber sido generada con<strong> inteligencia artificial<\/strong>, algo que se puede apreciar en la textura de las olas del mar y la posici\u00f3n de las banderas, que se repite como si se hubieran copiado y pegado.\u00a0<\/p>\n<p>Algunas banderas tienen franjas dobles negras y no incluyen el color verde ni el rojo, y otras directamente est\u00e1n flotando en el mar sin que correspondan a ning\u00fan barco. Adem\u00e1s, <strong>no hay rastro en las <\/strong><a target=\"_blank\" rel=\"noopener noreferrer nofollow\" href=\"https:\/\/bit.ly\/46T3hZE\"><strong>redes sociales<\/strong><\/a><strong> de la <\/strong><a target=\"_blank\" rel=\"noopener noreferrer nofollow\" href=\"https:\/\/bit.ly\/4n0SzGx\"><strong>Flotilla<\/strong><\/a><strong> o en su <\/strong><a target=\"_blank\" rel=\"noopener noreferrer nofollow\" href=\"https:\/\/bit.ly\/42OdEMQ\"><strong>web<\/strong><\/a> de estas im\u00e1genes.<\/p>\n<p><img decoding=\"async\" src=\"https:\/\/www.europesays.com\/es\/wp-content\/uploads\/2025\/10\/68dd5460b8d13image1-jpg.jpg\"\/>\u274c Este v\u00eddeo con una flota de barcos no es de la flotilla de Gaza: son pesqueros en China en 2025<img decoding=\"async\" src=\"https:\/\/www.europesays.com\/es\/wp-content\/uploads\/2025\/10\/68dd54787c0bfimage5-jpg.jpg\"\/><\/p>\n<p>Una b\u00fasqueda inversa de las im\u00e1genes revela que <a target=\"_blank\" rel=\"noopener noreferrer nofollow\" href=\"https:\/\/maldita.es\/buloteca\/respuesta\/un-monton-de-barcos-de-la-flotilla-global-sumud-ponen-rumbo-a-gaza\">se trata de una flota de barcos de <strong>China<\/strong><\/a><strong> <\/strong>al inicio de la temporada de <strong>pesca<\/strong> en septiembre de 2025 en la provincia de Shandong. El v\u00eddeo ha sido publicado por los canales chinos <a target=\"_blank\" rel=\"noopener noreferrer nofollow\" href=\"https:\/\/bit.ly\/3WemTSR\">CGTN<\/a> o <a target=\"_blank\" rel=\"noopener noreferrer nofollow\" href=\"https:\/\/bit.ly\/46wv8zG\">Global Times<\/a>. Los barcos de la Global Sumud Flotilla, que est\u00e1 rumbo a Gaza desde finales de agosto, son menos numerosos y se pueden distinguir por llevar banderas de Palestina.<\/p>\n<p><img decoding=\"async\" src=\"https:\/\/www.europesays.com\/es\/wp-content\/uploads\/2025\/10\/68dd54847bb7bimage2-jpg.jpg\"\/>\u274cNo, esta imagen que muestra supuestamente barcos de la Global Sumud Flotilla no es real: tiene indicios de haber sido generada con IA<img decoding=\"async\" src=\"https:\/\/www.europesays.com\/es\/wp-content\/uploads\/2025\/10\/68dd54969497aimage8-jpg.jpg\"\/><\/p>\n<p>Esta imagen en la que se ven muchos barcos supuestamente de la Global Sumud Flotilla con destino a Gaza tambi\u00e9n tiene<strong> indicios de haber sido generada con IA<\/strong>. Se puede identificar en la bandera de Palestina que se encuentra en la parte frontal del barco que est\u00e1 en primer plano, que en lugar de tener las tres franjas negra, blanca y verde tiene cinco: dos blancas, dos negras y una verde con negro. En ese mismo barco, hay unas<strong> letras en el casco que no corresponden a ninguna palabra<\/strong>, <a target=\"_blank\" rel=\"noopener noreferrer nofollow\" href=\"https:\/\/maldita.es\/malditatecnologia\/20230223\/consejos-detectar-imagenes-inteligencia-artificial-dalle\/\">otro de los rasgos en los que nos podemos fijar<\/a> para ver si una imagen est\u00e1 creada con IA. Tambi\u00e9n en otros barcos se observan banderas con tama\u00f1os desproporcionados, distorsionadas con dos franjas negras o que tienen la misma forma y posici\u00f3n, como si se hubieran copiado y pegado.\u00a0<\/p>\n<p>Adem\u00e1s, no hay rastro en las <a target=\"_blank\" rel=\"noopener noreferrer nofollow\" href=\"https:\/\/bit.ly\/46T3hZE\">redes sociales<\/a> de la <a target=\"_blank\" rel=\"noopener noreferrer nofollow\" href=\"https:\/\/bit.ly\/4n0SzGx\">Flotilla<\/a> o su <a target=\"_blank\" rel=\"noopener noreferrer nofollow\" href=\"https:\/\/bit.ly\/42OdEMQ\">web<\/a> de que hayan publicado im\u00e1genes as\u00ed.<\/p>\n<p><img decoding=\"async\" src=\"https:\/\/www.europesays.com\/es\/wp-content\/uploads\/2025\/10\/68dd54efa4e81image10-jpg.jpg\"\/>\u274cEsta imagen que muestra varios barcos supuestamente de la Sumud Flotilla no es real: un experto se\u00f1ala que est\u00e1 generada con IA<img decoding=\"async\" src=\"https:\/\/www.europesays.com\/es\/wp-content\/uploads\/2025\/10\/68dd54fc8d1b7image9-jpg.jpg\"\/><\/p>\n<p>Esta imagen con varios barcos supuestamente de la Sumud flotilla con uno en primer plano \u201c<strong>est\u00e1 hecha con IA sin ning\u00fan g\u00e9nero de dudas<\/strong>\u201d, indica a <a target=\"_blank\" rel=\"noopener noreferrer nofollow\" href=\"https:\/\/Maldita.es\">Maldita.es<\/a> Sergio Mena Mu\u00f1oz, profesor del Departamento de Periodismo y Nuevos Medios de la Facultad de Ciencias de la Informaci\u00f3n de la Universidad Complutense de Madrid.<\/p>\n<p>El experto se\u00f1ala algunos indicios, como el cartel que lleva uno de los barcos que no se entiende o los barcos del fondo que parecen que han sido copiados y pegados.\u00a0<\/p>\n<p><img decoding=\"async\" src=\"https:\/\/www.europesays.com\/es\/wp-content\/uploads\/2025\/10\/68dd552032125image6-jpg.jpg\"\/><\/p>\n<p>\u201cEs sin duda una imagen <strong>manipulada <\/strong>y, vistos los detalles que he comentado, realizada por un motor de IA\u201d, afirma Mena Mu\u00f1oz.<\/p>\n<p>\u2705Esta imagen de barcos en un puerto con banderas de Palestina es real: fue publicada por El Pa\u00eds<img decoding=\"async\" src=\"https:\/\/www.europesays.com\/es\/wp-content\/uploads\/2025\/10\/68dd55512f410image7-jpg.jpg\"\/><\/p>\n<p>Esta imagen donde se ven barcos con banderas de Palestina pertenecientes a la Global Sumud Flotilla <strong>en el puerto de Barcelona es real<\/strong>. Podemos ver que se trata de una imagen muy similar a las anteriores, en la que hay barcos y banderas que mueve el viento, pero que en la instant\u00e1nea se ven ondear de forma distinta entre s\u00ed. Fue publicada por <a target=\"_blank\" rel=\"noopener noreferrer nofollow\" href=\"https:\/\/elpais.com\/espana\/catalunya\/2025-09-17\/el-ayuntamiento-de-barcelona-pide-a-pedro-sanchez-que-garantice-la-seguridad-de-la-flotilla-a-gaza.html\">El Pa\u00eds<\/a> en un art\u00edculo del 17 de septiembre de 2025 con cr\u00e9ditos en la fotograf\u00eda a Massimiliano Minocri.<\/p>\n","protected":false},"excerpt":{"rendered":"Este art\u00edculo se encuentra en constante actualizaci\u00f3n debido a la actualidad del tema.\u00a0 \u274c Esta imagen de una&hellip;\n","protected":false},"author":2,"featured_media":153322,"comment_status":"","ping_status":"","sticky":false,"template":"","format":"standard","meta":{"footnotes":""},"categories":[42],"tags":[17,18,13,14,11,61,62,63,64,19,20,9,10,15,16,12,21,22,65,66,67],"class_list":{"0":"post-153321","1":"post","2":"type-post","3":"status-publish","4":"format-standard","5":"has-post-thumbnail","7":"category-internacional","8":"tag-breaking-news","9":"tag-breakingnews","10":"tag-featured-news","11":"tag-featurednews","12":"tag-headlines","13":"tag-internacional","14":"tag-international","15":"tag-international-news","16":"tag-internationalnews","17":"tag-latest-news","18":"tag-latestnews","19":"tag-news","20":"tag-noticias","21":"tag-noticias-destacadas","22":"tag-noticiasdestacadas","23":"tag-titulares","24":"tag-ultimas-noticias","25":"tag-ultimasnoticias","26":"tag-world","27":"tag-world-news","28":"tag-worldnews"},"share_on_mastodon":{"url":"","error":""},"_links":{"self":[{"href":"https:\/\/www.europesays.com\/es\/wp-json\/wp\/v2\/posts\/153321","targetHints":{"allow":["GET"]}}],"collection":[{"href":"https:\/\/www.europesays.com\/es\/wp-json\/wp\/v2\/posts"}],"about":[{"href":"https:\/\/www.europesays.com\/es\/wp-json\/wp\/v2\/types\/post"}],"author":[{"embeddable":true,"href":"https:\/\/www.europesays.com\/es\/wp-json\/wp\/v2\/users\/2"}],"replies":[{"embeddable":true,"href":"https:\/\/www.europesays.com\/es\/wp-json\/wp\/v2\/comments?post=153321"}],"version-history":[{"count":0,"href":"https:\/\/www.europesays.com\/es\/wp-json\/wp\/v2\/posts\/153321\/revisions"}],"wp:featuredmedia":[{"embeddable":true,"href":"https:\/\/www.europesays.com\/es\/wp-json\/wp\/v2\/media\/153322"}],"wp:attachment":[{"href":"https:\/\/www.europesays.com\/es\/wp-json\/wp\/v2\/media?parent=153321"}],"wp:term":[{"taxonomy":"category","embeddable":true,"href":"https:\/\/www.europesays.com\/es\/wp-json\/wp\/v2\/categories?post=153321"},{"taxonomy":"post_tag","embeddable":true,"href":"https:\/\/www.europesays.com\/es\/wp-json\/wp\/v2\/tags?post=153321"}],"curies":[{"name":"wp","href":"https:\/\/api.w.org\/{rel}","templated":true}]}}