{"id":153323,"date":"2025-10-02T18:42:21","date_gmt":"2025-10-02T18:42:21","guid":{"rendered":"https:\/\/www.europesays.com\/es\/153323\/"},"modified":"2025-10-02T18:42:21","modified_gmt":"2025-10-02T18:42:21","slug":"sebastian-hidalgo-esboza-las-bondades-del-municipio-en-greencities-2025-con-el-futuro-centro-tecnologico-como-motor-de-desarrollo","status":"publish","type":"post","link":"https:\/\/www.europesays.com\/es\/153323\/","title":{"rendered":"Sebasti\u00e1n Hidalgo esboza las bondades del municipio en \u201cGreencities 2025\u201d con el futuro Centro Tecnol\u00f3gico como motor de desarrollo"},"content":{"rendered":"<p><img fetchpriority=\"high\" decoding=\"async\" class=\"alignnone size-medium wp-image-31930\" src=\"https:\/\/www.europesays.com\/es\/wp-content\/uploads\/2025\/10\/GReencities-205-300x173.jpeg\" alt=\"\" width=\"300\" height=\"173\"  \/><\/p>\n<p>La ciudad ha vuelto a ser protagonista esta ma\u00f1ana en el evento \u201cGreencities 2025\u201d, que se celebra en la ciudad de M\u00e1laga como el mayor encuentro en Espa\u00f1a en materias de sostenibilidad, digitalizaci\u00f3n y movilidad urbana.<\/p>\n<p>En esta ocasi\u00f3n lo ha hecho de la mano del teniente de alcalde, Sebasti\u00e1n Hidalgo, quien ha encabezado la ponencia \u201cLa L\u00ednea de la Concepci\u00f3n: Retos y Oportunidades de una ciudad fronteriza\u201d.<br \/>En su intervenci\u00f3n, ha planteado los retos y el modelo de ciudad que se est\u00e1 implementando actualmente, similar al que opt\u00f3 M\u00e1laga hace algunos a\u00f1os con tres pilares fundamentales: Cultura, Turismo e Innovaci\u00f3n.<br \/>En el apartado cultural, ha puesto en valor los distintos espacios muse\u00edsticos y los eventos de primer nivel que se est\u00e1n celebrando en el municipio.<br \/>Sebasti\u00e1n Hidalgo ha incidido tambi\u00e9n en el desarrollo tur\u00edstico, esbozando todas las bondades climatol\u00f3gicas y gastron\u00f3micas de la ciudad, adem\u00e1s de su ubicaci\u00f3n estrat\u00e9gica de cara a un uso tecnol\u00f3gico que la sit\u00faa para operar en tres espacios: brit\u00e1nico, europeo y norteafricano, con las extraordinarias perspectivas de un previsible uso compartido del aeropuerto de Gibraltar en breve espacio de tiempo.<br \/>En materia de Innovaci\u00f3n, la ponencia se ha centrado en el futuro Centro Tecnol\u00f3gico, que con 40.000 metros de techo se ubicar\u00e1 en una parcela de 70.000 metros cuadrados en el recinto ferial. Asimismo, se ha planteado la colaboraci\u00f3n existente en la actualidad con el polo de contenidos digitales de M\u00e1laga para crear en peque\u00f1a escala una plataforma de similares caracter\u00edsticas en La L\u00ednea de la Concepci\u00f3n, como futuro centro de transformaci\u00f3n socio-econ\u00f3mico del municipio.<\/p>\n","protected":false},"excerpt":{"rendered":"La ciudad ha vuelto a ser protagonista esta ma\u00f1ana en el evento \u201cGreencities 2025\u201d, que se celebra en&hellip;\n","protected":false},"author":2,"featured_media":153324,"comment_status":"","ping_status":"","sticky":false,"template":"","format":"standard","meta":{"footnotes":""},"categories":[8],"tags":[17,18,25,24,13,14,11,19,20,9,10,15,16,23,12,21,22],"class_list":{"0":"post-153323","1":"post","2":"type-post","3":"status-publish","4":"format-standard","5":"has-post-thumbnail","7":"category-espana","8":"tag-breaking-news","9":"tag-breakingnews","10":"tag-es","11":"tag-espana","12":"tag-featured-news","13":"tag-featurednews","14":"tag-headlines","15":"tag-latest-news","16":"tag-latestnews","17":"tag-news","18":"tag-noticias","19":"tag-noticias-destacadas","20":"tag-noticiasdestacadas","21":"tag-spain","22":"tag-titulares","23":"tag-ultimas-noticias","24":"tag-ultimasnoticias"},"share_on_mastodon":{"url":"","error":""},"_links":{"self":[{"href":"https:\/\/www.europesays.com\/es\/wp-json\/wp\/v2\/posts\/153323","targetHints":{"allow":["GET"]}}],"collection":[{"href":"https:\/\/www.europesays.com\/es\/wp-json\/wp\/v2\/posts"}],"about":[{"href":"https:\/\/www.europesays.com\/es\/wp-json\/wp\/v2\/types\/post"}],"author":[{"embeddable":true,"href":"https:\/\/www.europesays.com\/es\/wp-json\/wp\/v2\/users\/2"}],"replies":[{"embeddable":true,"href":"https:\/\/www.europesays.com\/es\/wp-json\/wp\/v2\/comments?post=153323"}],"version-history":[{"count":0,"href":"https:\/\/www.europesays.com\/es\/wp-json\/wp\/v2\/posts\/153323\/revisions"}],"wp:featuredmedia":[{"embeddable":true,"href":"https:\/\/www.europesays.com\/es\/wp-json\/wp\/v2\/media\/153324"}],"wp:attachment":[{"href":"https:\/\/www.europesays.com\/es\/wp-json\/wp\/v2\/media?parent=153323"}],"wp:term":[{"taxonomy":"category","embeddable":true,"href":"https:\/\/www.europesays.com\/es\/wp-json\/wp\/v2\/categories?post=153323"},{"taxonomy":"post_tag","embeddable":true,"href":"https:\/\/www.europesays.com\/es\/wp-json\/wp\/v2\/tags?post=153323"}],"curies":[{"name":"wp","href":"https:\/\/api.w.org\/{rel}","templated":true}]}}