{"id":153327,"date":"2025-10-02T18:44:09","date_gmt":"2025-10-02T18:44:09","guid":{"rendered":"https:\/\/www.europesays.com\/es\/153327\/"},"modified":"2025-10-02T18:44:09","modified_gmt":"2025-10-02T18:44:09","slug":"covadonga-es-un-equipo-que-siempre-pelea","status":"publish","type":"post","link":"https:\/\/www.europesays.com\/es\/153327\/","title":{"rendered":"Covadonga es un equipo que siempre pelea"},"content":{"rendered":"<p class=\"ft-text\">Marco Torres, jugador del Balonmano Caja Rural Zamora, fue este jueves autocr\u00edtico tanto consigo mismo como con su equipo pese al gran comienzo de temporada. Una valoraci\u00f3n que le hizo asegurar que los zamoranos necesitan mejorar y \u00abdar el cien por cien\u00bb cuanto antes, empezando frente a Grupo Covadonga este domingo. Un choque exigente en el que espera \u00abm\u00e1s concentraci\u00f3n\u00bb de todos los \u00abGuerreros de Viriato\u00bb.<\/p>\n<p class=\"ft-text\">\u00abTres victorias en tres partidos es un buen comienzo. Da mucho \u00e1nimo, pero luego ves los partidos y si haces una cr\u00edtica constructiva podr\u00edan haber sido encuentros de m\u00e1s calidad en funci\u00f3n a los entrenamientos que hemos hecho\u00bb, aseguraba el extremo, indicando que bajo su punto de vista \u00abquedan todav\u00eda cosas por pulir en los partidos\u00bb y que las sesiones de trabajo son superiores a lo que se alcanza a disfrutar sobre la pista los fines de semana.<\/p>\n<p class=\"ft-text\">Torres afirm\u00f3 que \u00ablos entrenamientos son de calidad, pero a mi parecer tenemos que dar m\u00e1s del 50% de lo que hemos dado en estos tres partidos\u00bb. Una exigencia de la que, por supuesto, no se dej\u00f3 fuera: \u00abtenemos que mejorar a nivel grupal y la concentraci\u00f3n, que es un aspecto m\u00e1s individual. Adem\u00e1s, en mi caso, tengo que dar un paso adelante en la finalizaci\u00f3n, en la que estoy bastante descontento conmigo mismo\u00bb.<\/p>\n<p class=\"ft-text\">Precisamente, ese paso adelante parece m\u00e1s que necesario este domingo para los zamoranos, que reciben en casa a un duro rival como Grupo Covadonga. Un hecho que no pasaba desapercibido para el zamorano. \u00abCovadonga siempre es un equipo que pelea y al que cuesta much\u00edsimo ganar, por eso hay que dar el m\u00e1ximo\u00bb, apunt\u00f3, se\u00f1alando de su rival que \u00abcuentan con un gran central\u00bb y un estilo de juego de su gusto. Aun as\u00ed, Torres no obvi\u00f3 que los pistacho tiene tambi\u00e9n sus armas y que van \u00abmejorando d\u00eda a d\u00eda\u00bb, confiando en los suyos. Un crecimiento que detall\u00f3 asegurando ver al BM Caja Rural Zamora \u00abbien atr\u00e1s, pese a alg\u00fan problema\u00bb y recalcando que el d\u00e9ficit ofensivo, \u00abno est\u00e1 en la t\u00e1ctica o el empe\u00f1o, sino en la falta de acierto de cara a porter\u00eda que deja al equipo sin unos goles que, al final, se notan\u00bb , un error f\u00e1cilmente subsanable.<\/p>\n","protected":false},"excerpt":{"rendered":"Marco Torres, jugador del Balonmano Caja Rural Zamora, fue este jueves autocr\u00edtico tanto consigo mismo como con su&hellip;\n","protected":false},"author":2,"featured_media":153328,"comment_status":"","ping_status":"","sticky":false,"template":"","format":"standard","meta":{"footnotes":""},"categories":[278],"tags":[376,8224,8223,8222,168,3735,25,24,375,378,737,23,167,4655,2946],"class_list":{"0":"post-153327","1":"post","2":"type-post","3":"status-publish","4":"format-standard","5":"has-post-thumbnail","7":"category-balonmano","8":"tag-balonmano","9":"tag-balonmano-zamora","10":"tag-bm-zamora","11":"tag-caja-rural-zamora","12":"tag-deportes","13":"tag-entrenamientos","14":"tag-es","15":"tag-espana","16":"tag-handball","17":"tag-jugador","18":"tag-marco","19":"tag-spain","20":"tag-sports","21":"tag-torres","22":"tag-zamora"},"share_on_mastodon":{"url":"","error":""},"_links":{"self":[{"href":"https:\/\/www.europesays.com\/es\/wp-json\/wp\/v2\/posts\/153327","targetHints":{"allow":["GET"]}}],"collection":[{"href":"https:\/\/www.europesays.com\/es\/wp-json\/wp\/v2\/posts"}],"about":[{"href":"https:\/\/www.europesays.com\/es\/wp-json\/wp\/v2\/types\/post"}],"author":[{"embeddable":true,"href":"https:\/\/www.europesays.com\/es\/wp-json\/wp\/v2\/users\/2"}],"replies":[{"embeddable":true,"href":"https:\/\/www.europesays.com\/es\/wp-json\/wp\/v2\/comments?post=153327"}],"version-history":[{"count":0,"href":"https:\/\/www.europesays.com\/es\/wp-json\/wp\/v2\/posts\/153327\/revisions"}],"wp:featuredmedia":[{"embeddable":true,"href":"https:\/\/www.europesays.com\/es\/wp-json\/wp\/v2\/media\/153328"}],"wp:attachment":[{"href":"https:\/\/www.europesays.com\/es\/wp-json\/wp\/v2\/media?parent=153327"}],"wp:term":[{"taxonomy":"category","embeddable":true,"href":"https:\/\/www.europesays.com\/es\/wp-json\/wp\/v2\/categories?post=153327"},{"taxonomy":"post_tag","embeddable":true,"href":"https:\/\/www.europesays.com\/es\/wp-json\/wp\/v2\/tags?post=153327"}],"curies":[{"name":"wp","href":"https:\/\/api.w.org\/{rel}","templated":true}]}}