{"id":153329,"date":"2025-10-02T18:48:12","date_gmt":"2025-10-02T18:48:12","guid":{"rendered":"https:\/\/www.europesays.com\/es\/153329\/"},"modified":"2025-10-02T18:48:12","modified_gmt":"2025-10-02T18:48:12","slug":"djokovic-lanza-un-dardo-a-alcaraz-hay-que-hacer-mas-que-hablar-en-ruedas-de-prensa-tenis","status":"publish","type":"post","link":"https:\/\/www.europesays.com\/es\/153329\/","title":{"rendered":"Djokovic lanza un dardo a Alcaraz: \u00abHay que hacer m\u00e1s que hablar en ruedas de prensa\u00bb | Tenis"},"content":{"rendered":"<p><a href=\"https:\/\/cadenaser.com\/nacional\/2025\/09\/30\/carlos-alcaraz-campeon-en-tokio-no-disputara-el-masters-de-shanghai-para-descansar-y-recuperar-cadena-ser\/\" target=\"_blank\" rel=\"nofollow noopener\" title=\"https:\/\/cadenaser.com\/nacional\/2025\/09\/30\/carlos-alcaraz-campeon-en-tokio-no-disputara-el-masters-de-shanghai-para-descansar-y-recuperar-cadena-ser\/\">Novak Djokovic ha hablado con franqueza sobre las quejas constantes sobre el calendario que en los \u00faltimos d\u00edas han protagonizado Carlos Alcaraz e Iga Swiatek<\/a>. Para el ganador de 24 Grand Slams, \u00abhay que hacer m\u00e1s que hablar en ruedas de prensa\u00bb.<\/p>\n<p>El tenista serbio en la previa al arranque del Masters 1.000 de Shangh\u00e1i, torneo que ha ganado hasta en cuatro ocasiones, habl\u00f3 sobre el calendario y el debate que lentamente est\u00e1 siendo alimentado por las declaraciones de grandes ilustres de este deporte: \u00abEstoy en contra de la ampliaci\u00f3n a dos semanas en la duraci\u00f3n de los Masters 1.000,\u00a0no creo que sea bueno. Veo a muchos jugadores hablando de que\u00a0hay obligaciones en cuanto a los torneos que disputar, pero son para tener un bonus econ\u00f3mico. Hay muchas exhibiciones a las que se apuntan, as\u00ed que todo es un poco contradictorio\u00bb.<\/p>\n<p>Los tenistas no estamos unidos<\/p>\n<p>El veterano deportista de 38 a\u00f1os sigui\u00f3 ampliando su queja: \u00abHay un fuerte monopolio en la toma de decisiones en el tenis, creado durante d\u00e9cadas y mucha gente no quiere cambiar eso. Lo que puedo decir es que los tenistas no estamos suficientemente unidos\u00bb.<\/p>\n<p>A continuaci\u00f3n, <a href=\"https:\/\/cadenaser.com\/nacional\/2025\/09\/30\/carlos-alcaraz-campeon-en-tokio-no-disputara-el-masters-de-shanghai-para-descansar-y-recuperar-cadena-ser\/\" target=\"_blank\" rel=\"nofollow noopener\" title=\"https:\/\/cadenaser.com\/nacional\/2025\/09\/30\/carlos-alcaraz-campeon-en-tokio-no-disputara-el-masters-de-shanghai-para-descansar-y-recuperar-cadena-ser\/\">lanz\u00f3 el siguiente mensaje, el cual incluye de forma directa a un Carlos Alcaraz que no estar\u00e1 en Shangh\u00e1i<\/a>: \u00abNos quejamos, pero no invertimos el tiempo y esfuerzo necesario para cambiar las cosas. Se necesita que los mejores del mundo se pongan manos a la obra, entiendan bien c\u00f3mo funciona todo y hagan algo m\u00e1s que hablar en ruedas de prensa. Lo s\u00e9 por experiencia propia\u00bb.<\/p>\n<p>Estas palabras dejan entrever que la batalla entre Novak y Carlos Alcaraz no ha terminado pese a que el serbio \u00faltimamente no est\u00e1 al nivel que ha estado demostrando en los \u00faltimos a\u00f1os. Sin embargo, en este tiempo, el serbio ha tenido su cuota de \u00e9xito, derrotando a Alcaraz en el partido por la medalla de oro en los Juegos Ol\u00edmpicos de Par\u00eds 2024: \u00abSigo trabajando lo m\u00e1s duro posible en estas circunstancias para desafiarles, o para ponerme a prueba a m\u00ed mismo y ver lo que puedo hacer en todos los torneos en los que participo\u00bb. <\/p>\n<p><img decoding=\"async\" src=\"https:\/\/www.europesays.com\/es\/wp-content\/uploads\/2025\/10\/https:\/\/sdmedia.playser.cadenaser.com\/playser\/image\/202510\/01\/1759274464720_1759274525_asset_still.p.jpeg\" alt=\"\u00c1lex Corretja explica por qu\u00e9 Carlos Alcaraz se ha convertido en un tenista 'invencible': &quot;Es la clave para triunfar en el mundo del tenis&quot;\" width=\"655\"   loading=\"lazy\"\/><\/p>\n<p class=\"tit\">\u00c1lex Corretja explica por qu\u00e9 Carlos Alcaraz se ha convertido en un tenista &#8216;invencible&#8217;: \u00abEs la clave para triunfar en el mundo del tenis\u00bb<\/p>\n<p>00:00:0008:34<\/p>\n<p>El c\u00f3digo iframe se ha copiado en el portapapeles<\/p>\n<p>FacebookTwitterLinkedinWhatsAppCerrar<\/p>\n<p>Djokovic este viernes debutar\u00e1 ante Marin Cilic en Shangh\u00e1i a partir de las 12:30 (hora peninsular espa\u00f1ola). Adem\u00e1s, podr\u00eda enfrentarse a Sinner en las semifinales. El italiano domina 6-4 el historial y ha ganado sus \u00faltimos cinco enfrentamientos, desde su duelo en Tur\u00edn en 2023.<\/p>\n","protected":false},"excerpt":{"rendered":"Novak Djokovic ha hablado con franqueza sobre las quejas constantes sobre el calendario que en los \u00faltimos d\u00edas&hellip;\n","protected":false},"author":2,"featured_media":153330,"comment_status":"","ping_status":"","sticky":false,"template":"","format":"standard","meta":{"footnotes":""},"categories":[274],"tags":[168,25,24,23,167,327,326],"class_list":{"0":"post-153329","1":"post","2":"type-post","3":"status-publish","4":"format-standard","5":"has-post-thumbnail","7":"category-tenis","8":"tag-deportes","9":"tag-es","10":"tag-espana","11":"tag-spain","12":"tag-sports","13":"tag-tenis","14":"tag-tennis"},"share_on_mastodon":{"url":"","error":""},"_links":{"self":[{"href":"https:\/\/www.europesays.com\/es\/wp-json\/wp\/v2\/posts\/153329","targetHints":{"allow":["GET"]}}],"collection":[{"href":"https:\/\/www.europesays.com\/es\/wp-json\/wp\/v2\/posts"}],"about":[{"href":"https:\/\/www.europesays.com\/es\/wp-json\/wp\/v2\/types\/post"}],"author":[{"embeddable":true,"href":"https:\/\/www.europesays.com\/es\/wp-json\/wp\/v2\/users\/2"}],"replies":[{"embeddable":true,"href":"https:\/\/www.europesays.com\/es\/wp-json\/wp\/v2\/comments?post=153329"}],"version-history":[{"count":0,"href":"https:\/\/www.europesays.com\/es\/wp-json\/wp\/v2\/posts\/153329\/revisions"}],"wp:featuredmedia":[{"embeddable":true,"href":"https:\/\/www.europesays.com\/es\/wp-json\/wp\/v2\/media\/153330"}],"wp:attachment":[{"href":"https:\/\/www.europesays.com\/es\/wp-json\/wp\/v2\/media?parent=153329"}],"wp:term":[{"taxonomy":"category","embeddable":true,"href":"https:\/\/www.europesays.com\/es\/wp-json\/wp\/v2\/categories?post=153329"},{"taxonomy":"post_tag","embeddable":true,"href":"https:\/\/www.europesays.com\/es\/wp-json\/wp\/v2\/tags?post=153329"}],"curies":[{"name":"wp","href":"https:\/\/api.w.org\/{rel}","templated":true}]}}