{"id":153335,"date":"2025-10-02T18:52:10","date_gmt":"2025-10-02T18:52:10","guid":{"rendered":"https:\/\/www.europesays.com\/es\/153335\/"},"modified":"2025-10-02T18:52:10","modified_gmt":"2025-10-02T18:52:10","slug":"si-tu-me-dices-no-yo-te-digo-si-y-si-tu-me-dices-si-yo-te-digo-no","status":"publish","type":"post","link":"https:\/\/www.europesays.com\/es\/153335\/","title":{"rendered":"Si t\u00fa me dices no, yo te digo s\u00ed. Y si t\u00fa me dices s\u00ed, yo te digo no"},"content":{"rendered":"<p data-gtm-element-container=\"modulo-texto-link\" class=\"paragraph\">Extraordinario partido de <strong>Liga de Campeones<\/strong> el que disputaron <strong>FC Barcelona<\/strong> y <strong>PSG<\/strong> en <strong>Montju\u00efc<\/strong> (1-2) con una segunda parte brutal tanto t\u00e1ctica como f\u00edsica del conjunto entrenado por <strong>Luis Enrique Mart\u00ednez.<\/strong><\/p>\n<p data-gtm-element-container=\"modulo-texto-link\" class=\"paragraph\">Tras el encuentro y fiel a su caracter\u00edstica forma de ser, al asturiano no le gust\u00f3 la forma en que un periodista franc\u00e9s le formul\u00f3 una pregunto, y no tuvo problema en decir lo que piensa.<\/p>\n<blockquote class=\"twitter-tweet\" data-lang=\"es\"><p>\n<a href=\"https:\/\/twitter.com\/elchiringuitotv\/status\/1973520695792377991\" rel=\"nofollow noopener\" target=\"_blank\">\n<\/p><\/blockquote>\n<p data-gtm-element-container=\"modulo-texto-link\" class=\"paragraph\">\u00ab<strong>Jules Kound\u00e9<\/strong> ha dicho que vuestra victoria ha sido muy merecida y que le ha sorprendido que hab\u00e9is sido muy superiores f\u00edsicamente. Es un poco sorprendente sabiendo que no hab\u00e9is tenido preparaci\u00f3n. \u00bfTe ha sorprendido a ti tambi\u00e9n la calidad f\u00edsica del equipo?\u00bb, fue la pregunta en cuesti\u00f3n.<\/p>\n<p>    Lee tambi\u00e9n<\/p>\n<p data-gtm-element-container=\"modulo-texto-link\" class=\"paragraph\">Luis Enrique reaccion\u00f3: \u00abNo. Si t\u00fa me dices no, yo te digo s\u00ed. Y si t\u00fa me dices s\u00ed, yo te digo no\u00bb, dijo en primera instancia.<\/p>\n<p data-gtm-element-container=\"modulo-texto-link\" class=\"paragraph\">Para a\u00f1adir que \u00absi nosotros somos el equipo de<strong> Europa<\/strong> que menos ha entrenado. \u00bfC\u00f3mo se dice en franc\u00e9s? Un t\u00f3pico es algo que todo el mundo repite pero no es verdad. No es verdad. Es un clich\u00e9, eso es. Es un clich\u00e9 que todo el mundo siempre dice. F\u00edsicamente, f\u00edsicamente&#8230; pero si no hemos entrenado\u00bb.<\/p>\n<p><script async src=\"https:\/\/platform.twitter.com\/widgets.js\" charset=\"utf-8\"><\/script><\/p>\n","protected":false},"excerpt":{"rendered":"Extraordinario partido de Liga de Campeones el que disputaron FC Barcelona y PSG en Montju\u00efc (1-2) con una&hellip;\n","protected":false},"author":2,"featured_media":153336,"comment_status":"","ping_status":"","sticky":false,"template":"","format":"standard","meta":{"footnotes":""},"categories":[268],"tags":[168,25,24,280,282,281,23,167],"class_list":{"0":"post-153335","1":"post","2":"type-post","3":"status-publish","4":"format-standard","5":"has-post-thumbnail","7":"category-futbol","8":"tag-deportes","9":"tag-es","10":"tag-espana","11":"tag-football","12":"tag-futbol","13":"tag-soccer","14":"tag-spain","15":"tag-sports"},"share_on_mastodon":{"url":"","error":""},"_links":{"self":[{"href":"https:\/\/www.europesays.com\/es\/wp-json\/wp\/v2\/posts\/153335","targetHints":{"allow":["GET"]}}],"collection":[{"href":"https:\/\/www.europesays.com\/es\/wp-json\/wp\/v2\/posts"}],"about":[{"href":"https:\/\/www.europesays.com\/es\/wp-json\/wp\/v2\/types\/post"}],"author":[{"embeddable":true,"href":"https:\/\/www.europesays.com\/es\/wp-json\/wp\/v2\/users\/2"}],"replies":[{"embeddable":true,"href":"https:\/\/www.europesays.com\/es\/wp-json\/wp\/v2\/comments?post=153335"}],"version-history":[{"count":0,"href":"https:\/\/www.europesays.com\/es\/wp-json\/wp\/v2\/posts\/153335\/revisions"}],"wp:featuredmedia":[{"embeddable":true,"href":"https:\/\/www.europesays.com\/es\/wp-json\/wp\/v2\/media\/153336"}],"wp:attachment":[{"href":"https:\/\/www.europesays.com\/es\/wp-json\/wp\/v2\/media?parent=153335"}],"wp:term":[{"taxonomy":"category","embeddable":true,"href":"https:\/\/www.europesays.com\/es\/wp-json\/wp\/v2\/categories?post=153335"},{"taxonomy":"post_tag","embeddable":true,"href":"https:\/\/www.europesays.com\/es\/wp-json\/wp\/v2\/tags?post=153335"}],"curies":[{"name":"wp","href":"https:\/\/api.w.org\/{rel}","templated":true}]}}