{"id":153337,"date":"2025-10-02T18:53:12","date_gmt":"2025-10-02T18:53:12","guid":{"rendered":"https:\/\/www.europesays.com\/es\/153337\/"},"modified":"2025-10-02T18:53:12","modified_gmt":"2025-10-02T18:53:12","slug":"keith-urban-cambia-la-letra-de-una-cancion-inspirada-en-nicole-kidman","status":"publish","type":"post","link":"https:\/\/www.europesays.com\/es\/153337\/","title":{"rendered":"Keith Urban cambia la letra de una canci\u00f3n inspirada en Nicole Kidman"},"content":{"rendered":"<p>      CNN<br \/>\n        \u00a0\u2014\u00a0<\/p>\n<p class=\"paragraph inline-placeholder vossi-paragraph\" data-uri=\"es.cms.cnn.com\/_components\/paragraph\/instances\/cmg9jw8d2001s2cqqc2athdne@published\" data-editable=\"text\" data-component-name=\"paragraph\" data-article-gutter=\"true\">\n            Keith Urban est\u00e1 cantando una melod\u00eda diferente estos d\u00edas.\n    <\/p>\n<p class=\"paragraph inline-placeholder vossi-paragraph\" data-uri=\"es.cms.cnn.com\/_components\/paragraph\/instances\/cmg9jwcoj0000356nggmfx6ds@published\" data-editable=\"text\" data-component-name=\"paragraph\" data-article-gutter=\"true\">\n            En un video reciente compartido con la prometedora <a href=\"https:\/\/www.instagram.com\/maggie_baugh\/reel\/DPHEqJzAKz5\/\" target=\"_blank\" rel=\"nofollow noopener\">cantante de m\u00fasica country Maggie Baugh<\/a>, ella interpreta junto a Urban su canci\u00f3n \u201cThe Fighter\u201d.\n    <\/p>\n<p class=\"paragraph inline-placeholder vossi-paragraph\" data-uri=\"es.cms.cnn.com\/_components\/paragraph\/instances\/cmg9k61s80009356nxvy7mrrk@published\" data-editable=\"text\" data-component-name=\"paragraph\" data-article-gutter=\"true\">\n            En la versi\u00f3n original, que cuenta con la participaci\u00f3n de la estrella del country Carrie Underwood, Urban canta: \u201cWhen they\u2019re tryna get to you, baby I\u2019ll be the fighter\u201d (\u201cCuando intenten llegar a ti, cari\u00f1o, yo ser\u00e9 el luchador\u201d).\n    <\/p>\n<p class=\"paragraph inline-placeholder vossi-paragraph\" data-uri=\"es.cms.cnn.com\/_components\/paragraph\/instances\/cmg9k61s8000a356ngz03bsce@published\" data-editable=\"text\" data-component-name=\"paragraph\" data-article-gutter=\"true\">\n            Mientras actuaba con Baugh, cambi\u00f3 la l\u00ednea y cant\u00f3: \u201cWhen they\u2019re tryna get to you, Maggie I\u2019ll be your guitar player\u201d (\u201cCuando intenten llegar a ti, Maggie, yo ser\u00e9 tu guitarrista\u201d).\n    <\/p>\n<p class=\"paragraph inline-placeholder vossi-paragraph\" data-uri=\"es.cms.cnn.com\/_components\/paragraph\/instances\/cmg9k5qie0007356n0vtu4fi8@published\" data-editable=\"text\" data-component-name=\"paragraph\" data-article-gutter=\"true\">\n            Baugh, de 25 a\u00f1os, public\u00f3 el video en su cuenta de redes sociales, escribiendo sobre el video: \u201c\u00bfKeith Urban acaba de decir eso? \ud83e\udd2f\u201d y a\u00f1adiendo la letra cambiada junto con los emojis \ud83e\udee3 \ud83e\udd2f.\n    <\/p>\n<p class=\"paragraph inline-placeholder vossi-paragraph\" data-uri=\"es.cms.cnn.com\/_components\/paragraph\/instances\/cmg9k7kxf000f356n2fou4ka2@published\" data-editable=\"text\" data-component-name=\"paragraph\" data-article-gutter=\"true\">\n            En el pie de foto agreg\u00f3: \u201c\u00bfDe verdad dijo eso? \ud83d\udc40\u201d.\n    <\/p>\n<p class=\"paragraph inline-placeholder vossi-paragraph\" data-uri=\"es.cms.cnn.com\/_components\/paragraph\/instances\/cmg9k7kxf000g356nbm091gil@published\" data-editable=\"text\" data-component-name=\"paragraph\" data-article-gutter=\"true\">\n            El video se public\u00f3 antes de que se diera a conocer la noticia de que Urban, de 57 a\u00f1os, y su esposa, la actriz Nicole Kidman, de 58, se <a href=\"https:\/\/cnnespanol.cnn.com\/2025\/09\/30\/entretenimiento\/nicole-kidman-keith-urban-separan-trax\" rel=\"nofollow noopener\" target=\"_blank\">hab\u00edan separado tras 19 a\u00f1os de matrimonio<\/a>. Kidman solicit\u00f3 el divorcio el martes.\n    <\/p>\n<p class=\"paragraph inline-placeholder vossi-paragraph\" data-uri=\"es.cms.cnn.com\/_components\/paragraph\/instances\/cmg9k7j3w000d356ns04v3ils@published\" data-editable=\"text\" data-component-name=\"paragraph\" data-article-gutter=\"true\">\n            En una <a href=\"https:\/\/theboot.com\/keith-urban-the-fighter-lyrics\/\" target=\"_blank\" rel=\"nofollow noopener\">entrevista de 2017<\/a>, Urban dijo que \u201cThe Fighter\u201d se inspir\u00f3 en su relaci\u00f3n con Kidman.\n    <\/p>\n<p class=\"paragraph inline-placeholder vossi-paragraph\" data-uri=\"es.cms.cnn.com\/_components\/paragraph\/instances\/cmg9k9nm1000o356n4qr23p3g@published\" data-editable=\"text\" data-component-name=\"paragraph\" data-article-gutter=\"true\">\n            \u201cFue una canci\u00f3n muy r\u00e1pida de escribir, porque literalmente pens\u00e9 en Nic y en m\u00ed y en nuestra relaci\u00f3n al principio, y algunas de las cosas que dijimos se incluyeron en esa canci\u00f3n\u201d, dijo en ese momento.\n    <\/p>\n<p class=\"paragraph inline-placeholder vossi-paragraph\" data-uri=\"es.cms.cnn.com\/_components\/paragraph\/instances\/cmg9k9je2000l356n1zk2sfl7@published\" data-editable=\"text\" data-component-name=\"paragraph\" data-article-gutter=\"true\">\n            Urban y Baugh han estado de gira juntos en su \u201cHigh and Alive World Tour\u201d.\n    <\/p>\n<p class=\"paragraph inline-placeholder vossi-paragraph\" data-uri=\"es.cms.cnn.com\/_components\/paragraph\/instances\/cmg9k9je2000m356nvwqpa2du@published\" data-editable=\"text\" data-component-name=\"paragraph\" data-article-gutter=\"true\">\n            CNN se ha puesto en contacto con los representantes de ambos cantantes para obtener comentarios.\n    <\/p>\n<p>              <script async src=\"\/\/www.instagram.com\/embed.js\"><\/script><\/p>\n","protected":false},"excerpt":{"rendered":"CNN \u00a0\u2014\u00a0 Keith Urban est\u00e1 cantando una melod\u00eda diferente estos d\u00edas. En un video reciente compartido con la&hellip;\n","protected":false},"author":2,"featured_media":153338,"comment_status":"","ping_status":"","sticky":false,"template":"","format":"standard","meta":{"footnotes":""},"categories":[174],"tags":[255,146,147,25,24,256,45286,185,8306,12704,23],"class_list":{"0":"post-153337","1":"post","2":"type-post","3":"status-publish","4":"format-standard","5":"has-post-thumbnail","7":"category-famosos","8":"tag-celebrities","9":"tag-entertainment","10":"tag-entretenimiento","11":"tag-es","12":"tag-espana","13":"tag-famosos","14":"tag-keith-urban","15":"tag-musica","16":"tag-nicole-kidman","17":"tag-separacion","18":"tag-spain"},"share_on_mastodon":{"url":"","error":""},"_links":{"self":[{"href":"https:\/\/www.europesays.com\/es\/wp-json\/wp\/v2\/posts\/153337","targetHints":{"allow":["GET"]}}],"collection":[{"href":"https:\/\/www.europesays.com\/es\/wp-json\/wp\/v2\/posts"}],"about":[{"href":"https:\/\/www.europesays.com\/es\/wp-json\/wp\/v2\/types\/post"}],"author":[{"embeddable":true,"href":"https:\/\/www.europesays.com\/es\/wp-json\/wp\/v2\/users\/2"}],"replies":[{"embeddable":true,"href":"https:\/\/www.europesays.com\/es\/wp-json\/wp\/v2\/comments?post=153337"}],"version-history":[{"count":0,"href":"https:\/\/www.europesays.com\/es\/wp-json\/wp\/v2\/posts\/153337\/revisions"}],"wp:featuredmedia":[{"embeddable":true,"href":"https:\/\/www.europesays.com\/es\/wp-json\/wp\/v2\/media\/153338"}],"wp:attachment":[{"href":"https:\/\/www.europesays.com\/es\/wp-json\/wp\/v2\/media?parent=153337"}],"wp:term":[{"taxonomy":"category","embeddable":true,"href":"https:\/\/www.europesays.com\/es\/wp-json\/wp\/v2\/categories?post=153337"},{"taxonomy":"post_tag","embeddable":true,"href":"https:\/\/www.europesays.com\/es\/wp-json\/wp\/v2\/tags?post=153337"}],"curies":[{"name":"wp","href":"https:\/\/api.w.org\/{rel}","templated":true}]}}