{"id":153339,"date":"2025-10-02T18:54:08","date_gmt":"2025-10-02T18:54:08","guid":{"rendered":"https:\/\/www.europesays.com\/es\/153339\/"},"modified":"2025-10-02T18:54:08","modified_gmt":"2025-10-02T18:54:08","slug":"bancaja-se-reivindica-como-el-museo-de-sorolla-en-valencia-con-la-coleccion-mas-importante","status":"publish","type":"post","link":"https:\/\/www.europesays.com\/es\/153339\/","title":{"rendered":"Bancaja se reivindica como el museo de Sorolla en Valencia con \u00abla colecci\u00f3n m\u00e1s importante\u00bb"},"content":{"rendered":"<p>La trayectoria sorollista de la <a href=\"https:\/\/www.lasprovincias.es\/culturas\/fotos-operacion-sorolla-madrid-valencia-muda-museo-20250926150347-ga.html\" title=\"www.lasprovincias.es\" data-voc-vtm-id=\"in-text-traffic\" data-mrf-link=\"www.lasprovincias.es\" rel=\"nofollow noopener\" target=\"_blank\">Fundaci\u00f3n Bancaja <\/a>sube un escal\u00f3n m\u00e1s. Ese salto radica en albergar las obras maestras del artista, desde &#8216;La bata rosa&#8217;, &#8216; &#8230; Paseo a la orilla del mar&#8217; o &#8216;El ba\u00f1o del caballo&#8217;. En un momento en que la Generalitat se ha movilizado para abrir un museo con piezas de Sorolla en el antiguo edificio de Correos de la mano de la Hispanic Society of America (HSA), la entidad de la plaza de Tetu\u00e1n hace un alarde art\u00edstico de m\u00e1ximo nivel. Un aut\u00e9ntico derroche sorollista, una delicia para los amantes de las escenas de playa del pintor valenciano y, al mismo tiempo, escenifica un golpe en la mesa, es decir, una reivindicaci\u00f3n de la exitosa relaci\u00f3n de Bancaja con la obra de Sorolla. \u00abBancaja es y ser\u00e1 sorollista\u00bb, ha resaltado Rafa Alc\u00f3n, responsable de la Funcaci\u00f3n Bancaja durante la prsentaci\u00f3n de &#8216;Sorolla. Obras maestras del Museo Sorolla&#8217;, que estar\u00e1 en cartel hasta el 8 de febrero de 2026. <\/p>\n<p class=\"v-p\">Los fondos del Museo Sorolla es \u00abla colecci\u00f3n m\u00e1s importante del mundo\u00bb del pintor, ha enfatizado Enrique Varela, director de la instituci\u00f3n madrile\u00f1a, quien ha garantizado la colaboraci\u00f3n con Bancaja. En Valencia se expone \u00abel ADN\u00bb de las piezas que la familia Sorolla don\u00f3 para la pinacoteca madrile\u00f1a: las \u00abobras fundacionales\u00bb. Los fondos se cifran en 1.400 pinturas y 5.000 dibujos, de los que s\u00f3lo se han elegido 59 piezas para la exposici\u00f3n. \u00abHa sido un trabajo dificil y doloroso, ha sido como expurgar\u00bb, ha a\u00f1adido. Para Varela, esta exposici\u00f3n es \u00abun privilegio y una excepcionalidad\u00bb porque es la primera vez que la colecci\u00f3n permanente del Museo Sorolla se exhiben en su conjunto fuera de Madrid. <\/p>\n<p class=\"v-p\">El nutrido y relevante conjunto de obras de la casa-museo dialogar\u00e1 en la sala con el lienzo &#8216;\u00a1Triste herencia!&#8217;, de la colecci\u00f3n de la Fundaci\u00f3n Bancaja, con el que Sorolla gan\u00f3 el Grand Prix en la Exposici\u00f3n Universal de 1900 en Par\u00eds y con el que alcanz\u00f3 su consagraci\u00f3n internacional. &#8216;\u00a1Triste herencia!&#8217; es una obra emblem\u00e1tica.<\/p>\n<p class=\"v-p\">La pieza que recibe al visitante es majestuosa. Se trata de &#8216;El ba\u00f1o del caballo&#8217;, un lienzo de gran formato que se ha visto en Chicago y Saint Louis (EE UU). Es uno de los cuadros m\u00e1s populares del pintor, en el que muestra toda su maestr\u00eda de sinfon\u00eda de blancos y azules, la misma que reina en el &#8216;Paseo a la orilla del mar&#8217;. Otro lienzo que deslumbra es &#8216;La bata rosa&#8217;, un t\u00edtulo que apuntala la maestr\u00eda en el tratamiento de la luz. <\/p>\n<p class=\"v-p\">La exposici\u00f3n se articula en diferentes secciones que abordan sus primeros a\u00f1os de formaci\u00f3n en Valencia e Italia, en los que el joven Sorolla empieza a demostrar ya su capacidad y su ingenio como artista; la afirmaci\u00f3n de su personalidad art\u00edstica en Madrid con la obtenci\u00f3n de reconocimientos nacionales e internacionales; su maestr\u00eda en el g\u00e9nero del retrato con lienzos de \u00e1mbito familiar; la iconograf\u00eda del mar tan relevante en su producci\u00f3n art\u00edstica con obras emblem\u00e1ticas que conserv\u00f3 en su poder; su intimista pintura de jardines; su cr\u00f3nica pl\u00e1stica de la Espa\u00f1a de su tiempo con tipos y paisajes de la \u00e9poca; y su estancia en la Cala de San Vicente (Pollen\u00e7a, Mallorca) en 1919, en el que fue su \u00faltimo viaje para pintar el Mediterr\u00e1neo antes de su muerte.<\/p>\n<p class=\"v-p\">De la etapa de juventud, destaca &#8216;Autorretrato. Sorolla pintando en su estudio en Roma&#8217;; del g\u00e9nero del retrato, sobresale &#8216;La sieta&#8217;, &#8216;Mis hijos&#8217; y &#8216;Mis chicos&#8217;; y del paisajista, &#8216;Mirador de Lindaraja, la Alhambra de Granada&#8217;. <\/p>\n<p class=\"v-p\">&#8216;Sorolla. Obras maestras del Museo Sorolla&#8217; repasa toda la producci\u00f3n del pintor, desde su juventud hasta la madurez, y recorre todos los estilos, desde el paisaje hasta el retrato sin olvidar, por supuesto, las marinas. Varela ha a\u00f1adido que las \u00faltimas adquisiciones de la pinacoteca tambi\u00e9n se exhiben en Valencia. <\/p>\n<p class=\"v-p\">Lo mejor de Sorolla se encuentra en la Fundaci\u00f3n Bancaja, que ofrece una exposici\u00f3n que no defraudar\u00e1 a los m\u00e1s sorollistas. La Casa Museo posee, obviamente, unos fondos exquisitos y abundantes, pero tambi\u00e9n la Fundaci\u00f3n Masaveu conserva una colecci\u00f3n con piezas ic\u00f3nicas del pintor de la luz, aunque no es tan numerosa. <\/p>\n","protected":false},"excerpt":{"rendered":"La trayectoria sorollista de la Fundaci\u00f3n Bancaja sube un escal\u00f3n m\u00e1s. Ese salto radica en albergar las obras&hellip;\n","protected":false},"author":2,"featured_media":153340,"comment_status":"","ping_status":"","sticky":false,"template":"","format":"standard","meta":{"footnotes":""},"categories":[173],"tags":[46237,229,233,231,230,46216,232,234,146,147,25,24,38506,470,474,471,46238,23,235],"class_list":{"0":"post-153339","1":"post","2":"type-post","3":"status-publish","4":"format-standard","5":"has-post-thumbnail","7":"category-arte-y-diseno","8":"tag-apuntalan","9":"tag-arte","10":"tag-arte-y-diseno","11":"tag-arts","12":"tag-arts-and-design","13":"tag-bancaja","14":"tag-design","15":"tag-diseno","16":"tag-entertainment","17":"tag-entretenimiento","18":"tag-es","19":"tag-espana","20":"tag-maestras","21":"tag-museo","22":"tag-obras","23":"tag-sorolla","24":"tag-sorollista","25":"tag-spain","26":"tag-valencia"},"share_on_mastodon":{"url":"","error":""},"_links":{"self":[{"href":"https:\/\/www.europesays.com\/es\/wp-json\/wp\/v2\/posts\/153339","targetHints":{"allow":["GET"]}}],"collection":[{"href":"https:\/\/www.europesays.com\/es\/wp-json\/wp\/v2\/posts"}],"about":[{"href":"https:\/\/www.europesays.com\/es\/wp-json\/wp\/v2\/types\/post"}],"author":[{"embeddable":true,"href":"https:\/\/www.europesays.com\/es\/wp-json\/wp\/v2\/users\/2"}],"replies":[{"embeddable":true,"href":"https:\/\/www.europesays.com\/es\/wp-json\/wp\/v2\/comments?post=153339"}],"version-history":[{"count":0,"href":"https:\/\/www.europesays.com\/es\/wp-json\/wp\/v2\/posts\/153339\/revisions"}],"wp:featuredmedia":[{"embeddable":true,"href":"https:\/\/www.europesays.com\/es\/wp-json\/wp\/v2\/media\/153340"}],"wp:attachment":[{"href":"https:\/\/www.europesays.com\/es\/wp-json\/wp\/v2\/media?parent=153339"}],"wp:term":[{"taxonomy":"category","embeddable":true,"href":"https:\/\/www.europesays.com\/es\/wp-json\/wp\/v2\/categories?post=153339"},{"taxonomy":"post_tag","embeddable":true,"href":"https:\/\/www.europesays.com\/es\/wp-json\/wp\/v2\/tags?post=153339"}],"curies":[{"name":"wp","href":"https:\/\/api.w.org\/{rel}","templated":true}]}}