{"id":153342,"date":"2025-10-02T18:56:08","date_gmt":"2025-10-02T18:56:08","guid":{"rendered":"https:\/\/www.europesays.com\/es\/153342\/"},"modified":"2025-10-02T18:56:08","modified_gmt":"2025-10-02T18:56:08","slug":"el-impactante-cambio-fisico-de-jon-cryer-alan-harper-en-dos-hombres-y-medio-un-largo-y-complejo-proceso","status":"publish","type":"post","link":"https:\/\/www.europesays.com\/es\/153342\/","title":{"rendered":"El impactante cambio f\u00edsico de Jon Cryer, Alan Harper en \u2018Dos hombres y medio\u2019: \u201cUn largo y complejo proceso\u201d"},"content":{"rendered":"<p class=\"\">Durante toda una d\u00e9cada se dibuj\u00f3 en el imaginario colectivo la imagen de una California canalla en la que Malib\u00fa, sin<b> Charlie Sheen<\/b>, no era Malib\u00fa. El int\u00e9rprete norteamericano, coprotagonista de <b>Dos hombres y medio<\/b>, apareci\u00f3 en el estreno de la serie, all\u00e1 por 2003, y se mantuvo en primera l\u00ednea hasta 2011, cuando <b>fue despedido por pronunciar \u201ccomentarios despreciativos\u201d <\/b>contra el creador de la producci\u00f3n. A su partida, quedaron las riendas a compartir entre las otras dos partes del casi tr\u00edo: el \u2014no tan\u2014 peque\u00f1o Jake, interpretado por Angus T. Jones, y Alan Harper, encarnado por el carism\u00e1tico<b> Jon Cryer.<\/b><\/p>\n<p class=\"\">El actor, cuya carrera delante de las c\u00e1maras se remonta a 1984, am\u00e9n de la comedia rom\u00e1ntica<b> No Small Affair<\/b>, que comparte con <b>Demi Moore<\/b>, se consagr\u00f3 con la serie ambientada en la California de principios de los \u2018dos mil\u2019: <b>recibi\u00f3 dos premios Emmy<\/b> (y siete nominaciones), uno por<b> mejor actor de reparto<\/b> en 2009 y otro por <b>mejor actor en serie de comedia<\/b>, all\u00e1 por 2012. Cuando Dos hombres y medio toc\u00f3 fin, tres a\u00f1os despu\u00e9s del \u00faltimo galard\u00f3n citado, Cryer desapareci\u00f3 de la peque\u00f1a y la gran pantalla.<\/p>\n<p>\u201cProfesionales que aprovecharon cuatro pelos\u201d<\/p>\n<p class=\"\">Son pocas las ocasiones en las que ha regresado, siendo, quiz\u00e1, <b>Supergirl <\/b><b>(as\u00ed como otras producciones del universo DC)<\/b>, donde asume el papel de <b>Lex Luthor<\/b>, la m\u00e1s medi\u00e1tica de todas. Cuando esto ocurri\u00f3, en 2018, y en las posteriores ocasiones, todos repararon en un detalle que no saltaba a la vista en la m\u00edtica serie de la CBS: <b>Cryer estaba perdiendo pelo.<\/b> Y el actor, ni corto ni perezoso, asumi\u00f3 la calvicie con orgullo. <b>Se rap\u00f3, se dej\u00f3 barba y dio un giro de 180 grados a su apariencia f\u00edsica.<\/b><\/p>\n<p class=\"\">En una entrevista con el presentador Conan O\u2019Brien, el int\u00e9rprete habl\u00f3 de la melena que luc\u00eda en los a\u00f1os ochenta como<b> un pelo que \u201cya se fue\u201d<\/b>, siendo su ic\u00f3nico corte de pelo en Dos hombres y medio fruto de un gran esfuerzo por parte del equipo de peluquer\u00eda:<b> \u201cEste es el trabajo de varios profesionales talentosos que aprovecharon al m\u00e1ximo, digamos, cuatro cabellos\u201d.<\/b><\/p>\n<p class=\"\">Trat\u00f3 de poner en pr\u00e1ctica diversos remedios \u2014nunca us\u00f3 peluqu\u00edn\u2014, llegando, incluso, a afrontar un<b> \u201clargo y complejo proceso\u201d <\/b>que empleaba una soluci\u00f3n similar a la del bet\u00fan para zapatos, lo dio por perdido. Solo ve\u00eda bien su pelo cuando los peluqueros as\u00ed lo pretend\u00edan, <b>aunque fuera \u201ctodo aerosol y colocado con astucia\u201d.<\/b><\/p>\n<p>Noticias relacionadas<a href=\"https:\/\/as.com\/tikitakas\/musica\/el-artista-robbie-williams-se-abre-en-canal-a-sus-51-anos-me-aterroriza-cantar-en-directo-n\/\" class=\"s_m_w\" title=\"El cantante ha hablado de sus problemas de salud en el p\u00f3dcast de \u2018I\u2019m ADHD! No, You\u2019re Not\u2019, se\u00f1alando que tiene el s\u00edndrome de Tourette.\" data-tb-link=\"\" rel=\"nofollow noopener\" target=\"_blank\"><img decoding=\"async\" src=\"https:\/\/www.europesays.com\/es\/wp-content\/uploads\/2025\/10\/FRSETWWFG7GDKIH6HCDNX52KRY.jpg\" alt=\"El artista Robbie Williams se abre en canal a sus 51 a\u00f1os: \u201cMe aterroriza cantar en directo\u201d\" class=\"\" height=\"1\" width=\"1\"   loading=\"lazy\" data-tb-thumbnail=\"\"\/><\/a><a href=\"https:\/\/as.com\/tikitakas\/famosos\/muere-francisco-briones-director-de-rtve-murcia-a-los-47-anos-n\/\" class=\"s_m_w\" title=\"El periodista, cuya trayectoria le llev\u00f3 a diferentes puntos de la geograf\u00eda espa\u00f1ola, ha fallecido debido a una complicada enfermedad.\" data-tb-link=\"\" rel=\"nofollow noopener\" target=\"_blank\"><img decoding=\"async\" src=\"https:\/\/www.europesays.com\/es\/wp-content\/uploads\/2025\/10\/XPTEVH44FBAUTM3DD5PN3RXCWQ.jpg\" alt=\"Muere Francisco Briones, director de RTVE Murcia, a los 47 a\u00f1os\" class=\"\" height=\"1\" width=\"1\"   loading=\"lazy\" data-tb-thumbnail=\"\"\/><\/a><\/p>\n<p class=\"\">Todo fue mejor para \u00e9l cuando asumi\u00f3 su calvicie.<b> \u201cMi mujer me dice: \u2018Vaya, cada vez que te pones una camiseta parece que est\u00e1 naciendo un beb\u00e9\u2019\u201d<\/b>, vacila, entre risas, demostrando que el complejo que un d\u00eda sinti\u00f3 se esfum\u00f3 con la misma tranquilidad con la que se deshac\u00edan entre espuma las olas de la costa californiana de Malib\u00fa.<\/p>\n<p class=\"\"><b>\u00a1Tus opiniones importan!<\/b> Comenta en los art\u00edculos y suscr\u00edbete gratis a nuestra <a href=\"https:\/\/asfan.as.com\/newsletters\/\" target=\"_blank\" rel=\"nofollow noopener\" title=\"https:\/\/asfan.as.com\/newsletters\/\">newsletter<\/a> y a las alertas informativas en la <a href=\"https:\/\/as.com\/aplicacion-de-as-n\/\" target=\"_blank\" rel=\"nofollow noopener\" title=\"https:\/\/as.com\/aplicacion-de-as-n\/\">App<\/a> o el canal de <a href=\"https:\/\/www.whatsapp.com\/channel\/0029VaAasdA7j6g745nz9M10\" target=\"_blank\" rel=\"nofollow noopener\" title=\"https:\/\/www.whatsapp.com\/channel\/0029VaAasdA7j6g745nz9M10\">WhatsApp<\/a>. \u00bfBuscas licenciar contenido? Haz clic <a href=\"https:\/\/profesional.elpais.com\/soluciones-sindicacion?utm_medium=interno&amp;utm_source=crosslinking&amp;utm_campaign=sindicacion_as_pie_articulos\" target=\"_blank\" rel=\"nofollow noopener\" title=\"https:\/\/profesional.elpais.com\/soluciones-sindicacion?utm_medium=interno&amp;utm_source=crosslinking&amp;utm_campaign=sindicacion_as_pie_articulos\">aqu\u00ed<\/a><\/p>\n","protected":false},"excerpt":{"rendered":"Durante toda una d\u00e9cada se dibuj\u00f3 en el imaginario colectivo la imagen de una California canalla en la&hellip;\n","protected":false},"author":2,"featured_media":153343,"comment_status":"","ping_status":"","sticky":false,"template":"","format":"standard","meta":{"footnotes":""},"categories":[171],"tags":[146,147,25,24,23,214],"class_list":{"0":"post-153342","1":"post","2":"type-post","3":"status-publish","4":"format-standard","5":"has-post-thumbnail","7":"category-tv","8":"tag-entertainment","9":"tag-entretenimiento","10":"tag-es","11":"tag-espana","12":"tag-spain","13":"tag-tv"},"share_on_mastodon":{"url":"","error":""},"_links":{"self":[{"href":"https:\/\/www.europesays.com\/es\/wp-json\/wp\/v2\/posts\/153342","targetHints":{"allow":["GET"]}}],"collection":[{"href":"https:\/\/www.europesays.com\/es\/wp-json\/wp\/v2\/posts"}],"about":[{"href":"https:\/\/www.europesays.com\/es\/wp-json\/wp\/v2\/types\/post"}],"author":[{"embeddable":true,"href":"https:\/\/www.europesays.com\/es\/wp-json\/wp\/v2\/users\/2"}],"replies":[{"embeddable":true,"href":"https:\/\/www.europesays.com\/es\/wp-json\/wp\/v2\/comments?post=153342"}],"version-history":[{"count":0,"href":"https:\/\/www.europesays.com\/es\/wp-json\/wp\/v2\/posts\/153342\/revisions"}],"wp:featuredmedia":[{"embeddable":true,"href":"https:\/\/www.europesays.com\/es\/wp-json\/wp\/v2\/media\/153343"}],"wp:attachment":[{"href":"https:\/\/www.europesays.com\/es\/wp-json\/wp\/v2\/media?parent=153342"}],"wp:term":[{"taxonomy":"category","embeddable":true,"href":"https:\/\/www.europesays.com\/es\/wp-json\/wp\/v2\/categories?post=153342"},{"taxonomy":"post_tag","embeddable":true,"href":"https:\/\/www.europesays.com\/es\/wp-json\/wp\/v2\/tags?post=153342"}],"curies":[{"name":"wp","href":"https:\/\/api.w.org\/{rel}","templated":true}]}}