{"id":153354,"date":"2025-10-02T19:05:07","date_gmt":"2025-10-02T19:05:07","guid":{"rendered":"https:\/\/www.europesays.com\/es\/153354\/"},"modified":"2025-10-02T19:05:07","modified_gmt":"2025-10-02T19:05:07","slug":"miles-de-personas-claman-contra-el-alto-a-la-flotilla-en-espana","status":"publish","type":"post","link":"https:\/\/www.europesays.com\/es\/153354\/","title":{"rendered":"Miles de personas claman contra el alto a la flotilla en Espa\u00f1a"},"content":{"rendered":"<p><strong>Miles de personas est\u00e1n concentradas<\/strong> este jueves en decenas de <strong>ciudades espa\u00f1olas despu\u00e9s de que el ej\u00e9rcito israel\u00ed haya interceptado en las \u00faltimas horas la Global Sumud Flotilla<\/strong> (GSF), una iniciativa internacional que pretend\u00eda llevar ayuda humanitaria a Gaza.<\/p>\n<p><strong>Desde Madrid a Bilbao, pasando por Sevilla o Le\u00f3n<\/strong>, los manifestantes denuncian el \u00abgenocidio\u00bb de Israel en Gaza, acusan a la Uni\u00f3n Europea de \u00abc\u00f3mplice\u00bb y reclaman la supresi\u00f3n de relaciones con el pa\u00eds hebreo.<\/p>\n<p>En <strong>Madrid<\/strong>, la manifestaci\u00f3n ha empezado frente al Ministerio de Asuntos Exteriores como una concentraci\u00f3n hasta que los manifestantes han partido hacia el Congeso reclamando el <strong>\u00abboicot a Israel\u00bb y el \u00abembargo total de armas\u00bb. \u00abSi tocan a la flotilla nos han tocado a todas\u00bb, ha concluido el manifiesto le\u00eddo en la capital.  <\/strong><\/p>\n<p>Por su parte, en <strong>Valencia <\/strong>ha finalizado la lectura del manifiesto frente a la plaza del Ayuntamiento, en el que <strong>han acusado a Pedro S\u00e1nchez de \u00abc\u00f3mplice\u00bb por no ejecutar el embargo total de armas a Israel<\/strong>. La manifestaci\u00f3n, que ha transcurrido con normalidad, ha clamado por el \u00abgenocidio\u00bb israel\u00ed en Gaza y lo que consideran el \u00abexterminio del pueblo de Gaza\u00bb.<\/p>\n<p>Aproximadamente un <strong>millar de personas se han concentrado este jueves frente al Ayuntamiento de Palma<\/strong> en se\u00f1al de protesta por la detenci\u00f3n de la flotilla, en la que hab\u00eda tres activistas mallorquinas. Los manifestantes han exhibido banderas palestinas y mensajes donde pod\u00eda leerse \u00abstop a los cr\u00edmenes de Israel\u00bb, \u00abruptura total con el sionismo\u00bb o \u00abel genocidio debe detenerse ya, Europa es c\u00f3mplice\u00bb.<\/p>\n<p>Tambi\u00e9n, han gritado consignas como \u00abFlotilla libertad\u00bb, \u00abIsrael asesina, Europa patrocina\u00bb, \u00abno es una guerra, es un genocidio\u00bb, \u00abboicot Israel\u00bb o \u00abel \u00fanico terrorista, el estado sionista\u00bb, a la vez que se lanzaban silbidos y se daban palmadas en se\u00f1al de rechazo a los ataques y actividades del Estado hebreo sobre la Franja de Gaza.<\/p>\n<p>Una <strong>multitudinaria concentraci\u00f3n se ha solidarizado en Logro\u00f1o con el pueblo palestino<\/strong>, pidiendo \u00abel fin del genocidio de Israel a Gaza\u00bb y apoyando a los activistas que viajaban a bordo de la flotilla. <\/p>\n<p>La sonora protesta,<strong> acompa\u00f1ada de pitos y una &#8216;cacerolada&#8217;<\/strong>, se ha desarrollado en la plaza del Mercado de la capital riojana, convocada de forma urgente por &#8216;Acampada La Rioja por Palestina&#8217;. Presidida por varias banderas de Palestinas, ha contado adem\u00e1s con carteles en apoyo al pueblo palestino, y con un gran cartel que dec\u00eda <strong>&#8216;Esta Europa nos averg\u00fcenza&#8217;.<\/strong> <\/p>\n<p>Tensi\u00f3n entre polic\u00eda y manifestantes en Barcelona<\/p>\n<p>\u00ab<strong>Libertad para Palestina. Palestina vencer\u00e1 desde le r\u00edo hasta el mar<\/strong>\u00bb es el lema de la cabecera de la manifestaci\u00f3n, previa de la gran manifestaci\u00f3n que se espera recorra el centro de Barcelona el s\u00e1bado al mediod\u00eda, que ha desbordado la plaza de Drassanes a partir de las seis de esta tarde y en la que se han escuchado gritos de &#8216;Free, free Palestine&#8217; y &#8216;No es una guerra, es un genocidio&#8217;.<\/p>\n<p>Entre los participantes -ataviados con banderas y pa\u00f1uelos palestinos-, se encuentran <strong>representantes pol\u00edticos de ERC, CUP, Comuns y PSC, entre otros<\/strong>. <\/p>\n<p>En la cabecera de la marcha se han vivido <strong>momentos tensos cuando los manifestantes han intentado bajar por una de las v\u00edas hacia la ronda Litoral para cortar el tr\u00e1fico<\/strong>, un movimiento que han parado los Mossos con algunas cargas que han sido contestadas con lanzamiento de objetos y piedras. A los c\u00e1nticos por Palestina se han sumado entonces otros como &#8216;Ser polic\u00eda, verg\u00fcenza me dar\u00eda&#8217; o &#8216;Fuera las fuerzas de ocupaci\u00f3n\u00bb.<\/p>\n<p>Los agentes de polic\u00eda intervienen mientras manifestantes pro palestinos participan en una protesta para condenar las acciones de las fuerzas israel\u00edes\u00a0David Zorrakino \/ Europa Press<\/p>\n<p>Bilbao reclama el \u00abboicot\u00bb a Israel<\/p>\n<p>Otro lugar muy activo contra los ataques israel\u00edes en Gaza es el Pa\u00eds Vasco. En <strong>Bilbao<\/strong>, cientos de personas se manifiestan desde las siete de esta tarde para <strong>exigir que acabe el \u00abgenocidio\u00bb de Israel sobre Gaza y  para denunciar el secuestro \u00abilegal\u00bb de la flotilla<\/strong>. <\/p>\n<p>La marcha ha partido desde la plaza del Sagrado Coraz\u00f3n, para recorrer la Gran V\u00eda y acabar en el  Ayuntamiento de la capital vizca\u00edna. Los manifestantes portan cientos de pa\u00f1uelos y banderas palestinos y corean lemas en favor de la liberaci\u00f3n de Palestina y reclamando el \u00abboicot\u00bb a Israel. <\/p>\n<p>Tambi\u00e9n se han mostrado fotograf\u00edas de v\u00edctimas mortales de la  invasi\u00f3n israel\u00ed, y <strong>han acusado a gritos a Israel de \u00abasesina\u00bb y a la Uni\u00f3n Europea de \u00abc\u00f3mplice\u00bb<\/strong>.<\/p>\n<p>En <strong>Vitoria <\/strong>la marcha ha salido de la plaza de Bilbao, encabezada por una pancarta con el lema \u00abGora Palestina. Israel estatu terroristarekin harreman oro eten\u00bb (Viva Palestina. Romper toda relaci\u00f3n con el Estado terrorista de Israel). <\/p>\n<p>Los <strong>manifestantes han coreado consignas de apoyo al pueblo palestino<\/strong> y en contra de Israel y han mostrado carteles en los que instaban a detener el \u00abgenocidio\u00bb de Gaza. <\/p>\n<p>Tambi\u00e9n en <strong>San Sebasti\u00e1n ha habido miles de manifestantes<\/strong>, tras una pancarta en la que se le\u00eda \u00abErasoen gainetik Global Sumud flotilla aurrera\u00bb (Por encima de las agresiones, adelante la flotilla), <strong>con gritos contra la impunidad de Israel<\/strong>. <\/p>\n<p>Una concentraci\u00f3n corta el tr\u00e1fico en Pamplona<\/p>\n<p>Un grupo de personas que se han concentrado en <strong>solidaridad con la flotilla de apoyo a Gaza <\/strong>han cortado esta tarde el tr\u00e1fico en la plaza de Merindades de Pamplona. <\/p>\n<p>Con <strong>gritos de &#8216;Netanhayu, asesino&#8217; y de &#8216;boicot&#8217; a Israel, los manifestantes han cortado el tr\u00e1fico<\/strong>, en el marco de una  concentraci\u00f3n convocada a las 18.30 horas ante la Delegaci\u00f3n del  Gobierno en Navarra. <\/p>\n<p>En la protesta se han repetido otros <strong>mensajes como &#8216;No es una  guerra, es un genocidio&#8217; <\/strong>y muchos de los manifestantes portan  banderas de Palestina. <\/p>\n<p>Medio millar de personas protesta en Le\u00f3n por la detenci\u00f3n de la flotilla que iba a Gaza <\/p>\n<p>Cerca de medio millar de personas se ha concentrado esta tarde frente al Ayuntamiento de Le\u00f3n para protestar. La movilizaci\u00f3n, convocada por colectivos locales en solidaridad con el pueblo palestino, ha reunido a ciudadanos de distintas edades que han coreado <strong>consignas como \u00abEstado sionista, estado terrorista\u00bb, \u00abNetanyahu asesino\u00bb o \u00abDesde el r\u00edo hasta el mar, Palestina vencer\u00e1\u00bb<\/strong>. Tambi\u00e9n se han escuchado proclamas como \u00abNo es una guerra, es un genocidio\u00bb y <strong>\u00ab\u00bfD\u00f3nde est\u00e1n? No se ven las sanciones a Israel\u00bb<\/strong>.<\/p>\n<p>Los organizadores han denunciado lo que consideran una vulneraci\u00f3n del derecho internacional humanitario y han exigido a la comunidad internacional que act\u00fae con firmeza ante lo que califican como \u00abcr\u00edmenes contra la poblaci\u00f3n civil palestina\u00bb. <\/p>\n","protected":false},"excerpt":{"rendered":"Miles de personas est\u00e1n concentradas este jueves en decenas de ciudades espa\u00f1olas despu\u00e9s de que el ej\u00e9rcito israel\u00ed&hellip;\n","protected":false},"author":2,"featured_media":153355,"comment_status":"","ping_status":"","sticky":false,"template":"","format":"standard","meta":{"footnotes":""},"categories":[8],"tags":[17,18,25,24,13,14,11,19,20,9,10,15,16,23,12,21,22],"class_list":{"0":"post-153354","1":"post","2":"type-post","3":"status-publish","4":"format-standard","5":"has-post-thumbnail","7":"category-espana","8":"tag-breaking-news","9":"tag-breakingnews","10":"tag-es","11":"tag-espana","12":"tag-featured-news","13":"tag-featurednews","14":"tag-headlines","15":"tag-latest-news","16":"tag-latestnews","17":"tag-news","18":"tag-noticias","19":"tag-noticias-destacadas","20":"tag-noticiasdestacadas","21":"tag-spain","22":"tag-titulares","23":"tag-ultimas-noticias","24":"tag-ultimasnoticias"},"share_on_mastodon":{"url":"","error":""},"_links":{"self":[{"href":"https:\/\/www.europesays.com\/es\/wp-json\/wp\/v2\/posts\/153354","targetHints":{"allow":["GET"]}}],"collection":[{"href":"https:\/\/www.europesays.com\/es\/wp-json\/wp\/v2\/posts"}],"about":[{"href":"https:\/\/www.europesays.com\/es\/wp-json\/wp\/v2\/types\/post"}],"author":[{"embeddable":true,"href":"https:\/\/www.europesays.com\/es\/wp-json\/wp\/v2\/users\/2"}],"replies":[{"embeddable":true,"href":"https:\/\/www.europesays.com\/es\/wp-json\/wp\/v2\/comments?post=153354"}],"version-history":[{"count":0,"href":"https:\/\/www.europesays.com\/es\/wp-json\/wp\/v2\/posts\/153354\/revisions"}],"wp:featuredmedia":[{"embeddable":true,"href":"https:\/\/www.europesays.com\/es\/wp-json\/wp\/v2\/media\/153355"}],"wp:attachment":[{"href":"https:\/\/www.europesays.com\/es\/wp-json\/wp\/v2\/media?parent=153354"}],"wp:term":[{"taxonomy":"category","embeddable":true,"href":"https:\/\/www.europesays.com\/es\/wp-json\/wp\/v2\/categories?post=153354"},{"taxonomy":"post_tag","embeddable":true,"href":"https:\/\/www.europesays.com\/es\/wp-json\/wp\/v2\/tags?post=153354"}],"curies":[{"name":"wp","href":"https:\/\/api.w.org\/{rel}","templated":true}]}}