{"id":153356,"date":"2025-10-02T19:06:12","date_gmt":"2025-10-02T19:06:12","guid":{"rendered":"https:\/\/www.europesays.com\/es\/153356\/"},"modified":"2025-10-02T19:06:12","modified_gmt":"2025-10-02T19:06:12","slug":"fiestas-de-patraix-2025-en-valencia","status":"publish","type":"post","link":"https:\/\/www.europesays.com\/es\/153356\/","title":{"rendered":"Fiestas de Patraix 2025 en Val\u00e8ncia"},"content":{"rendered":"<p><strong>Del 4 al 12 de octubre de 2025<\/strong>, el barrio de\u00a0Patraix\u00a0se llenar\u00e1 de m\u00fasica, cultura, historia y mucha solidaridad con la celebraci\u00f3n de la XXXI edici\u00f3n de sus Fiestas Populares, este a\u00f1o bajo el lema: \u00abPatraix,\u202fbarri\u00a0solidari\u00bb.\u202f\u00a0<\/p>\n<p><strong>Esta cita est\u00e1 centrada en apoyar a los municipios afectados por la DANA<\/strong>, especialmente Tur\u00eds,\u00a0l\u2019Alc\u00fadia\u00a0y Chiva, con los que\u00a0Patraix\u00a0mantiene una relaci\u00f3n hist\u00f3rica y que, adem\u00e1s, dan nombre a algunas de sus calles.\u202f\u00a0<\/p>\n<p>Este a\u00f1o tambi\u00e9n se rendir\u00e1 homenaje al\u202f<strong>centenario del dibujante Manuel Gago<\/strong>, creador del Guerrero del Antifaz,\u202f<strong>y al 550 aniversario de las normas actuales del ajedrez<\/strong>, con especial menci\u00f3n a Mos\u00e9n Fenollar \u2014figura clave en ese cambio y tambi\u00e9n con una calle en el barrio\u2014.\u00a0<\/p>\n<p>Adem\u00e1s,\u00a0<strong>del 3 al 5 de octubre se celebra la<\/strong>\u00a0<a class=\"link link--bold\" href=\"https:\/\/www.patraix.org\/es\/ruta-gastronomica-patraix-2025\/\" rel=\"nofollow noopener\" target=\"_blank\">Ruta Gastron\u00f3mica de\u00a0Patraix<\/a>, una propuesta que confirma c\u00f3mo este barrio no deja de sorprender con nuevas ideas culinarias.\u00a0<\/p>\n<p>En esta edici\u00f3n participar\u00e1n doce locales y restaurantes de la zona.\u00a0<\/p>\n<p>Y\u00a0por si fuera poco, el 4 de octubre\u00a0Patraix\u00a0ser\u00e1 el epicentro festivo de toda la\u00a0Comunitat\u00a0Valenciana con la\u00a0<a class=\"link link--bold\" href=\"https:\/\/www.visitvalencia.com\/agenda-valencia\/encuentro-de-gigantes-y-cabezudos-en-valencia\" rel=\"noopener nofollow\" target=\"_blank\">8\u00aa\u00a0Trobada\u00a0de\u00a0Gegants\u00a0i\u00a0Cabuts<\/a>.\u202f<\/p>\n<p>Pero eso no es todo, ah\u00ed va la agenda de planes de fin de semana al completo.\u00a0<\/p>\n<p>Agenda de\u00a0fin de semana de\u00a0las Fiestas de\u00a0Patraix\u00a0<\/p>\n<p>4 de octubre\u00a0<\/p>\n<p><strong>A las\u00a010:00 h<\/strong>\u00a0\u2013\u00a0Recepci\u00f3n\u00a0de collas de toda la\u00a0Comunitat\u00a0en la Plaza de\u00a0Patraix.\u00a0<\/p>\n<p><strong>A las\u00a010:30 h\u00a0<\/strong>\u2013\u00a0<strong>Plant\u00e0\u00a0de las figuras<\/strong>\u00a0\u2014gegants,\u00a0gegantons\u00a0y\u00a0cabuts\u2014.\u00a0<\/p>\n<p><strong>A las\u00a011:00 h\u00a0<\/strong>\u2013\u00a0Inauguraci\u00f3n de la exposici\u00f3n\u00a0\u00abLa historia del mundo\u00a0geganter\u00bb\u00a0y\u00a0Orxatada\u00a0de honor\u00a0en el\u00a0Complejo Deportivo y Cultural\u00a0de\u00a0Patraix.\u00a0<\/p>\n<p>Tambi\u00e9n se inaugurar\u00e1 el mural conmemorativo por el 550 aniversario de las normas del ajedrez y el centenario de D. Manuel Gago.\u00a0<\/p>\n<p><strong>A las\u00a011:30 h<\/strong>\u00a0\u2013\u00a0Cuentacuentos\u00a0\u00abUn mundo raro\u00bb\u00a0\u2014de\u00a05 a 9 a\u00f1os\u2014\u00a0y traslado de las figuras del Complejo Deportivo\u00a0y Cultural de\u00a0Patraix\u00a0a las plazas.\u00a0<\/p>\n<p><strong>A las\u00a011:50 h<\/strong>\u00a0\u2013\u00a0Ruta teatralizada\u00a0\u00abPatraix\u00a0tur\u00edstic\u00a0e\u00a0hist\u00f2ric\u00bb.\u00a0<\/p>\n<p><strong>A las\u00a012:00 h\u00a0<\/strong>\u2013\u00a0Concurso de dibujo de\u00a0cabuts.\u00a0<\/p>\n<p><strong>A las\u00a014:00 h<\/strong>\u00a0\u2013\u00a0<strong>Masclet\u00e0<\/strong>\u00a0en la calle\u00a0Salabert.\u00a0<\/p>\n<p><strong>A las\u00a014:30 h<\/strong>\u00a0\u2013\u00a0Comida de\u00a0germanor\u00a0para las collas.\u00a0<\/p>\n<p><strong>A las\u00a018:00 h<\/strong>\u00a0\u2013\u00a0Pasacalle de\u00a0gegants, danzas y\u00a0muixerangues\u00a0por el barrio.\u00a0<\/p>\n<p>Presentaci\u00f3n de\u00a0la nueva cabuda\u00a0\u00abLa reina Mar\u00eda\u00bb\u00a0y\u00a0homenaje a las collas afectadas por la DANA.\u00a0<\/p>\n<p><strong>A las\u00a023:00 h\u00a0<\/strong>\u2013\u00a0<strong>Correfocs<\/strong>\u00a0a cargo\u00a0dels\u00a0Dimonis\u00a0Enroscats\u00a0de\u00a0l\u2019Alc\u00fadia.\u00a0<\/p>\n<p>5 de octubre\u00a0<\/p>\n<p><strong>A las\u00a010:00 h\u00a0<\/strong>\u2013\u00a0Torreznada popular.\u00a0<\/p>\n<p><strong>A las\u00a010:15 h<\/strong>\u00a0\u2013\u00a0Competici\u00f3n de\u202f\u00abBrawlStars\u00bb\u202fdentro del Circuito Municipal de\u00a0eSports\u00a0en el complejo deportivo\u00a0con premios para los cuatro primeros, sorteo entre\u00a0los\u00a0participantes y zona de juego\u00a0y actividades\u00a0libre.\u00a0<\/p>\n<p><strong>A las\u00a010:30 h<\/strong>\u00a0\u2013<strong>\u00a0Mercadillo de segunda mano<\/strong>\u00a0en la plaza\u202fBuida la cambra.\u00a0<\/p>\n<p><strong>A las\u00a011:00 h<\/strong>\u00a0\u2013\u00a0Gymcana\u00a0a cargo de\u00a0AESCO.\u00a0<\/p>\n<p><strong>A las\u00a012:30 h<\/strong>\u00a0\u2013\u00a0Dansa\u00a0de la\u00a0Tardor\u00a0por La Carraspera.\u00a0<\/p>\n<p><strong>A las\u00a019:00 h<\/strong>\u00a0\u2013\u00a0Actuaciones folcl\u00f3ricas a cargo del grupo\u00a0Sarag\u00fcell.\u00a0<\/p>\n<p>11 de octubre\u00a0<\/p>\n<p><strong>A las\u00a010:30 h\u00a0<\/strong>\u2013\u00a0Apertura de la\u00a0Mostra\u00a0artesanal y\u00a0ONGs.\u00a0<\/p>\n<p><strong>A las\u00a011:00 h<\/strong>\u00a0\u2013\u00a0Castillos hinchables en la plaza.\u00a0<\/p>\n<p><strong>A las\u00a014:00 h\u00a0<\/strong>\u2013\u00a0<strong>Fuegos artificiales<\/strong> con la tradicional Traca Corrida.\u00a0<\/p>\n<p><strong>A las\u00a017:30 h<\/strong>\u00a0\u2013\u00a0Pasacalle de la Diversidad por\u00a0inicio en la calle Coraz\u00f3n de Jes\u00fas.\u00a0<\/p>\n<p><strong>A las\u00a021:00 h<\/strong>\u00a0\u2013\u00a0Cena popular de bocatas en la plaza.\u00a0<\/p>\n<p><strong>A las\u00a022:30 h\u00a0<\/strong>\u2013\u00a0<strong>Verbena<\/strong> con la Orquesta\u00a0Scream.\u00a0<\/p>\n<p>12 de octubre\u00a0\u00a0<\/p>\n<p paraeid=\"{9b0aa5ee-228b-4243-b1df-96cdeba2ee82}{89}\" paraid=\"1632797397\"><strong>A las\u00a008:00 h\u00a0<\/strong>\u2013\u00a0Preparaci\u00f3n de las calderas de\u202farr\u00f2s\u00a0amb\u00a0fesols\u00a0i\u00a0naps.\u00a0<\/p>\n<p paraeid=\"{9b0aa5ee-228b-4243-b1df-96cdeba2ee82}{91}\" paraid=\"1107535098\"><strong>A las\u00a010:30 h<\/strong>\u00a0\u2013\u00a0Apertura de la\u00a0Mostra\u00a0artesanal y\u00a0ONGs.\u00a0<\/p>\n<p paraeid=\"{9b0aa5ee-228b-4243-b1df-96cdeba2ee82}{93}\" paraid=\"1937086121\"><strong>De\u00a012:45\u00a0a\u00a013:30 h<\/strong>\u00a0\u2013\u00a0Visita al campanario y al templo del Sagrado Coraz\u00f3n de Jes\u00fas, contin\u00faa\u00a0de 16:30 a 18:00 h.\u00a0<\/p>\n<p paraeid=\"{9b0aa5ee-228b-4243-b1df-96cdeba2ee82}{95}\" paraid=\"144381429\"><strong>De\u00a013:30\u00a0a\u00a014:00 h<\/strong>\u00a0\u2013\u00a0Toque y volteo manual de campanas.\u00a0<\/p>\n<p paraeid=\"{9b0aa5ee-228b-4243-b1df-96cdeba2ee82}{97}\" paraid=\"1029007330\"><strong>A las\u00a014:00 h<\/strong>\u00a0\u2013\u00a0<strong>Fuegos artificiales<\/strong>\u00a0\u2014bombardeo a\u00e9reo\u2014.\u00a0<\/p>\n<p paraeid=\"{9b0aa5ee-228b-4243-b1df-96cdeba2ee82}{99}\" paraid=\"2010755025\"><strong>A las\u00a014:30 h<\/strong>\u00a0\u2013\u00a0<strong>Reparto del\u202farr\u00f2s\u00a0amb\u00a0fesols\u00a0i\u00a0naps.\u00a0<\/strong><\/p>\n<p paraeid=\"{9b0aa5ee-228b-4243-b1df-96cdeba2ee82}{101}\" paraid=\"1818507255\"><strong>A las\u00a018:30 h<\/strong>\u00a0\u2013\u00a0Entrega de premios de concursos infantiles y actuaci\u00f3n del grupo\u00a0Rebombori.\u00a0<\/p>\n<p paraeid=\"{9b0aa5ee-228b-4243-b1df-96cdeba2ee82}{103}\" paraid=\"908392758\"><strong>A las\u00a020:00 h<\/strong>\u00a0\u2013\u00a0Entrega de trofeos, parlamentos de clausura y actuaci\u00f3n de la Agrupaci\u00f3n Musical de\u00a0Patraix.\u00a0<\/p>\n<p paraeid=\"{9b0aa5ee-228b-4243-b1df-96cdeba2ee82}{105}\" paraid=\"546797278\">Clausura oficial\u202fcon fuegos artificiales.\u00a0<\/p>\n","protected":false},"excerpt":{"rendered":"Del 4 al 12 de octubre de 2025, el barrio de\u00a0Patraix\u00a0se llenar\u00e1 de m\u00fasica, cultura, historia y mucha&hellip;\n","protected":false},"author":2,"featured_media":153357,"comment_status":"","ping_status":"","sticky":false,"template":"","format":"standard","meta":{"footnotes":""},"categories":[5],"tags":[17,18,25,24,13,14,11,19,20,9,10,15,16,23,12,21,22],"class_list":{"0":"post-153356","1":"post","2":"type-post","3":"status-publish","4":"format-standard","5":"has-post-thumbnail","7":"category-titulares","8":"tag-breaking-news","9":"tag-breakingnews","10":"tag-es","11":"tag-espana","12":"tag-featured-news","13":"tag-featurednews","14":"tag-headlines","15":"tag-latest-news","16":"tag-latestnews","17":"tag-news","18":"tag-noticias","19":"tag-noticias-destacadas","20":"tag-noticiasdestacadas","21":"tag-spain","22":"tag-titulares","23":"tag-ultimas-noticias","24":"tag-ultimasnoticias"},"share_on_mastodon":{"url":"","error":""},"_links":{"self":[{"href":"https:\/\/www.europesays.com\/es\/wp-json\/wp\/v2\/posts\/153356","targetHints":{"allow":["GET"]}}],"collection":[{"href":"https:\/\/www.europesays.com\/es\/wp-json\/wp\/v2\/posts"}],"about":[{"href":"https:\/\/www.europesays.com\/es\/wp-json\/wp\/v2\/types\/post"}],"author":[{"embeddable":true,"href":"https:\/\/www.europesays.com\/es\/wp-json\/wp\/v2\/users\/2"}],"replies":[{"embeddable":true,"href":"https:\/\/www.europesays.com\/es\/wp-json\/wp\/v2\/comments?post=153356"}],"version-history":[{"count":0,"href":"https:\/\/www.europesays.com\/es\/wp-json\/wp\/v2\/posts\/153356\/revisions"}],"wp:featuredmedia":[{"embeddable":true,"href":"https:\/\/www.europesays.com\/es\/wp-json\/wp\/v2\/media\/153357"}],"wp:attachment":[{"href":"https:\/\/www.europesays.com\/es\/wp-json\/wp\/v2\/media?parent=153356"}],"wp:term":[{"taxonomy":"category","embeddable":true,"href":"https:\/\/www.europesays.com\/es\/wp-json\/wp\/v2\/categories?post=153356"},{"taxonomy":"post_tag","embeddable":true,"href":"https:\/\/www.europesays.com\/es\/wp-json\/wp\/v2\/tags?post=153356"}],"curies":[{"name":"wp","href":"https:\/\/api.w.org\/{rel}","templated":true}]}}