{"id":153358,"date":"2025-10-02T19:07:09","date_gmt":"2025-10-02T19:07:09","guid":{"rendered":"https:\/\/www.europesays.com\/es\/153358\/"},"modified":"2025-10-02T19:07:09","modified_gmt":"2025-10-02T19:07:09","slug":"el-recoletas-visita-al-bathco-torrelavega-ultimo-equipo-que-le-gano-en-huerta","status":"publish","type":"post","link":"https:\/\/www.europesays.com\/es\/153358\/","title":{"rendered":"El Recoletas visita al Bathco Torrelavega, \u00faltimo equipo que le gan\u00f3 en Huerta"},"content":{"rendered":"<p>El Recoletas Atl\u00e9tico Valladolid visita esta noche al Bathco Torrelavega (21:00 horas), en uno de los partidos m\u00e1s complicados de la temporada a tenor  &#8230; de los resultados entre ambos equipos en las \u00faltimas temporadas.<\/p>\n<p class=\"v-p\">El equipo c\u00e1ntabro fue el \u00fanico conjunto que logr\u00f3 ganar la pasada campa\u00f1a en Huerta del Rey, y puso fin a la imbatibilidad pucelana en su feudo en la \u00faltima jornada, en un momento donde los de Torrelavega se jugaban clasificarse para competici\u00f3n europea, un hito en su historia, que lograron finalmente.<\/p>\n<p><a class=\"v-a-link\" href=\"https:\/\/www.elnortedecastilla.es\/deportes\/balonmano\/fotos-partido-balonmano-atletico-valladolid-guadalajara-20250927220818-ga.html\" data-voc-vtm-id=\"in-text-traffic\" title=\"\" aria-label=\"Imagen\" rel=\"nofollow noopener\" target=\"_blank\"><br \/>\n<img decoding=\"async\" loading=\"lazy\" src=\"https:\/\/www.europesays.com\/es\/wp-content\/uploads\/2025\/10\/1501272547-kTcH--366x256@El Norte.jpg\" class=\"v-a-img\" width=\"258\" height=\"180\" alt=\"\" data-voc-vtm-id=\"in-text-traffic\"\/><\/p>\n<p><\/a><\/p>\n<p class=\"v-p\">Los c\u00e1ntabros encabezan la clasificaci\u00f3n ASOBAL junto al Fraikin Granollers y tienen por detr\u00e1s al Bar\u00e7a con un partido menos. Estos tres son ya los \u00fanicos equipos que cuentan sus actuaciones por victorias. <\/p>\n<p class=\"v-p\">El equipo de David Pisonero se agarra al buen precedente de la pasada campa\u00f1a, cuando arranc\u00f3 un empate a 31 del Vicente Trueba, pabell\u00f3n que adem\u00e1s visit\u00f3 durante la pretemporada para disputar un trofeo de preparaci\u00f3n. El equipo vallisoletano es quinto con cuatro puntos tras dos convincentes triunfos en Huerta del Rey, ambos por diez tantos ante Bada Huesca y BM Guadalajara, y la previsible derrota en el Palau para quitarse de encima al inabordable Bar\u00e7a (35-25 en contra).<\/p>\n<p class=\"v-p\">El t\u00e9cnico pucelano analiz\u00f3 el choque de hoy en tierras c\u00e1ntabras como el comienzo de un \u00abun mes complicado\u00bb, con tres choques fuera y solo un partido en su pabell\u00f3n. \u00abEl a\u00f1o pasado es el \u00fanico equipo que nos logr\u00f3 ganar en casa, tiene jugadores de calidad y un sistema bien afianzado y sin muchas variantes. Cada a\u00f1o se van reforzando bien con lo que ser\u00e1 un partido muy dif\u00edcil y mucho m\u00e1s all\u00ed, aunque el a\u00f1o pasado fuimos capaces de arrancar un empate. Es el primer partido con perspectivas que tenemos ya que el del Bar\u00e7a no estaba en nuestras expectativas\u00bb, valor\u00f3 el entrenador.<\/p>\n<p class=\"v-p\">El preparador pucelano enfatiz\u00f3 la defensa como clave para sacar adelante el reto de puntuar en el Vicente Trueba. \u00abDefensivamente hemos mostrado en casa momentos muy buenos as\u00ed que vamos a intentar sacar el partido desde atr\u00e1s, ante un sistema definido, sin muchas alaracas, pero muy efectivo. Con Moyano y Prokop tienen una primera l\u00ednea que juega directo, con pocas p\u00e9rdidas y les hace uno de los equipos m\u00e1s fiables de la liga. Vamos a ver si somos capaces de afianzar en el centro a Guiherme y Gustavo y en ataque jugamos sin p\u00e9rdidas y estructurados\u00bb, subray\u00f3 Pisonero. <\/p>\n<p class=\"v-p\">El entrenador del Recoletas cree que su equipo ha ganado potencial en unas vertientes y perdido en otras y a\u00f1adi\u00f3 que trabajan para una mayor aportaci\u00f3n del pivote. \u00abEs un puesto fundamental para nosotros. Hay que asentar a Lucas y Gedo en ataque y tambi\u00e9n a Guilherme\u00bb.<\/p>\n<p class=\"v-p\">Analizando nuevamente a Torrelavega, Pisonero destac\u00f3 que su potencial sube a\u00f1o a a\u00f1o. \u00abEs un club que est\u00e1 trabajando bien, con una masa social grande y un equipo construido con jugadores cada vez m\u00e1s fiables. La importancia de Prokop y mantener a Isi (Mart\u00ednez), as\u00ed como traer de nuevo a Colunga les ha dado poso\u00bb.<\/p>\n<p class=\"v-p\">A pesar de ello, el t\u00e9cnico del Recoletas Atl\u00e9tico Valladolid es ambicioso, aunque valor\u00f3 que para llegar al nivel de poder puntuar en muchos partidos lejos de Huerta del Rey necesitar\u00edan \u00abjugadores veteranos y expertos y nosotros somos un equipo diferente a eso, joven y de mucha fogosidad\u00bb, record\u00f3.<\/p>\n","protected":false},"excerpt":{"rendered":"El Recoletas Atl\u00e9tico Valladolid visita esta noche al Bathco Torrelavega (21:00 horas), en uno de los partidos m\u00e1s&hellip;\n","protected":false},"author":2,"featured_media":153359,"comment_status":"","ping_status":"","sticky":false,"template":"","format":"standard","meta":{"footnotes":""},"categories":[278],"tags":[376,16981,168,622,25,24,5557,375,38851,8480,23,167,10956,3667,938],"class_list":{"0":"post-153358","1":"post","2":"type-post","3":"status-publish","4":"format-standard","5":"has-post-thumbnail","7":"category-balonmano","8":"tag-balonmano","9":"tag-bathco","10":"tag-deportes","11":"tag-equipo","12":"tag-es","13":"tag-espana","14":"tag-gano","15":"tag-handball","16":"tag-huerta","17":"tag-recoletas","18":"tag-spain","19":"tag-sports","20":"tag-torrelavega","21":"tag-ultimo","22":"tag-visita"},"share_on_mastodon":{"url":"","error":""},"_links":{"self":[{"href":"https:\/\/www.europesays.com\/es\/wp-json\/wp\/v2\/posts\/153358","targetHints":{"allow":["GET"]}}],"collection":[{"href":"https:\/\/www.europesays.com\/es\/wp-json\/wp\/v2\/posts"}],"about":[{"href":"https:\/\/www.europesays.com\/es\/wp-json\/wp\/v2\/types\/post"}],"author":[{"embeddable":true,"href":"https:\/\/www.europesays.com\/es\/wp-json\/wp\/v2\/users\/2"}],"replies":[{"embeddable":true,"href":"https:\/\/www.europesays.com\/es\/wp-json\/wp\/v2\/comments?post=153358"}],"version-history":[{"count":0,"href":"https:\/\/www.europesays.com\/es\/wp-json\/wp\/v2\/posts\/153358\/revisions"}],"wp:featuredmedia":[{"embeddable":true,"href":"https:\/\/www.europesays.com\/es\/wp-json\/wp\/v2\/media\/153359"}],"wp:attachment":[{"href":"https:\/\/www.europesays.com\/es\/wp-json\/wp\/v2\/media?parent=153358"}],"wp:term":[{"taxonomy":"category","embeddable":true,"href":"https:\/\/www.europesays.com\/es\/wp-json\/wp\/v2\/categories?post=153358"},{"taxonomy":"post_tag","embeddable":true,"href":"https:\/\/www.europesays.com\/es\/wp-json\/wp\/v2\/tags?post=153358"}],"curies":[{"name":"wp","href":"https:\/\/api.w.org\/{rel}","templated":true}]}}