{"id":153366,"date":"2025-10-02T19:14:11","date_gmt":"2025-10-02T19:14:11","guid":{"rendered":"https:\/\/www.europesays.com\/es\/153366\/"},"modified":"2025-10-02T19:14:11","modified_gmt":"2025-10-02T19:14:11","slug":"cambio-radical-para-anthony-davis-en-la-nba-para-siempre","status":"publish","type":"post","link":"https:\/\/www.europesays.com\/es\/153366\/","title":{"rendered":"Cambio radical para Anthony Davis en la NBA: \u00abPara siempre\u00bb"},"content":{"rendered":"<p class=\"ft-text\">Tras la marcha de <a class=\"ft-link ft-link--decoration\" href=\"https:\/\/www.sport.es\/es\/noticias\/baloncesto\/nba\/doncic-pesa-seis-kilos-ano-122167938\" rel=\"nofollow noopener\" target=\"_blank\">Luka Doncic<\/a>, los Dallas Mavericks contar\u00e1n con su nueva estrella para esta temporada: <strong>Anthony Davis<\/strong>. El p\u00edvot estuvo presente en el Media Day de la franquicia y confirm\u00f3 una noticia que nadie esperaba y lo va a perseguir hasta el final de su carrera: <strong>necesitar\u00e1 usar gafas protectoras durante todo lo que le queda de carrera profesional.<\/strong><\/p>\n<p class=\"ft-text\">El p\u00edvot desvel\u00f3 este lunes que <strong>se someti\u00f3 a una cirug\u00eda durante la pretemporada para solucionar un desprendimiento de retina en su ojo derecho<\/strong>. Aunque Davis se ha recuperado por completo de este problema, deber\u00e1 usar gafas especiales en pista durante todo momento, por orden m\u00e9dica. \u00ab<strong>Me ver\u00e9is con las Horace Grants<\/strong>\u00ab, brome\u00f3 el jugador, refiri\u00e9ndose al m\u00edtico jugador.<\/p>\n<p><img decoding=\"async\" src=\"https:\/\/www.europesays.com\/es\/wp-content\/uploads\/2025\/10\/8a144f70-8d68-4740-bfd8-8d9e417556ce_alta-libre-aspect-ratio_default_0.jpg\" width=\"1200\" height=\"800\" alt=\"Dallas Mavericks forward Anthony Davis handles the ball during the first half of an NBA basketball game against the Houston Rockets Saturday, Feb. 8, 2025, in Dallas. (AP Photo\/LM Otero)\" class=\"ft-helper-img-rd\" loading=\"lazy\" hasdataaida=\"true\"\/><\/p>\n<p class=\"ft-helper-fontColor-quaternary ft-helper-fontSize-body-S ft-helper-spacer-t-xxs\">Anthony Davis, con los Dallas Mavericks  \/ LM Otero<\/p>\n<p class=\"ft-text\">\u00ab<strong>No ser\u00e1 as\u00ed, pero seguro que llevar\u00e9 gafas protectoras<\/strong>\u00ab, asegur\u00f3 Davis, que sufri\u00f3 muchos golpes en la zona ocular durante la pasada temporada. El propio jugador cree que la lesi\u00f3n ocurri\u00f3 <strong>cuando su compa\u00f1ero Daniel Gafford le dio un codazo accidental <\/strong>en la cara durante un partido del 2 de abril contra los Atlanta Hawks. No se dio cuenta hasta este verano de que no era una simple herida.<\/p>\n<p class=\"ft-text\">\u00abCreo que cuando Gaff me dio un codazo, me caus\u00f3 algunos problemas en el ojo\u00bb, dijo Davis. \u00ab<strong>Luego, en verano, siempre me hago una revisi\u00f3n de rutina. Me di cuenta de que ten\u00eda que operarme<\/strong>\u00ab, dijo. Davis ha pasado gran parte del verano recuper\u00e1ndose de la cirug\u00eda ocular. <strong>Empez\u00f3 a jugar partidos de 5 contra 5 en las instalaciones de los Mavs a finales de septiembre<\/strong>, pero ahora ya afronta el campamento de entrenamiento con la franquicia.<\/p>\n<p><img decoding=\"async\" src=\"https:\/\/www.europesays.com\/es\/wp-content\/uploads\/2025\/10\/65382198-393f-448f-8cf4-7ebb060102e0_alta-libre-aspect-ratio_default_0.jpg\" width=\"1200\" height=\"675\" alt=\"Anthony Davis, con las gafas en pista\" class=\"ft-helper-img-rd\" loading=\"lazy\" hasdataaida=\"true\"\/><\/p>\n<p class=\"ft-helper-fontColor-quaternary ft-helper-fontSize-body-S ft-helper-spacer-t-xxs\">Anthony Davis, con las gafas en pista  \/ X<\/p>\n<p class=\"ft-text\">\u00abCreo que tenemos un buen equipo. <strong>Lo m\u00e1s importante de nuestro equipo es nuestra salud. Mantenernos sanos. Aparte de eso, creo que vamos a estar bien. <\/strong>Estoy feliz y emocionado de estar aqu\u00ed. Quiero ganar aqu\u00ed\u00bb, asegur\u00f3. Tambi\u00e9n dijo que el objetivo de los Mavs esta temporada es \u00abganar el campeonato\u00bb, aunque no ser\u00e1 ni mucho menos tarea f\u00e1cil.<\/p>\n<p class=\"ft-text\">El ojo derecho de Davis estaba visiblemente enrojecido durante el Media Day del lunes. El p\u00edvot dijo que las gotas oft\u00e1lmicas que le recomendaron los m\u00e9dicos contribuyeron al enrojecimiento. \u00ab<strong>El ojo se siente genial. Tengo que ponerme unas gotas, pero he recuperado la visi\u00f3n. Estoy listo para la acci\u00f3n<\/strong>\u00ab, confirm\u00f3 el jugador.<\/p>\n","protected":false},"excerpt":{"rendered":"Tras la marcha de Luka Doncic, los Dallas Mavericks contar\u00e1n con su nueva estrella para esta temporada: Anthony&hellip;\n","protected":false},"author":2,"featured_media":153367,"comment_status":"","ping_status":"","sticky":false,"template":"","format":"standard","meta":{"footnotes":""},"categories":[269],"tags":[46240,299,298,168,25,24,46241,1725,23,167],"class_list":{"0":"post-153366","1":"post","2":"type-post","3":"status-publish","4":"format-standard","5":"has-post-thumbnail","7":"category-baloncesto","8":"tag-anthony-davis","9":"tag-baloncesto","10":"tag-basketball","11":"tag-deportes","12":"tag-es","13":"tag-espana","14":"tag-mavericks","15":"tag-nba","16":"tag-spain","17":"tag-sports"},"share_on_mastodon":{"url":"","error":""},"_links":{"self":[{"href":"https:\/\/www.europesays.com\/es\/wp-json\/wp\/v2\/posts\/153366","targetHints":{"allow":["GET"]}}],"collection":[{"href":"https:\/\/www.europesays.com\/es\/wp-json\/wp\/v2\/posts"}],"about":[{"href":"https:\/\/www.europesays.com\/es\/wp-json\/wp\/v2\/types\/post"}],"author":[{"embeddable":true,"href":"https:\/\/www.europesays.com\/es\/wp-json\/wp\/v2\/users\/2"}],"replies":[{"embeddable":true,"href":"https:\/\/www.europesays.com\/es\/wp-json\/wp\/v2\/comments?post=153366"}],"version-history":[{"count":0,"href":"https:\/\/www.europesays.com\/es\/wp-json\/wp\/v2\/posts\/153366\/revisions"}],"wp:featuredmedia":[{"embeddable":true,"href":"https:\/\/www.europesays.com\/es\/wp-json\/wp\/v2\/media\/153367"}],"wp:attachment":[{"href":"https:\/\/www.europesays.com\/es\/wp-json\/wp\/v2\/media?parent=153366"}],"wp:term":[{"taxonomy":"category","embeddable":true,"href":"https:\/\/www.europesays.com\/es\/wp-json\/wp\/v2\/categories?post=153366"},{"taxonomy":"post_tag","embeddable":true,"href":"https:\/\/www.europesays.com\/es\/wp-json\/wp\/v2\/tags?post=153366"}],"curies":[{"name":"wp","href":"https:\/\/api.w.org\/{rel}","templated":true}]}}