{"id":153368,"date":"2025-10-02T19:15:12","date_gmt":"2025-10-02T19:15:12","guid":{"rendered":"https:\/\/www.europesays.com\/es\/153368\/"},"modified":"2025-10-02T19:15:12","modified_gmt":"2025-10-02T19:15:12","slug":"la-inquiokupa-y-exmujer-de-un-jugador-del-real-madrid-revela-por-que-no-paga-a-sus-caseros-me-la-pela","status":"publish","type":"post","link":"https:\/\/www.europesays.com\/es\/153368\/","title":{"rendered":"La inquiokupa y exmujer de un jugador del Real Madrid revela por qu\u00e9 no paga a sus caseros: \u00abMe la pela\u00bb"},"content":{"rendered":"<p class=\"ft-text\"><strong>&#8216;El programa de Ana Rosa&#8217; dio una noticia que est\u00e1 en el punto de mira de varios programas <\/strong>nacionales: una exmujer de un jugador del Real Madrid se ha convertido en inquiokupa y debe m\u00e1s de 32.000 euros a los propietarios de la vivienda. Ha pasado de vivir una vida llena de lujos a no pagar el alquiler.<\/p>\n<p class=\"ft-text\">El formato de Telecinco revel\u00f3 la noticia a partir del testimonio de los propietarios de la vivienda. La pareja, Jos\u00e9 y su mujer, le alquil\u00f3 su casa en Torrelodones, Madrid:\u00a0<strong>un piso de 90 m\u00b2 ubicado en una urbanizaci\u00f3n con piscina, garaje y trastero<\/strong>. El alquiler era de 1.050 euros al mes, pero pronto dej\u00f3 de pagarlo.<\/p>\n<p class=\"ft-text\">Los propietarios decidieron contar lo que estaba pasando, ya que necesitan el dinero a toda costa: \u00ab<strong>Mi mujer est\u00e1 de baja porque tiene c\u00e1ncer, cobrando una miseria por ser aut\u00f3noma y nos hace much\u00edsima falta el dinero<\/strong>\u00ab.<\/p>\n<p class=\"ft-text\">El motivo que les da para no pagarles es que \u00ab<strong>nos dice que no nos paga porque est\u00e1 mal el piso y que se va a ir, pero as\u00ed lleva a\u00f1os y ni se va ni nos paga<\/strong>\u00ab.<\/p>\n<p>La inquiokupa estalla contra los propietarios<\/p>\n<p class=\"ft-text\">Despu\u00e9s de todo el revuelo medi\u00e1tico que se ha generado, <strong>el programa de Telecinco ha decidido contactar con la inquiokupa para conocer su versi\u00f3n de los hechos<\/strong>. Al principio, la mujer quiso mantenerse al margen, pero despu\u00e9s de varias cuestiones de la reportera decidi\u00f3 hablar.<\/p>\n<p class=\"ft-text\">Primero de todo, aclar\u00f3 que \u00ab<strong>a m\u00ed\u00a0me importa un carajo esa familia, es todo mentira<\/strong>\u00ab. Asimismo, reconoci\u00f3 que \u00abyo alquil\u00e9 esta casa y\u00a0estos se\u00f1ores no se han ocupado de tener la casa en condiciones para nada, mi casa es una mierda\u00bb.<\/p>\n<p class=\"ft-text\">\u00abOs puedo decir que cuando vas al ba\u00f1o a hacer pis, <strong>ellos me dicen que meta la fregona en el v\u00e1ter para que el agua corra<\/strong>. Ellos son un desastre y os puedo contar tantas cosas de ellos pero no voy a contar nada\u00bb, expuso.<\/p>\n<p class=\"ft-text\">Tiene claro que no se ir\u00e1 del piso: \u00abNo me importa cuantos a\u00f1os les debo porque me voy a marchar del piso,\u00a0hasta ahora no me he podido marchar del piso, ahora s\u00ed me voy a ir\u00bb. Tras ser cuestionada por si sabe que la due\u00f1a del piso tiene c\u00e1ncer,<strong> la exmujer de un jugador del Real Madrid admiti\u00f3 que lo sabe, pero asegura que \u00abme la pela\u00bb<\/strong>.<\/p>\n","protected":false},"excerpt":{"rendered":"&#8216;El programa de Ana Rosa&#8217; dio una noticia que est\u00e1 en el punto de mira de varios programas&hellip;\n","protected":false},"author":2,"featured_media":153369,"comment_status":"","ping_status":"","sticky":false,"template":"","format":"standard","meta":{"footnotes":""},"categories":[268],"tags":[168,25,24,25740,280,2313,282,45954,378,205,798,281,23,167],"class_list":{"0":"post-153368","1":"post","2":"type-post","3":"status-publish","4":"format-standard","5":"has-post-thumbnail","7":"category-futbol","8":"tag-deportes","9":"tag-es","10":"tag-espana","11":"tag-exmujer","12":"tag-football","13":"tag-fuera-de-juego","14":"tag-futbol","15":"tag-inquiokupa","16":"tag-jugador","17":"tag-madrid","18":"tag-real","19":"tag-soccer","20":"tag-spain","21":"tag-sports"},"share_on_mastodon":{"url":"","error":""},"_links":{"self":[{"href":"https:\/\/www.europesays.com\/es\/wp-json\/wp\/v2\/posts\/153368","targetHints":{"allow":["GET"]}}],"collection":[{"href":"https:\/\/www.europesays.com\/es\/wp-json\/wp\/v2\/posts"}],"about":[{"href":"https:\/\/www.europesays.com\/es\/wp-json\/wp\/v2\/types\/post"}],"author":[{"embeddable":true,"href":"https:\/\/www.europesays.com\/es\/wp-json\/wp\/v2\/users\/2"}],"replies":[{"embeddable":true,"href":"https:\/\/www.europesays.com\/es\/wp-json\/wp\/v2\/comments?post=153368"}],"version-history":[{"count":0,"href":"https:\/\/www.europesays.com\/es\/wp-json\/wp\/v2\/posts\/153368\/revisions"}],"wp:featuredmedia":[{"embeddable":true,"href":"https:\/\/www.europesays.com\/es\/wp-json\/wp\/v2\/media\/153369"}],"wp:attachment":[{"href":"https:\/\/www.europesays.com\/es\/wp-json\/wp\/v2\/media?parent=153368"}],"wp:term":[{"taxonomy":"category","embeddable":true,"href":"https:\/\/www.europesays.com\/es\/wp-json\/wp\/v2\/categories?post=153368"},{"taxonomy":"post_tag","embeddable":true,"href":"https:\/\/www.europesays.com\/es\/wp-json\/wp\/v2\/tags?post=153368"}],"curies":[{"name":"wp","href":"https:\/\/api.w.org\/{rel}","templated":true}]}}