{"id":153372,"date":"2025-10-02T19:18:09","date_gmt":"2025-10-02T19:18:09","guid":{"rendered":"https:\/\/www.europesays.com\/es\/153372\/"},"modified":"2025-10-02T19:18:09","modified_gmt":"2025-10-02T19:18:09","slug":"ya-se-puede-consultar-la-programacion-completa-de-la-xv-feria-del-libro-de-salta","status":"publish","type":"post","link":"https:\/\/www.europesays.com\/es\/153372\/","title":{"rendered":"Ya se puede consultar la programaci\u00f3n completa de la XV Feria del Libro de Salta"},"content":{"rendered":"<p>Del 8 al 12 de octubre, la Usina Cultural ser\u00e1 sede de m\u00e1s de 200 actividades gratuitas con escritores, artistas y editoriales locales, nacionales e internacionales.<\/p>\n<p data-start=\"323\" data-end=\"625\">La <a href=\"https:\/\/drive.google.com\/file\/d\/1uie5p0kmo8oXjsgWC5be3h5-1ObQ17pY\/view?usp=sharing\" rel=\"nofollow noopener\" target=\"_blank\"><strong data-start=\"326\" data-end=\"357\">XV Feria del Libro de Salta<\/strong><\/a> abrir\u00e1 sus puertas del <strong data-start=\"381\" data-end=\"403\">8 al 12 de octubre<\/strong> en la Usina Cultural con una edici\u00f3n hist\u00f3rica: m\u00e1s de <strong data-start=\"459\" data-end=\"489\">200 actividades culturales<\/strong>, la presencia de invitados nacionales, homenajes a referentes locales y la participaci\u00f3n de editoriales regionales e internacionales.<\/p>\n<p data-start=\"627\" data-end=\"1114\">Organizada por la <strong data-start=\"645\" data-end=\"695\">Secretar\u00eda de Cultura de la Provincia de Salta<\/strong>, la feria celebra sus 15 a\u00f1os consolid\u00e1ndose como uno de los eventos editoriales m\u00e1s importantes del norte argentino. Durante cinco jornadas ofrecer\u00e1 presentaciones de libros, charlas, talleres, espect\u00e1culos de m\u00fasica, danza, teatro, cine, juegos y propuestas para ni\u00f1os. Tambi\u00e9n habr\u00e1 <strong data-start=\"982\" data-end=\"1010\">40 stands de editoriales<\/strong>, adem\u00e1s de espacios gastron\u00f3micos y cafeter\u00edas, con acceso <strong data-start=\"1070\" data-end=\"1090\">libre y gratuito<\/strong> para todo el p\u00fablico.<\/p>\n<p data-start=\"1116\" data-end=\"1518\">Entre las figuras nacionales confirmadas se encuentran <strong data-start=\"1171\" data-end=\"1195\">Dar\u00edo Sztajnszrajber<\/strong>, con la charla Pensar al otro; <strong data-start=\"1229\" data-end=\"1252\">Alejandro Bercovich<\/strong>, presentando su libro El pa\u00eds que quieren los due\u00f1os; y <strong data-start=\"1311\" data-end=\"1323\">Noe Dans<\/strong>, creadora de Sommelier de Libros. A su vez, <strong data-start=\"1370\" data-end=\"1386\">Haidu Kowski<\/strong> ofrecer\u00e1 un taller epistolar de cartas de amor, presentar\u00e1 su novela Ya no hay afuera y coordinar\u00e1 la propuesta Chori-poes\u00eda.<\/p>\n<p data-start=\"1520\" data-end=\"1892\">La feria tambi\u00e9n ser\u00e1 espacio de homenaje a la editorial <strong data-start=\"1577\" data-end=\"1591\">Tumparenda<\/strong>, precursora en la publicaci\u00f3n de autores salte\u00f1os en los a\u00f1os 80. En la apertura, se presentar\u00e1 el grupo de jazz <strong data-start=\"1705\" data-end=\"1715\">Niebla<\/strong> junto a Juventudes Artistas Salte\u00f1as. Por su parte, el hiphopero <strong data-start=\"1781\" data-end=\"1790\">Alkoy<\/strong> llevar\u00e1 adelante la propuesta Hip Hop literal y una charla sobre el rap como motor de innovaci\u00f3n.<\/p>\n<p data-start=\"1894\" data-end=\"2150\">El cierre estar\u00e1 a cargo de la <strong data-start=\"1925\" data-end=\"1950\">\u201cSerenata a Castilla\u201d<\/strong>, un emotivo tributo al poeta Manuel J. Castilla con la voz de <strong data-start=\"2013\" data-end=\"2032\">Mariana Carrizo<\/strong>, la participaci\u00f3n de <strong data-start=\"2054\" data-end=\"2069\">Sara Maman\u00ed<\/strong> y otros artistas, bajo arreglos de Miguel Rivaynera, en la Casa de la Cultura.<\/p>\n<p data-start=\"2152\" data-end=\"2335\">La diversidad cultural se expresar\u00e1 tambi\u00e9n en la presencia de comunidades originarias y colectivos art\u00edsticos j\u00f3venes, reforzando el car\u00e1cter <strong data-start=\"2295\" data-end=\"2318\">federal e inclusivo<\/strong> del encuentro.<\/p>\n<p data-start=\"2337\" data-end=\"2464\">Ahora, el p\u00fablico ya puede acceder y consultar el detalle de la <strong data-start=\"2401\" data-end=\"2426\">programaci\u00f3n completa<\/strong>, disponible en el siguiente enlace:<\/p>\n<p style=\"text-align: center;\" data-start=\"2337\" data-end=\"2464\"><a href=\"https:\/\/drive.google.com\/file\/d\/1uie5p0kmo8oXjsgWC5be3h5-1ObQ17pY\/view?usp=sharing\" rel=\"nofollow noopener\" target=\"_blank\">XV FERIA DEL LIBRO DE SALTA<\/a><\/p>\n","protected":false},"excerpt":{"rendered":"Del 8 al 12 de octubre, la Usina Cultural ser\u00e1 sede de m\u00e1s de 200 actividades gratuitas con&hellip;\n","protected":false},"author":2,"featured_media":153373,"comment_status":"","ping_status":"","sticky":false,"template":"","format":"standard","meta":{"footnotes":""},"categories":[172],"tags":[224,146,147,25,24,225,23],"class_list":{"0":"post-153372","1":"post","2":"type-post","3":"status-publish","4":"format-standard","5":"has-post-thumbnail","7":"category-libros","8":"tag-books","9":"tag-entertainment","10":"tag-entretenimiento","11":"tag-es","12":"tag-espana","13":"tag-libros","14":"tag-spain"},"share_on_mastodon":{"url":"","error":""},"_links":{"self":[{"href":"https:\/\/www.europesays.com\/es\/wp-json\/wp\/v2\/posts\/153372","targetHints":{"allow":["GET"]}}],"collection":[{"href":"https:\/\/www.europesays.com\/es\/wp-json\/wp\/v2\/posts"}],"about":[{"href":"https:\/\/www.europesays.com\/es\/wp-json\/wp\/v2\/types\/post"}],"author":[{"embeddable":true,"href":"https:\/\/www.europesays.com\/es\/wp-json\/wp\/v2\/users\/2"}],"replies":[{"embeddable":true,"href":"https:\/\/www.europesays.com\/es\/wp-json\/wp\/v2\/comments?post=153372"}],"version-history":[{"count":0,"href":"https:\/\/www.europesays.com\/es\/wp-json\/wp\/v2\/posts\/153372\/revisions"}],"wp:featuredmedia":[{"embeddable":true,"href":"https:\/\/www.europesays.com\/es\/wp-json\/wp\/v2\/media\/153373"}],"wp:attachment":[{"href":"https:\/\/www.europesays.com\/es\/wp-json\/wp\/v2\/media?parent=153372"}],"wp:term":[{"taxonomy":"category","embeddable":true,"href":"https:\/\/www.europesays.com\/es\/wp-json\/wp\/v2\/categories?post=153372"},{"taxonomy":"post_tag","embeddable":true,"href":"https:\/\/www.europesays.com\/es\/wp-json\/wp\/v2\/tags?post=153372"}],"curies":[{"name":"wp","href":"https:\/\/api.w.org\/{rel}","templated":true}]}}