{"id":153374,"date":"2025-10-02T19:19:07","date_gmt":"2025-10-02T19:19:07","guid":{"rendered":"https:\/\/www.europesays.com\/es\/153374\/"},"modified":"2025-10-02T19:19:07","modified_gmt":"2025-10-02T19:19:07","slug":"dinamarca-se-pronuncia-oficialmente-sobre-la-participacion-de-israel-en-eurovision-la-participacion-esta-condicionada","status":"publish","type":"post","link":"https:\/\/www.europesays.com\/es\/153374\/","title":{"rendered":"Dinamarca se pronuncia oficialmente sobre la participaci\u00f3n de Israel en Eurovisi\u00f3n: \u00abLa participaci\u00f3n est\u00e1 condicionada\u00bb"},"content":{"rendered":"<p class=\"c-paragraph\">Tras los anuncios de las cadenas p\u00fablicas de televisi\u00f3n como<b>\u00a0Eslovenia, Islandia, Irlanda y Pa\u00edses Bajos\u00a0y Espa\u00f1a <\/b>de que condicionar\u00edan su participaci\u00f3n en <a href=\"https:\/\/www.20minutos.es\/tags\/temas\/eurovision.html\" title=\"Eurovisi\u00f3n\" rel=\"nofollow noopener\" target=\"_blank\">Eurovisi\u00f3n<\/a> a que lo haga Israel, de forma que si este pa\u00eds lo hace, el resto se retirar\u00eda, otras cadenas de otros pa\u00edses se han ido pronunciando al respecto.\u00a0<\/p>\n<p class=\"c-paragraph\">La UER anunci\u00f3 una <b>votaci\u00f3n sobre la participaci\u00f3n de Israel <\/b>que adelant\u00f3 a noviembre (suele ser un mes despu\u00e9s) y eso ha llevado a que la televisi\u00f3n p\u00fablica de Dinamarca, DR, se haya pronunciado al respecto.\u00a0<\/p>\n<p class=\"c-paragraph\">Lo ha hecho desmarc\u00e1ndose de los reacios y mostrando su apoyo a participar en Eurovisi\u00f3n 2026 aunque est\u00e9 Israel. \u00ab<b>Reafirmamos el apoyo a la creaci\u00f3n musical, a los artistas y a este evento \u00fanico<\/b>\u00ab, dec\u00eda DR en un comunicado.<\/p>\n<p class=\"c-paragraph\">\u00abDR apoya a Eurovisi\u00f3n como un evento cultural que ha unido a las naciones a trav\u00e9s de la m\u00fasica desde 1956\u00bb, dice la cadena danesa, que sin embargo, muestra reservas. \u00ab<b>Nuestra participaci\u00f3n est\u00e1 condicionada<\/b> a que siga existiendo una fuerte comunidad internacional, que la seguridad est\u00e9 garantizada y que <b>el concurso se mantenga dentro de un marco lo m\u00e1s apol\u00edtico posible<\/b>\u00ab.\u00a0<\/p>\n<p class=\"c-paragraph\">El redactor jefe de DR Culture, Debate and Music,\u00a0Gustav L\u00fctzhoft, a\u00f1ad\u00eda que \u00aben la medida de lo posible\u00bb, Eurovisi\u00f3n debe ser \u00abun evento apol\u00edtico, <b>libre de interferencias pol\u00edticas<\/b>\u00bb y advert\u00eda de que \u00absi algo cambia de forma significativa en alguno de estos tres aspectos, est\u00e1 claro que <b>tendremos que reconsiderar nuestra participaci\u00f3n<\/b>. Pero, por ahora, es importante dejar claro que<b> nuestra intenci\u00f3n es seguir participando\u00bb<\/b>.<\/p>\n<p class=\"c-paragraph\">La emisora por el momento sigue con su proceso de selecci\u00f3n de representante para Eurovisi\u00f3n, lo que hace al modo del Benidorm Fest, con el Dansk Melodi Grand Prix 2026, que se celebrar\u00e1 en febrero de 2026.\u00a0<\/p>\n","protected":false},"excerpt":{"rendered":"Tras los anuncios de las cadenas p\u00fablicas de televisi\u00f3n como\u00a0Eslovenia, Islandia, Irlanda y Pa\u00edses Bajos\u00a0y Espa\u00f1a de que&hellip;\n","protected":false},"author":2,"featured_media":153375,"comment_status":"","ping_status":"","sticky":false,"template":"","format":"standard","meta":{"footnotes":""},"categories":[171],"tags":[2496,146,147,25,24,24430,10596,7745,57,23,214],"class_list":{"0":"post-153374","1":"post","2":"type-post","3":"status-publish","4":"format-standard","5":"has-post-thumbnail","7":"category-tv","8":"tag-dinamarca","9":"tag-entertainment","10":"tag-entretenimiento","11":"tag-es","12":"tag-espana","13":"tag-oficialmente","14":"tag-pronuncia","15":"tag-se","16":"tag-sobre","17":"tag-spain","18":"tag-tv"},"share_on_mastodon":{"url":"","error":""},"_links":{"self":[{"href":"https:\/\/www.europesays.com\/es\/wp-json\/wp\/v2\/posts\/153374","targetHints":{"allow":["GET"]}}],"collection":[{"href":"https:\/\/www.europesays.com\/es\/wp-json\/wp\/v2\/posts"}],"about":[{"href":"https:\/\/www.europesays.com\/es\/wp-json\/wp\/v2\/types\/post"}],"author":[{"embeddable":true,"href":"https:\/\/www.europesays.com\/es\/wp-json\/wp\/v2\/users\/2"}],"replies":[{"embeddable":true,"href":"https:\/\/www.europesays.com\/es\/wp-json\/wp\/v2\/comments?post=153374"}],"version-history":[{"count":0,"href":"https:\/\/www.europesays.com\/es\/wp-json\/wp\/v2\/posts\/153374\/revisions"}],"wp:featuredmedia":[{"embeddable":true,"href":"https:\/\/www.europesays.com\/es\/wp-json\/wp\/v2\/media\/153375"}],"wp:attachment":[{"href":"https:\/\/www.europesays.com\/es\/wp-json\/wp\/v2\/media?parent=153374"}],"wp:term":[{"taxonomy":"category","embeddable":true,"href":"https:\/\/www.europesays.com\/es\/wp-json\/wp\/v2\/categories?post=153374"},{"taxonomy":"post_tag","embeddable":true,"href":"https:\/\/www.europesays.com\/es\/wp-json\/wp\/v2\/tags?post=153374"}],"curies":[{"name":"wp","href":"https:\/\/api.w.org\/{rel}","templated":true}]}}