{"id":153378,"date":"2025-10-02T19:22:08","date_gmt":"2025-10-02T19:22:08","guid":{"rendered":"https:\/\/www.europesays.com\/es\/153378\/"},"modified":"2025-10-02T19:22:08","modified_gmt":"2025-10-02T19:22:08","slug":"encuentro-con-las-familias-del-futbol-base-real-sporting","status":"publish","type":"post","link":"https:\/\/www.europesays.com\/es\/153378\/","title":{"rendered":"Encuentro con las familias del F\u00fatbol Base | Real Sporting"},"content":{"rendered":"<p>Los dirigentes del Real Sporting mantuvieron un encuentro este martes en El Molin\u00f3n con m\u00e1s de 300 familiares de nuestros jugadores del F\u00fatbol Base. El acto, celebrado en la Tribuna Oeste, cont\u00f3 con una gran participaci\u00f3n.<\/p>\n<p>El Club quiso trasladar, en este inicio de temporada, sus planteamientos y novedades sobre el F\u00fatbol Base. Adem\u00e1s, los asistentes pudieron participar y hacer llegar directamente sus dudas, preguntas o cr\u00edticas. Todo ello enmarcado en un objetivo com\u00fan de construir juntos.<\/p>\n<p>David Guerra, Israel Villase\u00f1or, Felipe Vega-Arango y Emilio Guti\u00e9rrez explicaron los pasos dados en los \u00faltimos meses e invitaron a las familias a que hagan llegar al Club todo aquello que ayude al crecimiento y formaci\u00f3n de los futbolistas del F\u00fatbol Base.\u00a0<\/p>\n<p>El Club agradece la masiva asistencia y la participaci\u00f3n en una jornada especial celebrada en El Molin\u00f3n, y se compromete a mantener una relaci\u00f3n de colaboraci\u00f3n fluida con los jugadores y sus familias.<\/p>\n","protected":false},"excerpt":{"rendered":"Los dirigentes del Real Sporting mantuvieron un encuentro este martes en El Molin\u00f3n con m\u00e1s de 300 familiares&hellip;\n","protected":false},"author":2,"featured_media":153379,"comment_status":"","ping_status":"","sticky":false,"template":"","format":"standard","meta":{"footnotes":""},"categories":[93],"tags":[168,25,24,23,167],"class_list":{"0":"post-153378","1":"post","2":"type-post","3":"status-publish","4":"format-standard","5":"has-post-thumbnail","7":"category-deportes","8":"tag-deportes","9":"tag-es","10":"tag-espana","11":"tag-spain","12":"tag-sports"},"share_on_mastodon":{"url":"","error":""},"_links":{"self":[{"href":"https:\/\/www.europesays.com\/es\/wp-json\/wp\/v2\/posts\/153378","targetHints":{"allow":["GET"]}}],"collection":[{"href":"https:\/\/www.europesays.com\/es\/wp-json\/wp\/v2\/posts"}],"about":[{"href":"https:\/\/www.europesays.com\/es\/wp-json\/wp\/v2\/types\/post"}],"author":[{"embeddable":true,"href":"https:\/\/www.europesays.com\/es\/wp-json\/wp\/v2\/users\/2"}],"replies":[{"embeddable":true,"href":"https:\/\/www.europesays.com\/es\/wp-json\/wp\/v2\/comments?post=153378"}],"version-history":[{"count":0,"href":"https:\/\/www.europesays.com\/es\/wp-json\/wp\/v2\/posts\/153378\/revisions"}],"wp:featuredmedia":[{"embeddable":true,"href":"https:\/\/www.europesays.com\/es\/wp-json\/wp\/v2\/media\/153379"}],"wp:attachment":[{"href":"https:\/\/www.europesays.com\/es\/wp-json\/wp\/v2\/media?parent=153378"}],"wp:term":[{"taxonomy":"category","embeddable":true,"href":"https:\/\/www.europesays.com\/es\/wp-json\/wp\/v2\/categories?post=153378"},{"taxonomy":"post_tag","embeddable":true,"href":"https:\/\/www.europesays.com\/es\/wp-json\/wp\/v2\/tags?post=153378"}],"curies":[{"name":"wp","href":"https:\/\/api.w.org\/{rel}","templated":true}]}}