{"id":153380,"date":"2025-10-02T19:23:08","date_gmt":"2025-10-02T19:23:08","guid":{"rendered":"https:\/\/www.europesays.com\/es\/153380\/"},"modified":"2025-10-02T19:23:08","modified_gmt":"2025-10-02T19:23:08","slug":"crean-el-reparoma-humano-un-catalogo-de-cicatrices-en-el-adn-que-permitira-tratamientos-personalizados-servimedia","status":"publish","type":"post","link":"https:\/\/www.europesays.com\/es\/153380\/","title":{"rendered":"Crean el \u2018reparoma humano\u2019, un cat\u00e1logo de cicatrices en el ADN que permitir\u00e1 tratamientos personalizados &#8211; Servimedia"},"content":{"rendered":"<ol>\n<li><a href=\"https:\/\/news.google.com\/rss\/articles\/CBMiyAFBVV95cUxPQnVUY2hXV0pjRGlDZFRpenZSejZkSEZGeVN0MWZyVWR1V0RLTVAzNy1ZY09jaXhUVFBWQkRZMl8teDl1ZGpod25fbDlWQVlSaWQtc3BOWjNQSk5KMHc5TVVwZU5TRWgwTTVUMjl5a0YwN2dvVTV0bGZDSlFISUdCTVJNN19ST2twaHd0QWlhdXhFeFR4eHZzTldPcjBoQ2o4aW5zdUMxbTNFa09KWXhybmFxVTJTN29VZFo4QmxiQlVidGhncUxzVA?oc=5\" target=\"_blank\" rel=\"nofollow noopener\">Crean el \u2018reparoma humano\u2019, un cat\u00e1logo de cicatrices en el ADN que permitir\u00e1 tratamientos personalizados<\/a>&nbsp;&nbsp;Servimedia<\/li>\n<li><a href=\"https:\/\/news.google.com\/rss\/articles\/CBMijgFBVV95cUxPcUNVMFp5bWZoaVNKTVBJSG9LMjFJc281TE8tMF9oQlRrU2s0b1dNeWQyV2pUMjdxcHU0aVd6N2dPeTV0TExSaUt4bG1oVnFiWUZpejFGcVFoZ191THJxSEtZQm1mNnE0VTJwQndGV0lZWFFBY21mRnljdXBQNXl1Y1lBOHhtQTgtNVN4eWN30gGOAUFVX3lxTFBhaGdfYnpEMnNtUDBOWTNhamF2STRyYk44bWFsWEtjWTBOWUZvd1QwS2VUR29VYmZCYWZRR0FkTW1YbF9GRkNWVVB1VDV3NkpFRlJIcFNUR3N1Vjd3a1FucUVvSmFwV0x1SHltSUhpQ01wYWpGZlhGNkowcnpZUGk4cm1RUmNVQzkwRDBFWlE?oc=5\" target=\"_blank\" rel=\"nofollow noopener\">Investigadores espa\u00f1oles elaboran un cat\u00e1logo de &#8216;cicatrices&#8217; en el ADN que ayudar\u00e1 a personalizar terapias contra el c\u00e1ncer<\/a>&nbsp;&nbsp;El Mundo<\/li>\n<li><a href=\"https:\/\/news.google.com\/rss\/articles\/CBMi9gFBVV95cUxOcWRnUkxVMmJOdkZuRXpGQ3BxZF9uOUFZN3ZNY3NtSEJHdFJiN2dKd1VNRzA3U1FNUWp5eVJGekJpbHVhVk5FRTc0WFI3RGdDa2MxVi13ck1vMTVPNGloNUxHYk9rbi0wRkliZUwxaUs0VU5jdjZYTFZfSHBESnIzXzVqeVpfM0pKM1RlUFFDQ19zelRIa2FJNVdCQnNqTkFndWVTY3pSUEU5NzNid1FXM3NzYjFaa3BtS1NDa1Z0SHlBbjA3bTVab0VVejNGdEt0NDhrTV9iWW54TEp6RlZ1VVk4QklvVVhiUGtMZjItWXZUTkxGMGfSAfsBQVVfeXFMT1NPdVpLWUU5WmQ1Q0RKbVBGZjdYSk9lLVdhUDZneVZnS1dEczQ4U0tLNGprcmtGQWtBaUNyNlFYRmhlZHVXdTBDOGg1dVVnQThSS3FXUWxYN1V2N19DSllTZkR2bGVaYUVJSVhrZGROb3pKQWZTS21na0xkZDhSVjNGcTU2ZUl4Rk9zUlJQTmQ3d013ZlY2Rm9IMk9OaEg5LUdaZFZOVTRtMmd4NVJMMURLYkdhbHNjbWFnRXA1cWpHb1ZZdnFjSm9mdGMyeHZLckVOcHpIVlJRWmpuV2l1aEFCM1p2cDlraFdNWTdxYWRCdFNlVzQ3Ri15MkU?oc=5\" target=\"_blank\" rel=\"nofollow noopener\">Crean el &#8216;reparoma humano&#8217;, un cat\u00e1logo de cicatrices en el ADN que permitir\u00e1 tratamientos personalizados<\/a>&nbsp;&nbsp;La Vanguardia<\/li>\n<li><a href=\"https:\/\/news.google.com\/rss\/articles\/CBMizgFBVV95cUxOQVR1dTQ2SV92bkl4N3RVNTkzdnItUEliUjF2dzc2U0pLSDBDWEF1WEUwZWpIMWpuVWRubTFHOV83MDM5bl9USzZtdW8tWVZvWEVzY1kyaEFwNm9INnEzOTFFZUdGNzhmZjNPa0p1dWp1OFpmeDhhay1KTmhxNnAyRGVVSjNXQlotSFNWVnRTaVhYT1FpNU95M1h3WDE5djJYQXljTHZiTU9kY2VXZHd0TUU4YWFVa2l0YXlKNUZSb2hmS2piSks0eldOTWdzUQ?oc=5\" target=\"_blank\" rel=\"nofollow noopener\">Un cat\u00e1logo de &#8216;cicatrices&#8217; del ADN ayudar\u00e1 a dise\u00f1ar nuevas terapias personalizadas contra el c\u00e1ncer<\/a>&nbsp;&nbsp;20Minutos<\/li>\n<li><a href=\"https:\/\/news.google.com\/rss\/articles\/CBMi5gFBVV95cUxNVmktYXBEXzNXLXRDRWxocGJnanFxM0FMcjU2WlZVaF9MbnNPWFE1aktpS3lXeVRFX2R0WllhMTFrREVYUHVTRk90cUFKNERSUC1CemdheUIzTEJBaGVIaU1TRVZlbk5pUTJpUHRYZFBqRWlVODFTcnBIT1ZHYm1RVlFFT0h6VlgxYXh5ZTdPTDl4eGp0RmU3b0s5NkFMTGxlZ0c2UFNsaVVydmZZMmEzTmlqaXhpNElqNUNPeldoTm1JWnJsYjdFb3o1X1ByWXY0cmJReGtGYWU4TmM2emFUZ2xCdjBfUQ?oc=5\" target=\"_blank\" rel=\"nofollow noopener\">Un cat\u00e1logo de las \u2018cicatrices\u2019 en el ADN alumbra un camino para sortear las resistencias del c\u00e1ncer<\/a>&nbsp;&nbsp;EL PA\u00cdS<\/li>\n<\/ol>\n","protected":false},"excerpt":{"rendered":"Crean el \u2018reparoma humano\u2019, un cat\u00e1logo de cicatrices en el ADN que permitir\u00e1 tratamientos personalizados&nbsp;&nbsp;Servimedia Investigadores espa\u00f1oles elaboran&hellip;\n","protected":false},"author":2,"featured_media":153381,"comment_status":"","ping_status":"","sticky":false,"template":"","format":"standard","meta":{"footnotes":""},"categories":[92],"tags":[8681,1066,46242,11307,25,24,165,166,492,23,1064],"class_list":{"0":"post-153380","1":"post","2":"type-post","3":"status-publish","4":"format-standard","5":"has-post-thumbnail","7":"category-salud","8":"tag-adn","9":"tag-cancer","10":"tag-cicatrices","11":"tag-cnio","12":"tag-es","13":"tag-espana","14":"tag-health","15":"tag-salud","16":"tag-sociedad","17":"tag-spain","18":"tag-tratamiento"},"share_on_mastodon":{"url":"","error":""},"_links":{"self":[{"href":"https:\/\/www.europesays.com\/es\/wp-json\/wp\/v2\/posts\/153380","targetHints":{"allow":["GET"]}}],"collection":[{"href":"https:\/\/www.europesays.com\/es\/wp-json\/wp\/v2\/posts"}],"about":[{"href":"https:\/\/www.europesays.com\/es\/wp-json\/wp\/v2\/types\/post"}],"author":[{"embeddable":true,"href":"https:\/\/www.europesays.com\/es\/wp-json\/wp\/v2\/users\/2"}],"replies":[{"embeddable":true,"href":"https:\/\/www.europesays.com\/es\/wp-json\/wp\/v2\/comments?post=153380"}],"version-history":[{"count":0,"href":"https:\/\/www.europesays.com\/es\/wp-json\/wp\/v2\/posts\/153380\/revisions"}],"wp:featuredmedia":[{"embeddable":true,"href":"https:\/\/www.europesays.com\/es\/wp-json\/wp\/v2\/media\/153381"}],"wp:attachment":[{"href":"https:\/\/www.europesays.com\/es\/wp-json\/wp\/v2\/media?parent=153380"}],"wp:term":[{"taxonomy":"category","embeddable":true,"href":"https:\/\/www.europesays.com\/es\/wp-json\/wp\/v2\/categories?post=153380"},{"taxonomy":"post_tag","embeddable":true,"href":"https:\/\/www.europesays.com\/es\/wp-json\/wp\/v2\/tags?post=153380"}],"curies":[{"name":"wp","href":"https:\/\/api.w.org\/{rel}","templated":true}]}}