{"id":153388,"date":"2025-10-02T19:28:13","date_gmt":"2025-10-02T19:28:13","guid":{"rendered":"https:\/\/www.europesays.com\/es\/153388\/"},"modified":"2025-10-02T19:28:13","modified_gmt":"2025-10-02T19:28:13","slug":"existe-o-no-el-sindrome-postaborto-sobre-el-que-informara-el-ayuntamiento-de-madrid-el-termino-como-diagnostico-no-esta-aceptado","status":"publish","type":"post","link":"https:\/\/www.europesays.com\/es\/153388\/","title":{"rendered":"Existe o no el &#8216;s\u00edndrome postaborto&#8217; sobre el que informar\u00e1 el Ayuntamiento de Madrid: \u00abEl t\u00e9rmino como diagn\u00f3stico no est\u00e1 aceptado\u00bb"},"content":{"rendered":"<p class=\"articleParagraph\">El Pleno de Cibeles debati\u00f3 este martes una propuesta de Vox para informar en los centros dependientes del Ayuntamiento de Madrid sobre el<b> &#8216;s\u00edndrome postaborto&#8217;<\/b>. Dicha propuesta se aprob\u00f3 el mi\u00e9rcoles con los votos a favor de PP y Vox y los votos en contra de PSOE y M\u00e1s Madrid.<\/p>\n<p class=\"articleParagraph\">La concejala de Vox, Carla Toscano, defini\u00f3 dicho s\u00edndrome como aquel que provocaba \u00ab<b>depresi\u00f3n<\/b>, un profundo sentimiento de <b>culpa<\/b>, <b>aislamiento<\/b>, <b>im\u00e1genes <\/b>recurrentes, <b>pesadillas<\/b>, <b>insomnio<\/b>, <b>alcoholismo<\/b>, <b>anorexia<\/b>, <b>bulimia<\/b>, <b>disfunciones sexuales<\/b>, <b>autolesiones<\/b>, <b>agresividad <\/b>y una tasa de <b>hospitalizaci\u00f3n <\/b>por problemas psiqui\u00e1tricos que duplica a la de las mujeres que no han abortado\u00bb.<\/p>\n<p class=\"articleParagraph\">La pol\u00e9mica ha sido tan grande que el alcalde de Madrid, Jos\u00e9 Luis Mart\u00ednez <a title=\"Almeida ha reconocido este jueves que el &#039;s\u00edndrome postaborto&#039; no es una &quot;categor\u00eda cient\u00edfica reconocida&quot;\" href=\"https:\/\/www.ondacero.es\/emisoras\/comunidad-madrid\/madrid\/noticias\/almeida-reconoce-que-sindrome-postaborto-categoria-cientifica-reconocida_2025100268de4e5a6c793a7e69894c5a.html\" target=\"_blank\" rel=\"nofollow noopener\">Almeida ha reconocido este jueves que el &#8216;s\u00edndrome postaborto&#8217; no es una \u00abcategor\u00eda cient\u00edfica reconocida\u00bb<\/a> y ha dejado claro que no se \u00abobligar\u00e1\u00bb a las mujeres a recibir \u00abning\u00fan tipo de informaci\u00f3n\u00bb que no quiera.<\/p>\n<p class=\"articleParagraph\">\u00ab<b>Apoyar que se d\u00e9 informaci\u00f3n a las mujeres no es apoyar el argumentario que utiliza Vox<\/b>, creo que debemos saber distinguir. Creo que nadie duda de que las mujeres tienen la madurez suficiente para recibir aquella informaci\u00f3n que ellas estimen adecuada\u00bb, ha apuntado, insistiendo en que lo que se va a hacer es \u00abponer a disposici\u00f3n de una mujer que se va a someter a una intervenci\u00f3n quir\u00fargica si quiere disponer de esa informaci\u00f3n\u00bb.<\/p>\n<p>\u00bfExiste o no el &#8216;s\u00edndrome postaborto&#8217;?<\/p>\n<p class=\"articleParagraph\">Pero, \u00bfexiste o no ese &#8216;s\u00edndrome postaborto&#8217; del que habla Vox? El portavoz de la <b>Sociedad Espa\u00f1ola de Psiquiatr\u00eda y Salud Mental (SEPSM)<\/b>, <b>Juan Carlos Pascual<\/b>, ha explicado en Onda Cero que \u00abel t\u00e9rmino como tal <b>no est\u00e1 aceptado como un diagn\u00f3stico<\/b>\u00ab, pero que s\u00ed se han encontrado mujeres que han hecho una interrupci\u00f3n del embarazo por diferentes motivos y pueden tener una<b> \u00abcl\u00ednica reactiva\u00bb<\/b>. Es lo que ellos llaman <b>\u00abtrastorno adaptativo\u00bb<\/b> y se refiere a un duelo por la p\u00e9rdida de un ser querido que, generalmente, se suele dar en mujeres que han sufrido un aborto cuando<b> quer\u00edan llevar a t\u00e9rmino el embarazo<\/b>.<\/p>\n<p class=\"articleParagraph\">En casos de interrupci\u00f3n voluntaria de un embarazo, pueden aparecer s\u00edntomas como <b>\u00abansiedad, ambivalencia, dudas o, incluso, culpa\u00bb<\/b>, <b>pero \u00abno es frecuente\u00bb<\/b> y, de hecho, \u00abla mayor\u00eda de mujeres no tienen cl\u00ednica\u00bb. \u00abLas que tienen muy claro que quieren abortar, mayoritariamente no van a tener cl\u00ednica de ning\u00fan tipo. Incluso, puede haber <b>liberaci\u00f3n y tranquilidad<\/b>. A algunas les puede surgir duda porque, aunque lo tengas claro, puede haber cierta ambig\u00fcedad y cierto sentimiento de culpa, pero no es nada frecuente\u00bb.<\/p>\n<p class=\"articleParagraph\">S\u00ed destaca el desarrollo de una <b>\u00abcl\u00ednica ansioso depresiva\u00bb en mujeres que quieren llevar a t\u00e9rmino su embarazo, pero no pueden<\/b> por complicaciones, problemas o situaciones dif\u00edciles tanto personales como familiares. O en los casos en los que el <b>procedimiento de aborto ha resultado muy traum\u00e1tico<\/b>: \u00abPueden desarrollar un trastorno de estr\u00e9s postraum\u00e1tico y tener s\u00edntomas en relaci\u00f3n a ese trauma, como flashbacks, pesadillas o conductas evitativas, pero no utilizamos el t\u00e9rmino &#8216;s\u00edndrome postaborto'\u00bb.<\/p>\n<p>\u00abMuchas dificultades adaptativas\u00bb al llevar a t\u00e9rmino un embarazo no deseado<\/p>\n<p class=\"articleParagraph\">En opini\u00f3n del doctor Pascual, lo que s\u00ed puede generar \u00abmuchas dificultades adaptativas\u00bb es llevar a t\u00e9rmino un embarazo no deseado: \u00abPocas veces un aborto en un embarazo no deseado da cl\u00ednica, pero llevar a t\u00e9rmino uno no deseado, s\u00ed va a dar mucha cl\u00ednica\u00bb.<\/p>\n<p class=\"articleParagraph\">Respecto a c\u00f3mo pueden reaccionar las mujeres que tengan clara la interrupci\u00f3n de su embarazo y <b>reciban la informaci\u00f3n tal y como la concibe Vox<\/b>, el experto ha asegurado que no cree que vaya a generar problemas de salud mental \u00abrecibir esa informaci\u00f3n si se recibe de manera razonada, coherente y con sentido com\u00fan [&#8230;]. <b>No deber\u00eda provocar un gran cataclismo emocional<\/b>\u00ab.<\/p>\n<p class=\"articleParagraph\">\u00abDarle informaci\u00f3n a una persona tampoco le deber\u00eda generar grandes dificultades si se lo hace un profesional y bien. Nosotros tenemos las <b>Unidades de Perinatal de Salud Mental<\/b>, que son profesionales que atienden a la mujer que tiene problemas de salud mental en el contexto de un embarazo, parto o postparto. Son profesionales que saben gestionar las dificultades intr\u00ednsecas de esa situaci\u00f3n. Con lo cual, cuando hay dudas, cl\u00ednica o problemas, tenemos profesionales altamente especializados que pueden dar soporte a esa persona\u00bb, ha explicado.<\/p>\n<p class=\"articleParagraph\">Por lo tanto, <b>si alguna mujer tiene alguna dificultad de salud mental<\/b>, \u00abdeber\u00eda recibir asesoramiento de las Unidades Perinatales de Salud Mental, que son profesionales que saben atender ese perfil espec\u00edfico de paciente y saben gestionar las dificultades que puede haber durante el proceso de embarazo, aborto o postparto\u00bb.<\/p>\n","protected":false},"excerpt":{"rendered":"El Pleno de Cibeles debati\u00f3 este martes una propuesta de Vox para informar en los centros dependientes del&hellip;\n","protected":false},"author":2,"featured_media":153389,"comment_status":"","ping_status":"","sticky":false,"template":"","format":"standard","meta":{"footnotes":""},"categories":[8],"tags":[17,18,25,24,13,14,11,19,20,9,10,15,16,23,12,21,22],"class_list":{"0":"post-153388","1":"post","2":"type-post","3":"status-publish","4":"format-standard","5":"has-post-thumbnail","7":"category-espana","8":"tag-breaking-news","9":"tag-breakingnews","10":"tag-es","11":"tag-espana","12":"tag-featured-news","13":"tag-featurednews","14":"tag-headlines","15":"tag-latest-news","16":"tag-latestnews","17":"tag-news","18":"tag-noticias","19":"tag-noticias-destacadas","20":"tag-noticiasdestacadas","21":"tag-spain","22":"tag-titulares","23":"tag-ultimas-noticias","24":"tag-ultimasnoticias"},"share_on_mastodon":{"url":"","error":""},"_links":{"self":[{"href":"https:\/\/www.europesays.com\/es\/wp-json\/wp\/v2\/posts\/153388","targetHints":{"allow":["GET"]}}],"collection":[{"href":"https:\/\/www.europesays.com\/es\/wp-json\/wp\/v2\/posts"}],"about":[{"href":"https:\/\/www.europesays.com\/es\/wp-json\/wp\/v2\/types\/post"}],"author":[{"embeddable":true,"href":"https:\/\/www.europesays.com\/es\/wp-json\/wp\/v2\/users\/2"}],"replies":[{"embeddable":true,"href":"https:\/\/www.europesays.com\/es\/wp-json\/wp\/v2\/comments?post=153388"}],"version-history":[{"count":0,"href":"https:\/\/www.europesays.com\/es\/wp-json\/wp\/v2\/posts\/153388\/revisions"}],"wp:featuredmedia":[{"embeddable":true,"href":"https:\/\/www.europesays.com\/es\/wp-json\/wp\/v2\/media\/153389"}],"wp:attachment":[{"href":"https:\/\/www.europesays.com\/es\/wp-json\/wp\/v2\/media?parent=153388"}],"wp:term":[{"taxonomy":"category","embeddable":true,"href":"https:\/\/www.europesays.com\/es\/wp-json\/wp\/v2\/categories?post=153388"},{"taxonomy":"post_tag","embeddable":true,"href":"https:\/\/www.europesays.com\/es\/wp-json\/wp\/v2\/tags?post=153388"}],"curies":[{"name":"wp","href":"https:\/\/api.w.org\/{rel}","templated":true}]}}