{"id":153390,"date":"2025-10-02T19:29:30","date_gmt":"2025-10-02T19:29:30","guid":{"rendered":"https:\/\/www.europesays.com\/es\/153390\/"},"modified":"2025-10-02T19:29:30","modified_gmt":"2025-10-02T19:29:30","slug":"portal-de-noticias-del-gobierno-de-canarias-160","status":"publish","type":"post","link":"https:\/\/www.europesays.com\/es\/153390\/","title":{"rendered":"Portal de Noticias del Gobierno de Canarias"},"content":{"rendered":"<blockquote>\n<p>El paro de larga duraci\u00f3n se sit\u00faa en 67.304 personas, alcanzando su nivel m\u00e1s bajo desde febrero de 2009<\/p>\n<p>\u201cLas personas de 45 a\u00f1os o m\u00e1s alcanzan la cifra m\u00e1s baja desde marzo de 2010, con 91.266 demandantes\u201d, asegura la viceconsejera de Empleo, Isabel Le\u00f3n<\/p>\n<\/blockquote>\n<p><strong>El n\u00famero de personas desempleadas en Canarias descendi\u00f3 en septiembre en 4.842 personas (-3,22%) con respecto al mes de agosto, situ\u00e1ndose el total en 145.373 demandantes de empleo. En t\u00e9rminos interanuales, la reducci\u00f3n alcanz\u00f3 las 13.297 personas (-8,38%).<\/strong><\/p>\n<p>\u201cSe trata de la cifra m\u00e1s baja desde 2007\u201d, destac\u00f3 la viceconsejera de Empleo del Gobierno de Canarias, Isabel Le\u00f3n, quien subray\u00f3 la importancia de este descenso y los avances en la creaci\u00f3n de empleo.<\/p>\n<p>La viceconsejera destac\u00f3 tambi\u00e9n la evoluci\u00f3n por grupos de edad. \u201cLas personas de 45 a\u00f1os o m\u00e1s, que tradicionalmente concentran el mayor volumen de paro, alcanzan ahora la cifra m\u00e1s baja desde marzo de 2010, con 91.266 demandantes\u201d. En este colectivo, el desempleo sigue mostrando una evoluci\u00f3n positiva, con 2.490 personas menos que el mes anterior y 7.965 frente al mismo periodo del pasado a\u00f1o.<\/p>\n<p>Para el grupo de 25 a 45 a\u00f1os, la evoluci\u00f3n contin\u00faa siendo favorable con un descenso de 2.766 personas (-5,64%) en el \u00faltimo mes y de 4.455 (-8,78%) en la comparativa interanual.<\/p>\n<p>Entre los menores de 25 a\u00f1os, si bien se registr\u00f3 un ligero aumento mensual de 414 personas (+5,60%), \u201cla evoluci\u00f3n interanual muestra una tendencia claramente positiva, con una reducci\u00f3n de 877 personas (-10,09%), reflejando una mejora sostenida en el desempleo juvenil respecto al a\u00f1o pasado\u201d, indica Isabel Le\u00f3n.<\/p>\n<p>En cuanto al paro de larga duraci\u00f3n, se sit\u00faa en 67.304 personas, alcanzando su nivel m\u00e1s bajo desde febrero de 2009, con una disminuci\u00f3n de 921 personas (-1,35%) respecto al mes anterior y 6.729 (-9,09%) en el \u00faltimo a\u00f1o.<\/p>\n<p>La afiliaci\u00f3n a la Seguridad Social marc\u00f3 un nuevo r\u00e9cord en Canarias con 945.251 personas, mientras que el emprendimiento se consolida con la mayor cifra hist\u00f3rica de 145.600 personas trabajadoras aut\u00f3nomas en las islas.<\/p>\n<p>Por su parte, la directora del Servicio Canario de Empleo (SCE), Mar\u00eda Teresa Ortega, valor\u00f3 el repunte en la contrataci\u00f3n registrado en septiembre. \u201cSe firmaron 67.441 contratos, lo que supone 9.900 m\u00e1s (17,21%) que el mes anterior. Nuestro objetivo es continuar fortaleciendo el mercado de trabajo implementando pol\u00edticas de empleo y formaci\u00f3n\u201d, se\u00f1al\u00f3.<\/p>\n<p>Por sectores econ\u00f3micos y en t\u00e9rminos absolutos, el mayor retroceso del paro se registr\u00f3 en el Resto de Servicios (3.560 menos, -4,94%) y en el Comercio (663 menos, -2,67%). Tambi\u00e9n se produjeron bajadas en la Hosteler\u00eda (356 menos, -1,60%), la Construcci\u00f3n (290 menos, -2,31%), la Industria (176 menos, -3,25%) y la Agricultura (117 menos, -4,84%).<\/p>\n<p>En la comparativa con septiembre de 2024, todos los sectores econ\u00f3micos de Canarias muestran un comportamiento positivo. Las mayores reducciones en t\u00e9rminos porcentuales se produjeron en la Agricultura (-14,85%) y la Construcci\u00f3n (-13,77%), seguidas por la Industria (-9,35%), la Hosteler\u00eda (-6,85%), el Comercio (-6,52%) y el conjunto del Resto de Servicios (-7,23%).<\/p>\n<p>En septiembre, el paro descendi\u00f3 en todas las islas con los mayores retrocesos en Gran Canaria (2.263 menos, 3,45%), Tenerife (2.003 menos, 3,09%) y Lanzarote (313 menos, 4,42%). Tambi\u00e9n baj\u00f3 en La Palma (131 menos, 2,27%), Fuerteventura (109 menos, 1,96%), La Gomera (22 menos, 2,45%) y El Hierro (1 menos, 0,18%). En la comparativa anual, todas las islas mantienen una evoluci\u00f3n favorable del desempleo.<\/p>\n","protected":false},"excerpt":{"rendered":"El paro de larga duraci\u00f3n se sit\u00faa en 67.304 personas, alcanzando su nivel m\u00e1s bajo desde febrero de&hellip;\n","protected":false},"author":2,"featured_media":153391,"comment_status":"","ping_status":"","sticky":false,"template":"","format":"standard","meta":{"footnotes":""},"categories":[5],"tags":[17,18,25,24,13,14,11,19,20,9,10,15,16,23,12,21,22],"class_list":{"0":"post-153390","1":"post","2":"type-post","3":"status-publish","4":"format-standard","5":"has-post-thumbnail","7":"category-titulares","8":"tag-breaking-news","9":"tag-breakingnews","10":"tag-es","11":"tag-espana","12":"tag-featured-news","13":"tag-featurednews","14":"tag-headlines","15":"tag-latest-news","16":"tag-latestnews","17":"tag-news","18":"tag-noticias","19":"tag-noticias-destacadas","20":"tag-noticiasdestacadas","21":"tag-spain","22":"tag-titulares","23":"tag-ultimas-noticias","24":"tag-ultimasnoticias"},"share_on_mastodon":{"url":"","error":""},"_links":{"self":[{"href":"https:\/\/www.europesays.com\/es\/wp-json\/wp\/v2\/posts\/153390","targetHints":{"allow":["GET"]}}],"collection":[{"href":"https:\/\/www.europesays.com\/es\/wp-json\/wp\/v2\/posts"}],"about":[{"href":"https:\/\/www.europesays.com\/es\/wp-json\/wp\/v2\/types\/post"}],"author":[{"embeddable":true,"href":"https:\/\/www.europesays.com\/es\/wp-json\/wp\/v2\/users\/2"}],"replies":[{"embeddable":true,"href":"https:\/\/www.europesays.com\/es\/wp-json\/wp\/v2\/comments?post=153390"}],"version-history":[{"count":0,"href":"https:\/\/www.europesays.com\/es\/wp-json\/wp\/v2\/posts\/153390\/revisions"}],"wp:featuredmedia":[{"embeddable":true,"href":"https:\/\/www.europesays.com\/es\/wp-json\/wp\/v2\/media\/153391"}],"wp:attachment":[{"href":"https:\/\/www.europesays.com\/es\/wp-json\/wp\/v2\/media?parent=153390"}],"wp:term":[{"taxonomy":"category","embeddable":true,"href":"https:\/\/www.europesays.com\/es\/wp-json\/wp\/v2\/categories?post=153390"},{"taxonomy":"post_tag","embeddable":true,"href":"https:\/\/www.europesays.com\/es\/wp-json\/wp\/v2\/tags?post=153390"}],"curies":[{"name":"wp","href":"https:\/\/api.w.org\/{rel}","templated":true}]}}